{"id":1274922,"date":"2026-09-02T02:42:28","date_gmt":"2026-09-02T02:42:28","guid":{"rendered":"https:\/\/www.europesays.com\/de\/1274922\/"},"modified":"2026-09-02T02:42:28","modified_gmt":"2026-09-02T02:42:28","slug":"werder-bremen-gibt-mbangula-an-bologna-ab","status":"publish","type":"post","link":"https:\/\/www.europesays.com\/de\/1274922\/","title":{"rendered":"Werder Bremen gibt Mbangula an Bologna ab"},"content":{"rendered":"<p>Am Deadline-Day des Sommer-Transferfensters vermeldet der SV Werder Bremen einen weiteren Abgang im Profikader: Fl\u00fcgelst\u00fcrmer Samuel Mbangula verl\u00e4sst Bremen mit sofortiger Wirkung und schlie\u00dft sich auf Leihbasis dem italienischen Erstligisten FC Bologna an.<\/p>\n<p>Wie der Verein am Dienstag offiziell best\u00e4tigte, einigten sich beide Klubs zudem auf eine Kaufoption f\u00fcr den 22-j\u00e4hrigen Offensivakteur. Peter Niemeyer, Leiter Profifu\u00dfball, ordnete den Wechsel offen ein und blickte auf die zur\u00fcckliegende Zeit des Belgiers in Bremen: \u201eSamuel hatte ein schwieriges erstes Jahr bei uns. Jetzt hat sich kurzfristig eine M\u00f6glichkeit ergeben, die f\u00fcr alle Beteiligten die aktuell beste L\u00f6sung ist.\u201c<\/p>\n<p>Mbangula war im Sommer 2025 von Juventus Turin an die Weser gewechselt. Mit dem Wechsel nach Bologna kehrt der Au\u00dfenbahnspieler nun in die italienische Liga zur\u00fcck, um dort einen Neustart zu wagen.<\/p>\n<p><\/p>\n<p>LIGAINSIDER-DURCHSCHNITTSNOTE in den letzten VIER Jahren<\/p>\n","protected":false},"excerpt":{"rendered":"Am Deadline-Day des Sommer-Transferfensters vermeldet der SV Werder Bremen einen weiteren Abgang im Profikader: Fl\u00fcgelst\u00fcrmer Samuel Mbangula verl\u00e4sst&hellip;\n","protected":false},"author":2,"featured_media":1190275,"comment_status":"","ping_status":"","sticky":false,"template":"","format":"standard","meta":{"footnotes":"","_share_on_mastodon":"0"},"categories":[1824],"tags":[4808,135737,2217,2420,3364,29,347,30,5420,15,5422,79676,265,924,1288,2627,5421],"class_list":["post-1274922","post","type-post","status-publish","format-standard","has-post-thumbnail","category-bremen","tag-1-bundesliga","tag-2026-27","tag-bilanz","tag-bremen","tag-de","tag-deutschland","tag-fussball","tag-germany","tag-linke-aussenbahn","tag-news","tag-quote","tag-samuel-mbangula","tag-sport","tag-statistik","tag-transfers","tag-verletzungen","tag-wechsel"],"share_on_mastodon":{"url":"https:\/\/pubeurope.com\/@de\/117199145997702629","error":""},"_links":{"self":[{"href":"https:\/\/www.europesays.com\/de\/wp-json\/wp\/v2\/posts\/1274922","targetHints":{"allow":["GET"]}}],"collection":[{"href":"https:\/\/www.europesays.com\/de\/wp-json\/wp\/v2\/posts"}],"about":[{"href":"https:\/\/www.europesays.com\/de\/wp-json\/wp\/v2\/types\/post"}],"author":[{"embeddable":true,"href":"https:\/\/www.europesays.com\/de\/wp-json\/wp\/v2\/users\/2"}],"replies":[{"embeddable":true,"href":"https:\/\/www.europesays.com\/de\/wp-json\/wp\/v2\/comments?post=1274922"}],"version-history":[{"count":0,"href":"https:\/\/www.europesays.com\/de\/wp-json\/wp\/v2\/posts\/1274922\/revisions"}],"wp:featuredmedia":[{"embeddable":true,"href":"https:\/\/www.europesays.com\/de\/wp-json\/wp\/v2\/media\/1190275"}],"wp:attachment":[{"href":"https:\/\/www.europesays.com\/de\/wp-json\/wp\/v2\/media?parent=1274922"}],"wp:term":[{"taxonomy":"category","embeddable":true,"href":"https:\/\/www.europesays.com\/de\/wp-json\/wp\/v2\/categories?post=1274922"},{"taxonomy":"post_tag","embeddable":true,"href":"https:\/\/www.europesays.com\/de\/wp-json\/wp\/v2\/tags?post=1274922"}],"curies":[{"name":"wp","href":"https:\/\/api.w.org\/{rel}","templated":true}]}}