{"id":1274939,"date":"2026-09-02T02:55:22","date_gmt":"2026-09-02T02:55:22","guid":{"rendered":"https:\/\/www.europesays.com\/de\/1274939\/"},"modified":"2026-09-02T02:55:22","modified_gmt":"2026-09-02T02:55:22","slug":"bei-arbeiten-im-keller-bricht-ein-brand-aus","status":"publish","type":"post","link":"https:\/\/www.europesays.com\/de\/1274939\/","title":{"rendered":"Bei Arbeiten im Keller bricht ein Brand aus"},"content":{"rendered":"<p><strong>Kornwestheim<\/strong> (p). Vermutlich bei Sanierungsarbeiten in einem leerstehenden Wohnhaus in der Hauffstra\u00dfe in Kornwestheim ist am Montag gegen 14.40 Uhr ein Feuer ausgebrochen. Wie das Polizeipr\u00e4sidium Ludwigsburg mitteilt, entstand der Brand wohl bei Arbeiten mit einem elektrischen Ger\u00e4t im Keller des Hauses, woraufhin dichter Rauch durch alle Stockwerke zog. Verletzt wurde den derzeitigen Erkenntnissen zufolge niemand.<\/p>\n","protected":false},"excerpt":{"rendered":"Kornwestheim (p). Vermutlich bei Sanierungsarbeiten in einem leerstehenden Wohnhaus in der Hauffstra\u00dfe in Kornwestheim ist am Montag gegen&hellip;\n","protected":false},"author":2,"featured_media":66707,"comment_status":"","ping_status":"","sticky":false,"template":"","format":"standard","meta":{"footnotes":"","_share_on_mastodon":"0"},"categories":[1830],"tags":[1634,3364,29,30,1441],"class_list":["post-1274939","post","type-post","status-publish","format-standard","has-post-thumbnail","category-stuttgart","tag-baden-wuerttemberg","tag-de","tag-deutschland","tag-germany","tag-stuttgart"],"share_on_mastodon":{"url":"https:\/\/pubeurope.com\/@de\/117199197120630889","error":""},"_links":{"self":[{"href":"https:\/\/www.europesays.com\/de\/wp-json\/wp\/v2\/posts\/1274939","targetHints":{"allow":["GET"]}}],"collection":[{"href":"https:\/\/www.europesays.com\/de\/wp-json\/wp\/v2\/posts"}],"about":[{"href":"https:\/\/www.europesays.com\/de\/wp-json\/wp\/v2\/types\/post"}],"author":[{"embeddable":true,"href":"https:\/\/www.europesays.com\/de\/wp-json\/wp\/v2\/users\/2"}],"replies":[{"embeddable":true,"href":"https:\/\/www.europesays.com\/de\/wp-json\/wp\/v2\/comments?post=1274939"}],"version-history":[{"count":0,"href":"https:\/\/www.europesays.com\/de\/wp-json\/wp\/v2\/posts\/1274939\/revisions"}],"wp:featuredmedia":[{"embeddable":true,"href":"https:\/\/www.europesays.com\/de\/wp-json\/wp\/v2\/media\/66707"}],"wp:attachment":[{"href":"https:\/\/www.europesays.com\/de\/wp-json\/wp\/v2\/media?parent=1274939"}],"wp:term":[{"taxonomy":"category","embeddable":true,"href":"https:\/\/www.europesays.com\/de\/wp-json\/wp\/v2\/categories?post=1274939"},{"taxonomy":"post_tag","embeddable":true,"href":"https:\/\/www.europesays.com\/de\/wp-json\/wp\/v2\/tags?post=1274939"}],"curies":[{"name":"wp","href":"https:\/\/api.w.org\/{rel}","templated":true}]}}