{"id":1274949,"date":"2026-09-02T03:01:21","date_gmt":"2026-09-02T03:01:21","guid":{"rendered":"https:\/\/www.europesays.com\/de\/1274949\/"},"modified":"2026-09-02T03:01:21","modified_gmt":"2026-09-02T03:01:21","slug":"robotaxis-in-muenchen-wie-waymo-und-momenta-bmw-beim-autonomen-fahren-unter-druck-setzen","status":"publish","type":"post","link":"https:\/\/www.europesays.com\/de\/1274949\/","title":{"rendered":"Robotaxis in M\u00fcnchen: Wie Waymo und Momenta BMW beim autonomen Fahren unter Druck setzen"},"content":{"rendered":"<p>Es ist gut m\u00f6glich, dass schon in ein paar Jahren Hunderte von Robotaxen ohne Fahrer vor der Haust\u00fcr von <a href=\"https:\/\/www.abendzeitung-muenchen.de\/organisation\/bmw\/\" rel=\"nofollow noopener\" target=\"_blank\">BMW<\/a> unterwegs sind. Doch werden diese Fahrzeuge nicht das Rundlogo der traditionsreichen Bayerischen Motorenwerke tragen, sondern andere aus den USA und aus China.<\/p>\n<p>Waymo, Tochter des US-amerikanischen Tech-Riesen Alphabet, und Momenta, Hightech-Unternehmen aus China, wollen demn\u00e4chst N\u00e4gel mit K\u00f6pfen machen. Waymo will seine autonom fahrenden Robotaxen schon bald in der bayerischen Landeshauptstadt zun\u00e4chst testweise auf die Stra\u00dfe bringen, Momenta hat bereits eine bundesweite Lizenz f\u00fcr autonome Testfahrten des Levels 4 in der Tasche und will ebenfalls in diesem Jahr zusammen mit dem Taxi-Betreiber Uber die ersten autonomen Pkw fahren lassen.<\/p>\n<p>Ausgerechnet M\u00fcnchen \u2013 ein Seitenhieb f\u00fcr BMW?<\/p>\n<p>Warum ausgerechnet in M\u00fcnchen? Man kann dar\u00fcber spekulieren, ob da auch ein Seitenhieb gegen den Premium-Autokonzern gesetzt werden soll. Bei BMW gibt man sich gelassen. Das Gesch\u00e4ft mit Robotaxen stehe &#8222;nicht im Fokus&#8220;, so ein Unternehmenssprecher und f\u00fchrt an, was gegen ein vertieftes Engagement f\u00fcr autonomes Fahren spricht: &#8222;Hohe Entwicklungs- und Betriebskosten, geringe Margen und mangelnder Fit (Passgenauigkeit, d. Red.) f\u00fcr die Marke BMW sprechen dagegen.&#8220;<\/p>\n<p>     <img decoding=\"async\" loading=\"lazy\" src=\"https:\/\/www.europesays.com\/de\/wp-content\/uploads\/2026\/09\/1736243_autofahren-in-der-zukunft-bmw-mit-qualcomm-testen-das-automatisierte-fahren_artikelbild-75pr.jpeg\" alt=\"2024: BMW  testet das automatisierte Fahren am Mittleren Ring in M\u00fcnchen.\" title=\"2024: BMW  testet das automatisierte Fahren am Mittleren Ring in M\u00fcnchen.\" width=\"609\" height=\"406\"\/><\/p>\n<p>      2024: BMW  testet das automatisierte Fahren am Mittleren Ring in M\u00fcnchen.<br \/>\n      \u00a9 IMAGO\/Rolf Poss<\/p>\n<p>    2024: BMW  testet das automatisierte Fahren am Mittleren Ring in M\u00fcnchen.<\/p>\n<p>von IMAGO\/Rolf Poss <\/p>\n<p>&#8222;}&#8220;&gt; <\/p>\n<p>BMW wolle keine Taxen betreiben, sondern irgendwann einmal autonomes Fahren f\u00fcr Privatautos anbieten, wenn die Zeit reif ist, l\u00e4sst sich den Ausk\u00fcnften entnehmen. Man stelle sicher, &#8222;dass wir f\u00fcr ein m\u00f6gliches Angebot in der Zukunft reaktionsf\u00e4hig sind&#8220;. Dieses m\u00fcsse &#8222;wirtschaftlich sowohl f\u00fcr den Kunden als auch unternehmerisch Sinn&#8220; machen.<\/p>\n<p>    Dudenh\u00f6ffer: Die M\u00fcnchner sind &#8222;zu langsam unterwegs&#8220;<\/p>\n<p>Ferdinand Dudenh\u00f6ffer, Direktor des &#8222;Car Institute Bochum&#8220;, h\u00e4lt diese Einstellung f\u00fcr fahrl\u00e4ssig: &#8222;BMW muss aufpassen, den Weg ins autonome Fahren nicht zu verpassen&#8220;, sagt der &#8222;Autopapst&#8220; auf AZ-Anfrage, denn die M\u00fcnchner seien schlicht &#8222;zu langsam unterwegs&#8220;. Der chinesische Wettbewerber Xiaomi, dessen Deutschland-Zentrale ebenfalls in M\u00fcnchen angesiedelt ist, werde schon bald zum &#8222;ganz gro\u00dfen Wettbewerber von BMW&#8220;.<\/p>\n<p>Die Chinesen gl\u00e4nzten mit der \u2013 auch autonomen \u2013 Technik von morgen zu Preisen, &#8222;von denen der BMW-Kunde nur tr\u00e4umen kann&#8220;, sagte Dudenh\u00f6ffer voraus. Das Auto selbst werde in Zukunft nicht mehr die Hauptrolle spielen, sondern der &#8222;Technik-Set&#8220;, also Sensoren, Lidars und Rechner, die Fahrbefehle autonom ausf\u00fchren. Schon jetzt w\u00fcrden in China &#8222;normale Autos&#8220; mit dem Technik-Set zu Robotaxen umgebaut.<\/p>\n<p>     <img decoding=\"async\" loading=\"lazy\" src=\"https:\/\/www.europesays.com\/de\/wp-content\/uploads\/2026\/09\/1736244_ferdinand-dudenhoeffer_artikelbild-75proz_1GBO-9_v056TC.jpg\" alt=\"Der &quot;Autopapst&quot; Ferdinand Dudenh\u00f6ffer.\" title=\"Der &quot;Autopapst&quot; Ferdinand Dudenh\u00f6ffer.\" width=\"609\" height=\"405\"\/><\/p>\n<p>      Der &#8222;Autopapst&#8220; Ferdinand Dudenh\u00f6ffer.<br \/>\n      \u00a9 Johannes Neudecker\/dpa<\/p>\n<p>    Der &#8222;Autopapst&#8220; Ferdinand Dudenh\u00f6ffer.<\/p>\n<p>von Johannes Neudecker\/dpa <\/p>\n<p>&#8222;}&#8220;&gt; <\/p>\n<p>Der Stellungnahme von BMW ist Skepsis gegen\u00fcber der Sicherheit der autonomen Experimente von Hightech-Riesen zu entnehmen: &#8222;Wir f\u00fchren Funktionen erst dann ein, wenn ihr sicherer Gebrauch nachgewiesen ist.&#8220; Die wahren Gr\u00fcnde f\u00fcr die Zur\u00fcckhaltung sind laut Dudenh\u00f6ffer jedoch andere: Die Technologie sei &#8222;f\u00fcr BMW eine Nummer zu gro\u00df&#8220;, die Technik f\u00fcr das M\u00fcnchner Traditionsunternehmen &#8222;zu weit weg&#8220;.<\/p>\n<p>Der Wettbewerber Mercedes arbeite hingegen mit Momenta daran, Robotaxen in Abu Dhabi zum Laufen zu bringen: &#8222;Das ist im Luxusgesch\u00e4ft wichtig, um Renommee zu erreichen und auszubauen.&#8220;<\/p>\n<p>Kritik an Aiwanger und Herrmann<\/p>\n<p>Unterdessen sorgen die Ank\u00fcndigungen der ausl\u00e4ndischen Unternehmen, M\u00fcnchen zum ersten europ\u00e4ischen Testgebiet f\u00fcr Robotaxen zu machen, auch f\u00fcr politische Diskussionen in der bayerischen Landespolitik. Der SPD-Landtagsabgeordnete <a href=\"https:\/\/www.abendzeitung-muenchen.de\/person\/florian-von-brunn\/\" rel=\"nofollow noopener\" target=\"_blank\">Florian von Brunn<\/a> beanstandete, dass Wirtschaftsminister <a href=\"https:\/\/www.abendzeitung-muenchen.de\/person\/hubert-aiwanger\/\" rel=\"nofollow noopener\" target=\"_blank\">Hubert Aiwanger<\/a> (<a href=\"https:\/\/www.abendzeitung-muenchen.de\/organisation\/freie-waehler\/\" rel=\"nofollow noopener\" target=\"_blank\">Freie W\u00e4hler<\/a>) und Staatskanzleichef <a href=\"https:\/\/www.abendzeitung-muenchen.de\/person\/florian-herrmann\/\" rel=\"nofollow noopener\" target=\"_blank\">Florian Herrmann<\/a> (<a href=\"https:\/\/www.abendzeitung-muenchen.de\/organisation\/csu\/\" rel=\"nofollow noopener\" target=\"_blank\">CSU<\/a>) &#8222;kritiklos die Steigb\u00fcgelhalter f\u00fcr <a href=\"https:\/\/www.abendzeitung-muenchen.de\/organisation\/google\/\" rel=\"nofollow noopener\" target=\"_blank\">Google<\/a> spielen&#8220;.<\/p>\n<p>Jahrelang habe Bayern mit Steuergeld die Entwicklung von autonomem Fahren gef\u00f6rdert, jetzt rolle man bei der Umsetzung den ausl\u00e4ndischen Konzernen &#8222;den roten Teppich&#8220; aus.<\/p>\n<p>     <img decoding=\"async\" loading=\"lazy\" src=\"https:\/\/www.europesays.com\/de\/wp-content\/uploads\/2026\/09\/1736242_florian-von-brunn_artikelbild-75proz_1GBO-7_vComUA.jpg\" alt=\"Der SPD-Landtagsabgeordnete Florian von Brunn.\" title=\"Der SPD-Landtagsabgeordnete Florian von Brunn.\" width=\"609\" height=\"406\"\/><\/p>\n<p>      Der SPD-Landtagsabgeordnete Florian von Brunn.<br \/>\n      \u00a9 Peter Kneffel\/dpa<\/p>\n<p>    Der SPD-Landtagsabgeordnete Florian von Brunn.<\/p>\n<p>von Peter Kneffel\/dpa <\/p>\n<p>&#8222;}&#8220;&gt; <\/p>\n<p>Was bleibe f\u00fcr M\u00fcnchen davon?, fragte der SPD-Politiker: &#8222;Nur Waymo-Autos waschen?&#8220; Von Brunn wirft noch andere Fragen auf: Nicht nur die Gewinne, sondern auch die Daten gingen beim Waymo-Aufschlag in der bayerischen Landeshauptstadt nach Kalifornien.<\/p>\n<p>&#8222;Was mit den Daten passiert, wei\u00df niemand&#8220;<\/p>\n<p>Denn die Robotaxis filmten fortw\u00e4hrend den \u00f6ffentlichen Raum mit Passanten und Kennzeichen. &#8222;Was mit den Daten passiert, wei\u00df niemand&#8220;, so der SPD-Politiker. Und Wirtschaftsminister Aiwanger, der gerne den Anwalt der kleinen Leute gebe, klatsche Beifall, wenn &#8222;ein milliardenschwerer US-Tech-Konzern Fahrer \u00fcberfl\u00fcssig&#8220; machen wolle.<\/p>\n<p>Staatskanzleiminister Herrmann wies die Kritik zur\u00fcck. Autonomes Fahren sei eine Schl\u00fcsseltechnologie, bei der Bayern international an der Spitze stehen wolle. Anstatt die Pl\u00e4ne zu bremsen, wolle man die Rahmenbedingungen weiter verbessern, B\u00fcrokratie abbauen und regulatorische H\u00fcrden beseitigen. Eine Welle des Protests seitens der Taxibetreiber blieb bisher aus.<\/p>\n","protected":false},"excerpt":{"rendered":"Es ist gut m\u00f6glich, dass schon in ein paar Jahren Hunderte von Robotaxen ohne Fahrer vor der Haust\u00fcr&hellip;\n","protected":false},"author":2,"featured_media":1274950,"comment_status":"","ping_status":"","sticky":false,"template":"","format":"standard","meta":{"footnotes":"","_share_on_mastodon":"0"},"categories":[1827],"tags":[743,10757,772,374,29,27322,30,42918,1268,58735,159755],"class_list":["post-1274949","post","type-post","status-publish","format-standard","has-post-thumbnail","category-muenchen","tag-autobranche","tag-autonomes-fahren","tag-bayern","tag-bmw","tag-deutschland","tag-dudenhoeffer","tag-germany","tag-momenta","tag-muenchen","tag-robotaxis","tag-waymo"],"share_on_mastodon":{"url":"https:\/\/pubeurope.com\/@de\/117199223620279109","error":""},"_links":{"self":[{"href":"https:\/\/www.europesays.com\/de\/wp-json\/wp\/v2\/posts\/1274949","targetHints":{"allow":["GET"]}}],"collection":[{"href":"https:\/\/www.europesays.com\/de\/wp-json\/wp\/v2\/posts"}],"about":[{"href":"https:\/\/www.europesays.com\/de\/wp-json\/wp\/v2\/types\/post"}],"author":[{"embeddable":true,"href":"https:\/\/www.europesays.com\/de\/wp-json\/wp\/v2\/users\/2"}],"replies":[{"embeddable":true,"href":"https:\/\/www.europesays.com\/de\/wp-json\/wp\/v2\/comments?post=1274949"}],"version-history":[{"count":0,"href":"https:\/\/www.europesays.com\/de\/wp-json\/wp\/v2\/posts\/1274949\/revisions"}],"wp:featuredmedia":[{"embeddable":true,"href":"https:\/\/www.europesays.com\/de\/wp-json\/wp\/v2\/media\/1274950"}],"wp:attachment":[{"href":"https:\/\/www.europesays.com\/de\/wp-json\/wp\/v2\/media?parent=1274949"}],"wp:term":[{"taxonomy":"category","embeddable":true,"href":"https:\/\/www.europesays.com\/de\/wp-json\/wp\/v2\/categories?post=1274949"},{"taxonomy":"post_tag","embeddable":true,"href":"https:\/\/www.europesays.com\/de\/wp-json\/wp\/v2\/tags?post=1274949"}],"curies":[{"name":"wp","href":"https:\/\/api.w.org\/{rel}","templated":true}]}}