{"id":1274951,"date":"2026-09-02T03:02:20","date_gmt":"2026-09-02T03:02:20","guid":{"rendered":"https:\/\/www.europesays.com\/de\/1274951\/"},"modified":"2026-09-02T03:02:20","modified_gmt":"2026-09-02T03:02:20","slug":"studie-der-tu-muenchen-elektroautos-sind-nicht-klimaneutral","status":"publish","type":"post","link":"https:\/\/www.europesays.com\/de\/1274951\/","title":{"rendered":"Studie der TU M\u00fcnchen: Elektroautos sind nicht klimaneutral"},"content":{"rendered":"<p>Elektroautos sollen helfen, die CO\u2082\u2011Emissionen in der EU zu senken. Jetzt stellen Forscher des interdisziplin\u00e4ren Forschungsverbunds der Technischen Universit\u00e4t M\u00fcnchen (TUM), CirculaTUM, den bislang \u00fcberwiegend positiv bewerteten Klimaeffekt von E-Autos infrage.<\/p>\n<p>Kritikpunkt der Forscher: Die EU bewertet im Rahmen ihrer Flottenregulierung die CO\u2082\u2011Emissionen eines Fahrzeugs ausschlie\u00dflich anhand CO\u2082\u2011Emissionen im Fahrbetrieb. Weil Elektroautos w\u00e4hrend der Fahrt kein CO\u2082 aussto\u00dfen, gelten sie in der EU bislang als klimaneutral.<\/p>\n<p>Forscher analysierten 19 Studien<\/p>\n<p>Wie sich die <a href=\"https:\/\/www.autobild.de\/artikel\/bessere-co2-bilanz-e-auto-benziner-diesel-28680517.html\" class=\"textLink\" data-v-146e9600=\"\" data-v-00730930=\"\" rel=\"nofollow noopener\" target=\"_blank\">CO\u2082\u2011Bilanz eines Elektroautos<\/a> bei differenzierter Betrachtungsweise darstellt, untersuchte die TUM in der <a href=\"https:\/\/mediatum.ub.tum.de\/doc\/1861151\/1861151.pdf\" rel=\"noopener nofollow\" target=\"_blank\" class=\"textLink\" data-v-146e9600=\"\" data-v-00730930=\"\">Studie &#8222;Defossilisation, Not Decarbonisation<\/a> \u2013 Ein Weg zu einem neuen, lebenszyklusbasierten Standard f\u00fcr die CO\u2082-Regulierung von Pkw&#8220;. Die als White Paper ver\u00f6ffentlichte Studie wertet 19 Studien und 47 Szenarien systematisch aus. Sie wurde jetzt (1. September 2026) in M\u00fcnchen vorgestellt.Die TUM-Forscher kritisieren, dass die CO\u2082\u2011Emissionen bei der F\u00f6rderung der n\u00f6tigen <a href=\"https:\/\/www.autobild.de\/artikel\/seltene-erden-fuer-e-autos-so-laeuft-die-suche-nach-alternativen-rohstoffen-22639317.html\" class=\"textLink\" data-v-146e9600=\"\" data-v-00730930=\"\" rel=\"nofollow noopener\" target=\"_blank\">Rohstoffe<\/a>, der Herstellung der Elektroautos und Batterien, bei der Erzeugung des Fahrstroms und beim <a href=\"https:\/\/www.autobild.de\/artikel\/durch-batterie-recycling-kann-sich-europa-vom-rohstoff-import-unabhaengig-machen-27747205.html\" class=\"textLink\" data-v-146e9600=\"\" data-v-00730930=\"\" rel=\"nofollow noopener\" target=\"_blank\">Recycling von Auto und Akku<\/a> am Ende ihres Lebenszyklus in die aktuelle Berechnung der EU nicht einbezogen werden.Die besten Elektro-Autos im Test<\/p>\n<p>E-Autos verursachen durchschnittlich 41 Prozent weniger Emissionen<\/p>\n<p>Werden diese Faktoren ber\u00fccksichtigt, verursachen batterieelektrische Fahrzeuge demnach \u00fcber ihren gesamten Lebenszyklus im Durchschnitt in den meisten F\u00e4llen rund 41 Prozent weniger Treibhausgasemissionen als vergleichbare Fahrzeuge mit Verbrennungsmotor. Die Spannbreite der Abweichungen gegen\u00fcber den CO\u2082-Emissionen von Verbrennerfahrzeugen reicht laut Studie dabei von einer Reduktion von 89 Prozent bis zu einer Mehrbelastung von 21 Prozent.<\/p>\n<p>Die Autoren der Studie warnen auch vor m\u00f6glichen industriepolitischen Folgen der geltenden Regulierung. Weil die CO\u2082\u2011Emissionen bei der Herstellung von E-Autos nicht in die Bewertung einflie\u00dfen, fehlten zudem Anreize f\u00fcr Investitionen in emissionsarme Produktionsverfahren, etwa bei Stahl, Aluminium oder den Batterien.<\/p>\n<p>Hofmann fordert politische Debatte<\/p>\n<p>TUM-Pr\u00e4sident Prof. Thomas Hofmann \u00e4u\u00dfert im Rahmen der Studienvorstellung Kritik am bisherigen Vorgehen der EU: &#8222;Wir sehen derzeit eine substanzielle Fehlsteuerung der <a href=\"https:\/\/www.autobild.de\/artikel\/eu-verbrenner-aus-2035-streit-28464383.html\" class=\"textLink\" data-v-146e9600=\"\" data-v-00730930=\"\" rel=\"nofollow noopener\" target=\"_blank\">Klimastrategie der Europ\u00e4ischen Union<\/a>. Wenn sie ihre eigenen Ziele ernst nimmt, darf sie sich nicht l\u00e4nger nur auf die Auspuffmessung verlassen.&#8220; Der TUM-Pr\u00e4sident fordert eine Anerkennung der Studienerkenntnisse durch die Politik: &#8222;Ich appelliere an Parlament und Rat (der EU, Anm. d. Red.), die laufende \u00dcberarbeitung des Automotive Package zu nutzen, um eine verpflichtende, verifizierte Lebenszyklus-Berichterstattung einzuf\u00fchren.&#8220;<img decoding=\"async\" src=\"https:\/\/www.europesays.com\/de\/wp-content\/uploads\/2026\/09\/Pressekonferenz-der-TU-Muenchen-zur-Studie-Defossilization--Not-Decarbonization-3051-1920x1280-cfa4c.jpeg\" alt=\"Pressekonferenz der TU M\u00fcnchen zur Studie Defossilization, Not Decarbonization: Toward a Life Cycle-Based Standard for Automotive Greenhouse Gas Regulation\" data-copyright-text=\"Astrid_Eckert\" width=\"1920\" height=\"1280\" loading=\"lazy\" class=\"basicImage\" data-v-ecdad8f4=\"\" data-v-b8424c95=\"\"\/><\/p>\n<p>Pressekonferenz zur Vorstellung der Studie an der TU M\u00fcnchen (v. l.): Die Studienautoren Prof. Tim B\u00fcthe, Prof. Magnus Fr\u00f6hling, TUM-Pr\u00e4sident Prof. Thomas Hofmann und Studienautor Prof. Johannes Fottner.<\/p>\n<p> Bild: Astrid_Eckert<\/p>\n<p>Im Fazit betonen die Autoren der Studie, dass es nicht darum gehe, &#8222;dass ein bestimmter Antriebsstrang der einzige Hebel ist, der f\u00fcr die Dekarbonisierung von Bedeutung ist.&#8220; Es sei vielmehr &#8222;die Erkenntnis, dass die Norm jeden Hebel belohnen sollte, der tats\u00e4chlich dazu beitr\u00e4gt \u2013 einschlie\u00dflich des Antriebsstrangs, aber nicht ausschlie\u00dflich&#8220;.<\/p>\n<p><a name=\"Fazit\" data-v-f7849d58=\"\"\/><\/p>\n<p>Die bisherige EU-Betrachtung der CO\u2082\u2011Bilanz von E\u2011Autos stellt die Antriebsart klimafreundlicher dar, als sie \u00fcber den gesamten Lebenszyklus betrachtet ist. Dadurch ergibt sich eine Bevorzugung gegen\u00fcber anderen Antriebsarten, auch wenn diese \u00fcber ihren gesamten Lebenszyklus im Durchschnitt mehr CO\u2082 verursachen. Eine angepasste Sichtweise w\u00fcrde die Technologieoffenheit st\u00e4rken und f\u00fcr mehr Vergleichbarkeit sorgen!<\/p>\n<p>\ud83d\udca1 <strong data-v-e3fac6d2=\"\">Tipp:<\/strong> Sehen Sie AUTO BILD-Inhalte \u00f6fter bei Google \u2013 auch in den News. Einfach auf den Link klicken, Haken setzen, Tab schlie\u00dfen. Fertig. <br data-v-e3fac6d2=\"\"\/><a href=\"https:\/\/www.google.com\/preferences\/source?q=https:\/\/www.autobild.de\/\" rel=\"noopener noreferrer nofollow\" target=\"_blank\" class=\"preferences__link\" data-v-e3fac6d2=\"\"> AUTO BILD als Quelle festlegen <\/a><\/p>\n","protected":false},"excerpt":{"rendered":"Elektroautos sollen helfen, die CO\u2082\u2011Emissionen in der EU zu senken. Jetzt stellen Forscher des interdisziplin\u00e4ren Forschungsverbunds der Technischen&hellip;\n","protected":false},"author":2,"featured_media":1274952,"comment_status":"","ping_status":"","sticky":false,"template":"","format":"standard","meta":{"footnotes":"","_share_on_mastodon":"0"},"categories":[1827],"tags":[3985,772,263162,14075,70756,68513,29,1728,548,30,11559,3949,263160,81323,1466,21356,1268,38923,15,18887,1279,263161,11748,36048],"class_list":["post-1274951","post","type-post","status-publish","format-standard","has-post-thumbnail","category-muenchen","tag-autos","tag-bayern","tag-berechnung","tag-betrieb","tag-bislang","tag-co","tag-deutschland","tag-elektroautos","tag-eu","tag-germany","tag-herstellung","tag-home","tag-klimaeffekt","tag-lebenszyklus","tag-mobilitaet","tag-mobility","tag-muenchen","tag-new","tag-news","tag-papier","tag-recycling","tag-sichtweise","tag-studie","tag-tu"],"share_on_mastodon":{"url":"https:\/\/pubeurope.com\/@de\/117199224755525081","error":""},"_links":{"self":[{"href":"https:\/\/www.europesays.com\/de\/wp-json\/wp\/v2\/posts\/1274951","targetHints":{"allow":["GET"]}}],"collection":[{"href":"https:\/\/www.europesays.com\/de\/wp-json\/wp\/v2\/posts"}],"about":[{"href":"https:\/\/www.europesays.com\/de\/wp-json\/wp\/v2\/types\/post"}],"author":[{"embeddable":true,"href":"https:\/\/www.europesays.com\/de\/wp-json\/wp\/v2\/users\/2"}],"replies":[{"embeddable":true,"href":"https:\/\/www.europesays.com\/de\/wp-json\/wp\/v2\/comments?post=1274951"}],"version-history":[{"count":0,"href":"https:\/\/www.europesays.com\/de\/wp-json\/wp\/v2\/posts\/1274951\/revisions"}],"wp:featuredmedia":[{"embeddable":true,"href":"https:\/\/www.europesays.com\/de\/wp-json\/wp\/v2\/media\/1274952"}],"wp:attachment":[{"href":"https:\/\/www.europesays.com\/de\/wp-json\/wp\/v2\/media?parent=1274951"}],"wp:term":[{"taxonomy":"category","embeddable":true,"href":"https:\/\/www.europesays.com\/de\/wp-json\/wp\/v2\/categories?post=1274951"},{"taxonomy":"post_tag","embeddable":true,"href":"https:\/\/www.europesays.com\/de\/wp-json\/wp\/v2\/tags?post=1274951"}],"curies":[{"name":"wp","href":"https:\/\/api.w.org\/{rel}","templated":true}]}}