{"id":1274957,"date":"2026-09-02T03:05:18","date_gmt":"2026-09-02T03:05:18","guid":{"rendered":"https:\/\/www.europesays.com\/de\/1274957\/"},"modified":"2026-09-02T03:05:18","modified_gmt":"2026-09-02T03:05:18","slug":"brandenburg-berlin-berliner-dienstwagen-flotte-am-umweltfreundlichsten","status":"publish","type":"post","link":"https:\/\/www.europesays.com\/de\/1274957\/","title":{"rendered":"Brandenburg Berlin: Berliner Dienstwagen-Flotte am umweltfreundlichsten"},"content":{"rendered":"<p>            <img loading=\"lazy\" decoding=\"async\" class=\"ts-image\" src=\"https:\/\/www.europesays.com\/de\/wp-content\/uploads\/2026\/09\/rbb-dienstwagen-evers-elektro-0796507377-100.jpg\" alt=\"Dienstwagen des Finanzsenator von Berlin, Stefan Evers, AUDI e-tron. (Quelle:  IMAGO \/ Berlinfoto)\" title=\"Dienstwagen Evers Elektro 0796507377 |  IMAGO \/ Berlinfoto\"\/><\/p>\n<p class=\"metatextline\">Stand: 01.09.2026 \u2022 15:36 Uhr<\/p>\n<p class=\"textabsatz m-ten m-offset-one l-eight l-offset-two columns twelve\">Die Dienstwagen-Flotte des Berliner Senats ist im L\u00e4ndervergleich am umweltfreundlichsten. In einem Ranking, das die Deutsche Umwelthilfe am Dienstag ver\u00f6ffentlichte, liegt sie insgesamt auf Platz eins. Acht Senatorinnen und Senatoren nutzen demnach Elektroautos als Dienstwagen. Diese haben der Auswertung zufolge einen CO\u2082-Aussto\u00df von 54 bis 64 Gramm CO\u2082 je Kilometer. Mehr als viermal so hoch ist der Wert allerdings bei zwei anderen Senatsfahrzeugen. Denn die besonders gesch\u00fctzten Fahrzeuge von Innensenatorin Iris Spranger und von Berlins Regierenden B\u00fcrgermeister Kai Wegner haben einen Verbrennungsmotor. Im L\u00e4nderchef-Vergleich geh\u00f6rt Wegners Dienstfahrwagen durch seinen CO\u2082-Aussto\u00df zu den Schlusslichtern.<\/p>\n<p>    Nur eine Ministerin in Brandenburg f\u00e4hrt rein elektrisch<\/p>\n<p class=\"textabsatz m-ten m-offset-one l-eight l-offset-two columns twelve\">In der Landesregierung Brandenburgs werden dagegen die Elektroautos weniger. 2024 waren noch f\u00fcnf Minister und Ministerinnen mit reinen E-Autos unterwegs, 2025 zwei &#8211; und 2026 nur noch eine. Wissenschaftsministerin Manja Sch\u00fcle ist die einzige im Landeskabinett, die rein elektrisch zu ihren Terminen f\u00e4hrt. Sechs Brandenburger Minister sind mit Plug-in-Hybriden aufgelistet, vier mit Diesel-Autos. Zu den Diesel-Fahrzeugen geh\u00f6ren auch die Limousine von Ministerpr\u00e4sident Dietmar Woidke (SPD) und Innenminister Jan Redmann (CDU). Beide nutzen einen sondergesch\u00fctzten Audi A8.<\/p>\n<p class=\"textabsatz m-ten m-offset-one l-eight l-offset-two columns twelve\">Sendung: rbb 88.8, 01.09.2026, 12:00 Uhr Audio: rbb 88.8, 01.09.2026, Ricardo Westphal<\/p>\n<p>                                        <a class=\"backlink__link\" href=\"https:\/\/www.rbb24.de\/politik\/beitrag\/2026\/09\/berliner-senat-dienstwagen-am-umweltfreundlichsten.html\" rel=\"nofollow noopener\" target=\"_blank\"><\/p>\n<p>                                                <img decoding=\"async\" src=\"https:\/\/images.tagesschau.de\/image\/898f19c3-6760-4be2-a33f-1fa765216ec2\/AAABlap_olM\/AAABnR8VW9w\/original\/lra-rbb-logo-100.svg\" alt=\"Rundfunk Berlin-Brandenburg\"\/><\/p>\n<p>                                        <\/a><\/p>\n","protected":false},"excerpt":{"rendered":"Stand: 01.09.2026 \u2022 15:36 Uhr Die Dienstwagen-Flotte des Berliner Senats ist im L\u00e4ndervergleich am umweltfreundlichsten. In einem Ranking,&hellip;\n","protected":false},"author":2,"featured_media":1274958,"comment_status":"","ping_status":"","sticky":false,"template":"","format":"standard","meta":{"footnotes":"","_share_on_mastodon":"0"},"categories":[1816],"tags":[1960,1958,1959,1957,296,1956,1890,29,30,2239],"class_list":["post-1274957","post","type-post","status-publish","format-standard","has-post-thumbnail","category-brandenburg","tag-aktuelle-nachrichten-aus-berlin-und-brandenburg","tag-aktuelle-nachrichten-aus-brandenburg","tag-aktuelle-news-aus-berlin-und-brandenburg","tag-aktuelle-news-aus-brandenburg","tag-berlin","tag-berlin-und-brandenburg","tag-brandenburg","tag-deutschland","tag-germany","tag-rbb"],"share_on_mastodon":{"url":"https:\/\/pubeurope.com\/@de\/117199238085992121","error":""},"_links":{"self":[{"href":"https:\/\/www.europesays.com\/de\/wp-json\/wp\/v2\/posts\/1274957","targetHints":{"allow":["GET"]}}],"collection":[{"href":"https:\/\/www.europesays.com\/de\/wp-json\/wp\/v2\/posts"}],"about":[{"href":"https:\/\/www.europesays.com\/de\/wp-json\/wp\/v2\/types\/post"}],"author":[{"embeddable":true,"href":"https:\/\/www.europesays.com\/de\/wp-json\/wp\/v2\/users\/2"}],"replies":[{"embeddable":true,"href":"https:\/\/www.europesays.com\/de\/wp-json\/wp\/v2\/comments?post=1274957"}],"version-history":[{"count":0,"href":"https:\/\/www.europesays.com\/de\/wp-json\/wp\/v2\/posts\/1274957\/revisions"}],"wp:featuredmedia":[{"embeddable":true,"href":"https:\/\/www.europesays.com\/de\/wp-json\/wp\/v2\/media\/1274958"}],"wp:attachment":[{"href":"https:\/\/www.europesays.com\/de\/wp-json\/wp\/v2\/media?parent=1274957"}],"wp:term":[{"taxonomy":"category","embeddable":true,"href":"https:\/\/www.europesays.com\/de\/wp-json\/wp\/v2\/categories?post=1274957"},{"taxonomy":"post_tag","embeddable":true,"href":"https:\/\/www.europesays.com\/de\/wp-json\/wp\/v2\/tags?post=1274957"}],"curies":[{"name":"wp","href":"https:\/\/api.w.org\/{rel}","templated":true}]}}