{"id":1274961,"date":"2026-09-02T03:07:14","date_gmt":"2026-09-02T03:07:14","guid":{"rendered":"https:\/\/www.europesays.com\/de\/1274961\/"},"modified":"2026-09-02T03:07:14","modified_gmt":"2026-09-02T03:07:14","slug":"schuesse-aus-gruppe-26-jaehriger-schwer-verletzt","status":"publish","type":"post","link":"https:\/\/www.europesays.com\/de\/1274961\/","title":{"rendered":"Sch\u00fcsse aus Gruppe \u2013 26-J\u00e4hriger schwer verletzt"},"content":{"rendered":"<p class=\"is-first-paragraph\" data-external=\"Article.FirstParagraph\">Ein 26 Jahre alter Mann ist in Berlin-Sch\u00f6neberg angeschossen und schwer verletzt worden \u2013 eine Mordkommission ermittelt. Nach ersten Erkenntnissen sollen aus einer Personengruppe heraus mehrere Sch\u00fcsse auf den Mann abgegeben worden sein, teilte die Polizei mit. Er wurde in ein Krankenhaus gebracht, wo er notoperiert wird.<\/p>\n<p>Die Einsatzkr\u00e4fte waren den Angaben zufolge gegen 20.20 Uhr in die Feurigstra\u00dfe alarmiert worden, weil Anwohner Sch\u00fcsse geh\u00f6rt hatten.<\/p>\n","protected":false},"excerpt":{"rendered":"Ein 26 Jahre alter Mann ist in Berlin-Sch\u00f6neberg angeschossen und schwer verletzt worden \u2013 eine Mordkommission ermittelt. Nach&hellip;\n","protected":false},"author":2,"featured_media":1274962,"comment_status":"","ping_status":"","sticky":false,"template":"","format":"standard","meta":{"footnotes":"","_share_on_mastodon":"0"},"categories":[1825],"tags":[296,29,30,45],"class_list":["post-1274961","post","type-post","status-publish","format-standard","has-post-thumbnail","category-berlin","tag-berlin","tag-deutschland","tag-germany","tag-texttospeech"],"share_on_mastodon":{"url":"","error":""},"_links":{"self":[{"href":"https:\/\/www.europesays.com\/de\/wp-json\/wp\/v2\/posts\/1274961","targetHints":{"allow":["GET"]}}],"collection":[{"href":"https:\/\/www.europesays.com\/de\/wp-json\/wp\/v2\/posts"}],"about":[{"href":"https:\/\/www.europesays.com\/de\/wp-json\/wp\/v2\/types\/post"}],"author":[{"embeddable":true,"href":"https:\/\/www.europesays.com\/de\/wp-json\/wp\/v2\/users\/2"}],"replies":[{"embeddable":true,"href":"https:\/\/www.europesays.com\/de\/wp-json\/wp\/v2\/comments?post=1274961"}],"version-history":[{"count":0,"href":"https:\/\/www.europesays.com\/de\/wp-json\/wp\/v2\/posts\/1274961\/revisions"}],"wp:featuredmedia":[{"embeddable":true,"href":"https:\/\/www.europesays.com\/de\/wp-json\/wp\/v2\/media\/1274962"}],"wp:attachment":[{"href":"https:\/\/www.europesays.com\/de\/wp-json\/wp\/v2\/media?parent=1274961"}],"wp:term":[{"taxonomy":"category","embeddable":true,"href":"https:\/\/www.europesays.com\/de\/wp-json\/wp\/v2\/categories?post=1274961"},{"taxonomy":"post_tag","embeddable":true,"href":"https:\/\/www.europesays.com\/de\/wp-json\/wp\/v2\/tags?post=1274961"}],"curies":[{"name":"wp","href":"https:\/\/api.w.org\/{rel}","templated":true}]}}