{"id":1274963,"date":"2026-09-02T03:08:24","date_gmt":"2026-09-02T03:08:24","guid":{"rendered":"https:\/\/www.europesays.com\/de\/1274963\/"},"modified":"2026-09-02T03:08:24","modified_gmt":"2026-09-02T03:08:24","slug":"ministerien-in-bonn-kosten-den-bund-millionen","status":"publish","type":"post","link":"https:\/\/www.europesays.com\/de\/1274963\/","title":{"rendered":"Ministerien in Bonn kosten den Bund Millionen"},"content":{"rendered":"<p>        <img decoding=\"async\" src=\"https:\/\/www.europesays.com\/de\/wp-content\/uploads\/2026\/09\/bonn-regierung-100.webp\" alt=\"Schild am Hauptportal des ehemaligen Hauptsitz des Bundeskanzleramtes\" title=\"Schild am Hauptportal des ehemaligen Hauptsitz des Bundeskanzleramtes | IMAGO \/ Marc John\" class=\"responsive\"\/><\/p>\n<p>AUDIO: Warum gibt es noch immer den zweiten Regierungsstandort in Bonn? (3 Min)<\/p>\n<p class=\"topline\">Zwei Regierungssitze<\/p>\n<p>\n                Stand: 02.09.2026 05:00 Uhr<\/p>\n<p class=\"preface\">Deutschland wird aus Berlin regiert. Fast alle Bundesministerien haben jedoch weiterhin auch einen Sitz in Bonn. MDR-AKTUELL-H\u00f6rer J\u00fcrgen Volkmann fragt, ob zwei Standorte angesichts hoher Kosten noch angebracht sind.<\/p>\n<p class=\"textauthor\">von Jan Kr\u00f6ger, MDR AKTUELL<\/p>\n<p>        <img decoding=\"async\" src=\"https:\/\/www.europesays.com\/de\/wp-content\/uploads\/2026\/08\/1787969123_972_google-handy-100.webp\" alt=\"Ein Handy liegt auf einer Laptoptastatur. Das Display zeigt das Google Logo\" title=\"Ein Handy liegt auf einer Laptoptastatur. Das Display zeigt das Google Logo |  IMAGO \/ SOPA Images\" class=\"responsive\" loading=\"lazy\"\/><\/p>\n<p>Nachrichten personalisieren<\/p>\n<p class=\"\"><a name=\"Dietmar\">Dietmar<\/a> Bartsch geh\u00f6rt zu den wenigen Bundestagsabgeordneten, die noch in Bonn getagt haben. 27 Jahre danach sitzt er f\u00fcr die Linke im Haushaltsausschuss. Dort erf\u00e4hrt er aus erster Hand, wie viel die Bonner Ministerien den Bund kosten: 10,3 Millionen Euro waren es 2025.<\/p>\n<p class=\"\">Bartsch sagte, es sei h\u00f6chste Zeit f\u00fcr den Komplettumzug nach Berlin. Dieser k\u00f6nne allerdings nicht von einem auf den anderen Tag erfolgen und m\u00fcsse mit den Besch\u00e4ftigten abgestimmt werden, damit diese nicht darunter litten. Aber: &#8222;Es ist dringend notwendig, weil perspektivisch damit eingespart wird.&#8220;<\/p>\n<p>    Dienstreisen verursachen enorme Kosten<\/p>\n<p class=\"\">Unter den Besch\u00e4ftigten gebe es zwei Lager, erkl\u00e4rt Frank Gehlen, Vorsitzender der Gewerkschaft f\u00fcr Bundesbesch\u00e4ftigte (vbob). Die eine Seite: Immer mehr Beamte und Bewerber wollen nach Berlin.<\/p>\n<p>                    <a href=\"https:\/\/www.europesays.com\/de\/wp-content\/uploads\/2026\/09\/mdraktuell-dienstwagen-108.webp\" class=\"zoomimage\" title=\"Bild vergr\u00f6\u00dfern\"><\/p>\n<p>        <img decoding=\"async\" src=\"https:\/\/www.europesays.com\/de\/wp-content\/uploads\/2026\/09\/mdraktuell-dienstwagen-108.webp\" alt=\"Staatskarrosse stehen nebeneinander \" title=\"Nicht alle Dienstfahrten der Ministerien werden mit der Bahn gemacht. | IMAGO \/ dts Nachrichtenagentur\" class=\"responsive\" loading=\"lazy\"\/><\/p>\n<p>                    <\/a><\/p>\n<p>                    Nicht alle Dienstfahrten der Ministerien werden mit der Bahn gemacht.<\/p>\n<p class=\"\">Laut Gehlen geht es dabei oft um Karrierechancen. &#8222;Die Bonner Ministeriumsarbeitspl\u00e4tze umfassen genauso spannende Aufgaben, haben aber nicht die Leitungsebene. Wem das wichtig ist, der wird sich wahrscheinlich f\u00fcr Berlin entscheiden.&#8220;<\/p>\n<p class=\"\">In Bonn arbeitet noch rund ein Viertel aller Ministeriumsbeamten. F\u00fcr diejenigen, die bleiben wollen, muss Gehlen auch einstehen. Er sagt, dass es im Zeitalter der Videokonferenz leichter und g\u00fcnstiger sei, an zwei Standorten zu arbeiten.<\/p>\n<p class=\"\">Der Sch\u00f6nheitsfehler daran: Die Zahl der Dienstreisen zwischen <a href=\"https:\/\/www.mdr.de\/geschichte\/zeitgeschichte-gegenwart\/politik-gesellschaft\/berlin-bonn-hauptstadt-vertrag-ost-west-102.html\" title=\"Bonn und Berlin: Die geteilte Hauptstadt\" rel=\"nofollow noopener\" target=\"_blank\">Bonn und Berlin<\/a> ist zuletzt trotzdem wieder gestiegen. &#8222;Die wenigsten Dienstreisen sind durch die Besch\u00e4ftigten selbst intendiert, sondern durch Anforderung der Leitung oder durch Anforderung vom Parlament, die in Berlin ihre Sitzungen oder Ausschusssitzungen durchf\u00fchren&#8220;, sagt Gehlen. Die Dienstreisen verursachen mit Abstand die meisten Kosten bei der Aufteilung zwischen Bonn und Berlin.<\/p>\n<p>    Sollte das Berlin\/Bonn-Gesetz gekippt werden?<\/p>\n<p class=\"\">Der Linke-Politiker Dietmar Bartsch fordert, hier strenger aufs Geld zu achten. Doch das ist f\u00fcr ihn nur ein Zwischenschritt: Bartsch blickt auf das<a href=\"https:\/\/www.gesetze-im-internet.de\/berlin_bonng\/\" title=\"Berlin-Bonn-Gesetz\" class=\"extlink-preface\" data-type=\"external\" rel=\"nofollow noopener\" target=\"_blank\"> Berlin\/Bonn-Gesetz<\/a>, das den gesamten jetzigen Zustand regelt.<\/p>\n<p>        <img decoding=\"async\" src=\"https:\/\/www.europesays.com\/de\/wp-content\/uploads\/2026\/09\/reichstag-mdr-100.webp\" alt=\"Ehemaliger Reichstag in Berlin\" title=\"Ehemaliger Reichstag in Berlin | colourbox\" class=\"responsive\" loading=\"lazy\"\/><\/p>\n<p class=\"\">Er meint, es werde nicht mehr lange dauern, bis dieses Gesetz gekippt wird. &#8222;Am Ende des Tages muss der Bundestag eine Entscheidung treffen. Die wird sicherlich sp\u00e4testens mit der n\u00e4chsten Legislatur getroffen werden.&#8220; Also bis sp\u00e4testens 2033.<\/p>\n<p>    Bonn als Regierungsstandort f\u00fcr Krisenf\u00e4lle<\/p>\n<p class=\"\">Gewerkschafter Frank Gehlen ist sich dagegen sicher, dass Bonn als Bundesstadt bleiben wird \u2013 und der Grund daf\u00fcr l\u00e4sst aufhorchen. Gehlen spricht von &#8222;Resilienz&#8220; und einem &#8222;redundanten Regierungszentrum&#8220;.<\/p>\n<p>                    <a href=\"https:\/\/www.europesays.com\/de\/wp-content\/uploads\/2026\/09\/mdraktuell-bundeskartellamt-bonn-104.webp\" class=\"zoomimage\" title=\"Bild vergr\u00f6\u00dfern\"><\/p>\n<p>        <img decoding=\"async\" src=\"https:\/\/www.europesays.com\/de\/wp-content\/uploads\/2026\/09\/mdraktuell-bundeskartellamt-bonn-104.webp\" alt=\"Schild des Bundeskartellamtes in Bonn\" title=\"Andere Beh\u00f6rden haben weiter ihren ersten Sitz in Bonn.  | IMAGO\/dts Nachrichtenagentur\" class=\"responsive\" loading=\"lazy\"\/><\/p>\n<p>                    <\/a><\/p>\n<p>                    Andere Beh\u00f6rden haben weiter ihren ersten Sitz in Bonn. <\/p>\n<p class=\"\">Bonn also als Ersatz-Hauptstadt? Die entsprechenden Bundesbeh\u00f6rden und Hilfsdienste seien in Bonn und der Region beheimatet, sagt Gehlen. Bei der Resilienz gehe es darum, von welchem Standort aus im Krisenfall gesteuert werden k\u00f6nne. Er pers\u00f6nlich h\u00e4tte nicht geglaubt, dass dar\u00fcber noch einmal nachgedacht werden m\u00fcsse. Es sei aber tats\u00e4chlich Teil der Debatte.<\/p>\n<p class=\"\">Was das genau hei\u00dft, l\u00e4sst das Bundesinnenministerium jedoch auf Anfrage von MDR AKTUELL offen: Informationen \u00fcber Pl\u00e4ne f\u00fcr au\u00dferordentliche Krisenf\u00e4lle unterl\u00e4gen dem Geheimschutz, so eine Sprecherin.<\/p>\n<p class=\"\">Was aber f\u00fcr Frank Gehlens Aussage spricht: Schon jetzt befinden sich etwa das Bundesamt f\u00fcr Bev\u00f6lkerungsschutz oder das Nationale Cyber-Abwehrzentrum in Bonn. Zudem soll die Stadt als wissenschaftliches Zentrum zu Cyber-Sicherheit und als Wohnort f\u00fcr Bundesbesch\u00e4ftigte gest\u00e4rkt werden. Das will die Bundesregierung in einer Zusatzvereinbarung zum Berlin\/Bonn-Gesetz festschreiben. Bis Ende des Jahres soll sie unterzeichnet werden.<\/p>\n","protected":false},"excerpt":{"rendered":"AUDIO: Warum gibt es noch immer den zweiten Regierungsstandort in Bonn? (3 Min) Zwei Regierungssitze Stand: 02.09.2026 05:00&hellip;\n","protected":false},"author":2,"featured_media":1274964,"comment_status":"","ping_status":"","sticky":false,"template":"","format":"standard","meta":{"footnotes":"","_share_on_mastodon":"0"},"categories":[1825],"tags":[296,32249,18647,263165,29,28396,263163,30,71037,71038,48863,263164],"class_list":["post-1274963","post","type-post","status-publish","format-standard","has-post-thumbnail","category-berlin","tag-berlin","tag-berlin-bonn-gesetz","tag-bundesinnenministerium","tag-cyber-abwehrzentrum","tag-deutschland","tag-dietmar-bartsch","tag-frank-gehlen","tag-germany","tag-hmp","tag-hoereraktion","tag-mitmachen","tag-vbob"],"share_on_mastodon":{"url":"https:\/\/pubeurope.com\/@de\/117199250985375746","error":""},"_links":{"self":[{"href":"https:\/\/www.europesays.com\/de\/wp-json\/wp\/v2\/posts\/1274963","targetHints":{"allow":["GET"]}}],"collection":[{"href":"https:\/\/www.europesays.com\/de\/wp-json\/wp\/v2\/posts"}],"about":[{"href":"https:\/\/www.europesays.com\/de\/wp-json\/wp\/v2\/types\/post"}],"author":[{"embeddable":true,"href":"https:\/\/www.europesays.com\/de\/wp-json\/wp\/v2\/users\/2"}],"replies":[{"embeddable":true,"href":"https:\/\/www.europesays.com\/de\/wp-json\/wp\/v2\/comments?post=1274963"}],"version-history":[{"count":0,"href":"https:\/\/www.europesays.com\/de\/wp-json\/wp\/v2\/posts\/1274963\/revisions"}],"wp:featuredmedia":[{"embeddable":true,"href":"https:\/\/www.europesays.com\/de\/wp-json\/wp\/v2\/media\/1274964"}],"wp:attachment":[{"href":"https:\/\/www.europesays.com\/de\/wp-json\/wp\/v2\/media?parent=1274963"}],"wp:term":[{"taxonomy":"category","embeddable":true,"href":"https:\/\/www.europesays.com\/de\/wp-json\/wp\/v2\/categories?post=1274963"},{"taxonomy":"post_tag","embeddable":true,"href":"https:\/\/www.europesays.com\/de\/wp-json\/wp\/v2\/tags?post=1274963"}],"curies":[{"name":"wp","href":"https:\/\/api.w.org\/{rel}","templated":true}]}}