{"id":1275008,"date":"2026-09-02T03:36:17","date_gmt":"2026-09-02T03:36:17","guid":{"rendered":"https:\/\/www.europesays.com\/de\/1275008\/"},"modified":"2026-09-02T03:36:17","modified_gmt":"2026-09-02T03:36:17","slug":"augsburg-streit-um-alt-oberbuergermeisterin-eva-weber-spaltet-csu-und-spd","status":"publish","type":"post","link":"https:\/\/www.europesays.com\/de\/1275008\/","title":{"rendered":"Augsburg: Streit um Alt-Oberb\u00fcrgermeisterin Eva Weber spaltet CSU und SPD"},"content":{"rendered":"<p class=\"mb-6 text-xs-varying md:text-m lg:text-l font-serif group-[.font-sans]:font-sans \">\n    Oberb\u00fcrgermeister Florian Freund (<a href=\"https:\/\/www.augsburger-allgemeine.de\/organisationen\/aa-spd\" target=\"_self\" class=\"underline \" rel=\"nofollow noopener\">SPD<\/a>) hat sich in den Sommerurlaub verabschiedet. <a href=\"https:\/\/www.augsburger-allgemeine.de\/augsburg\/plaerrer-eroeffnung-fassanstich-augsburg-oberbuergermeister-freund-eva-weber-wieviel-schlaege-vergleich-115081805\" target=\"_self\" class=\"underline \" rel=\"nofollow noopener\">Nach der Er\u00f6ffnung des Pl\u00e4rrers<\/a> und einer Sitzung mit dem Ferienausschuss nimmt er sich erstmals seit seinem Amtsantritt Zeit, <a href=\"https:\/\/www.augsburger-allgemeine.de\/augsburg\/marei-freund-ist-die-frau-neben-augsburgs-neuem-oberbuergermeister-florian-freund-114034249\" target=\"_self\" class=\"underline \" rel=\"nofollow noopener\">mit der Familie zur Ruhe zu kommen<\/a>. Einem Teil seiner \u201epolitischen Familie\u201c in <a href=\"https:\/\/www.augsburger-allgemeine.de\/augsburg\/\" target=\"_self\" class=\"underline \" rel=\"nofollow noopener\">Augsburg<\/a> ist dagegen gar nicht nach Ruhe \u2013 im Gegenteil. Mehrere Mitglieder der <a href=\"https:\/\/www.augsburger-allgemeine.de\/organisationen\/aa-csu\" target=\"_self\" class=\"underline \" rel=\"nofollow noopener\">CSU<\/a>-Fraktion sind sauer auf Freund und die SPD als ihrem wichtigsten politischen Partner. Die CSU wirft ihnen vor, Alt-OB <a href=\"https:\/\/www.augsburger-allgemeine.de\/personen\/aa-eva-weber\" target=\"_self\" class=\"underline \" rel=\"nofollow noopener\">Eva Weber<\/a> und damit ihr bekanntestes Mitglied durch ein \u201eb\u00f6ses Foul\u201c aus dem Stadtrat gekickt zu haben. Freunds Vorgehen habe das \u201eVerh\u00e4ltnis in der Kooperation nachhaltig gest\u00f6rt\u201c. Steckt die Augsburger Regierung knapp vier Monate nach ihrem Start schon in der Krise?\n  <\/p>\n<p>            Warum gibt Eva Weber ihren Sitz im Augsburger Stadtrat auf?<\/p>\n<p class=\"mb-6 text-xs-varying md:text-m lg:text-l font-serif group-[.font-sans]:font-sans \">\n    Die Wut ist gro\u00df an diesem Montag bei der Augsburger CSU. \u201eWas die SPD mit der Eva macht, das hat es noch nie gegeben\u201c, \u00e4rgert sich ein Mitglied. Hintergrund ist, dass die Fraktion ab September auf ihr prominentestes Mitglied verzichten muss: Weil Eva Weber ab 1. September offiziell wieder Mitarbeiterin der Stadt ist, muss sie ihr politisches Mandat aufgeben. Die bayerische Gemeindeordnung verbietet es Beamten einer Stadtverwaltung, gleichzeitig im Stadtrat zu sitzen. Schlimmer wiegt f\u00fcr die CSU-Fraktion aber der Vertrauensverlust. Denn obwohl sie mit der SPD die Regierungskooperation stellt, war von den Christsozialen offenbar niemand in diesen laut CSU-Fraktionschef Leo Dietz \u201ebemerkenswerten Vorgang\u201c eingebunden.\n  <\/p>\n<p>      <a href=\"https:\/\/www.augsburger-allgemeine.de\/augsburg\/eva-weber-augsburg-florian-freund-oberbuergermeisterin-freistaat-neuer-job-stadtrat-mandat-stadtratssitz-1-115100046\" class=\"hidden  &#010;                md:block md:mr-5 md:min-w-[140px]  aspect-photo md:aspect-tv lg:aspect-tv w-fullXXX relative self-start inline overflow-hidden\" rel=\"nofollow noopener\" target=\"_blank\"><\/p>\n<p>    <img decoding=\"async\" src=\"\" alt=\"Die Ernennung der Augsburger Altoberb\u00fcrgermeisterin Eva Weber zur neuen Gr\u00fcnamtsleiterin ist aktuell Stadtgespr\u00e4ch. Viele Fragen sich, was OB Florian Freund damit bezweckte.\" title=\"Die Ernennung der Augsburger Altoberb\u00fcrgermeisterin Eva Weber zur neuen Gr\u00fcnamtsleiterin ist aktuell Stadtgespr\u00e4ch. Viele Fragen sich, was OB Florian Freund damit bezweckte.\" loading=\"lazy\" class=\"h-full w-full object-cover\"\/><br \/>\n   <\/a><\/p>\n<p class=\"mb-6 text-xs-varying md:text-m lg:text-l font-serif group-[.font-sans]:font-sans \">\n    Dieser \u201ebemerkenswerte Vorgang\u201c ist kompliziert \u2013 offenbar so, dass vielen Stadtr\u00e4ten erst am Wochenende bewusst wurde, was sie am Donnerstag abgenickt hatten. An diesem Nachmittag erfuhren sie, <a href=\"https:\/\/www.augsburger-allgemeine.de\/augsburg\/eva-weber-oberbuergermeisterin-augsburg-neuer-job-was-macht-eigentlich-freistaat-kritik-115095089\" target=\"_self\" class=\"underline \" rel=\"nofollow noopener\">dass Alt-OB Eva Weber (CSU) ihr R\u00fcckkehrrecht zur Stadt geltend gemacht habe,<\/a> wo sie vor ihrer Zeit als Referentin und OB im Wirtschaftsreferat arbeitete. Weber entschloss sich dazu, weil sie ein Stellenangebot des Freistaats hat, dort aber nur als Beamtin starten kann, wenn sie vorher bei ihrem alten Arbeitgeber, also der Stadt, wieder als solche eingestellt wird. Dieses R\u00fcckkehrrecht \u201eabzusegnen\u201c, dachten die meisten Stadtr\u00e4te, sei eine reine Formalie. Mit deren Konsequenzen aber rechnete niemand.\n  <\/p>\n<p>      <a href=\"https:\/\/www.augsburger-allgemeine.de\/augsburg\/augsburg-csu-spd-streit-eva-weber-florian-freund-volker-ullrich-fraktion-stadtrat-115111315\" class=\"hidden  &#010;                md:block md:mr-5 md:min-w-[140px]  aspect-photo md:aspect-tv lg:aspect-tv w-fullXXX relative self-start inline overflow-hidden\" rel=\"nofollow noopener\" target=\"_blank\"><\/p>\n<p>    <img decoding=\"async\" src=\"\" alt=\"Die CSU-Fraktion f\u00fchlt sich von der SPD und OB Florian Freund d\u00fcpiert.\" title=\"Die CSU-Fraktion f\u00fchlt sich von der SPD und OB Florian Freund d\u00fcpiert.\" loading=\"lazy\" class=\"h-full w-full object-cover\"\/><br \/>\n   <\/a><\/p>\n<p class=\"mb-6 text-xs-varying md:text-m lg:text-l font-serif group-[.font-sans]:font-sans \">\n    Denn die Stadt hat einem Beamten, der sein R\u00fcckkehrrecht beantragt, in angemessener Zeit ein Stellenangebot zu machen. OB Freund nutzte die Gelegenheit und bot Weber die ausgeschriebene Leitung des Gr\u00fcnamts an \u2013 und zwar zum 1. September. Weber ist damit ab dieser Woche wieder offizielle Mitarbeiterin der Stadt, auch wenn sie den Posten nicht antreten wird. Aus ihrer Zeit vor ihren politischen \u00c4mtern hat sie noch Urlaub und \u00dcberstunden, zweitens wechselt sie demn\u00e4chst zum Freistaat.\n  <\/p>\n<p>            Die Augsburger CSU-Fraktion traf sich online zur Krisensitzung<\/p>\n<p class=\"mb-6 text-xs-varying md:text-m lg:text-l font-serif group-[.font-sans]:font-sans \">\n    In der CSU-Fraktion gab es am Sonntag eine Online-Krisensitzung. Die \u00dcberzeugung dort: Es h\u00e4tte Alternativen gegeben, Eva Webers R\u00fcckkehrrecht so zu handhaben, dass sie ihr Stadtratsmandat h\u00e4tte behalten k\u00f6nnen. Offenbar habe die SPD-Spitze aber die M\u00f6glichkeit nutzen wollen, Weber noch \u201eeins mitzugeben\u201c. <a href=\"https:\/\/www.augsburger-allgemeine.de\/augsburg\/konflikte-in-der-augsburger-csu-das-sind-die-hintergruende-zur-aktuellen-debatte-114278147\" target=\"_self\" class=\"underline \" rel=\"nofollow noopener\">Das ohnehin belastete Verh\u00e4ltnis der Fraktionen von CSU und SPD d\u00fcrfte dies nicht stabilisieren.<\/a>\n  <\/p>\n<p>      <a href=\"https:\/\/www.augsburger-allgemeine.de\/augsburg\/augsburgs-oberbuergermeisterin-eva-weber-abschied-nach-sechs-jahren-im-amt-114037586\" class=\"hidden  &#010;                md:block md:mr-5 md:min-w-[140px]  aspect-photo md:aspect-tv lg:aspect-tv w-fullXXX relative self-start inline overflow-hidden\" rel=\"nofollow noopener\" target=\"_blank\"><\/p>\n<p>    <img decoding=\"async\" src=\"\" alt=\"Momente einer Amtszeit: OB Eva Weber zum Start ihrer Amtszeit, als die Corona-Pandemie begann, mit ihrem Mann Florian Weber und Ministerpr\u00e4sident Markus S\u00f6der, bei der gro\u00dfen Demo gegen Rechts auf dem Rathausplatz und in ihren letzten Tagen als Oberb\u00fcrgermeisterin (von links oben im Uhrzeigersinn).\" title=\"Momente einer Amtszeit: OB Eva Weber zum Start ihrer Amtszeit, als die Corona-Pandemie begann, mit ihrem Mann Florian Weber und Ministerpr\u00e4sident Markus S\u00f6der, bei der gro\u00dfen Demo gegen Rechts auf dem Rathausplatz und in ihren letzten Tagen als Oberb\u00fcrgermeisterin (von links oben im Uhrzeigersinn).\" loading=\"lazy\" class=\"h-full w-full object-cover\"\/><br \/>\n   <\/a><\/p>\n<p class=\"mb-6 text-xs-varying md:text-m lg:text-l font-serif group-[.font-sans]:font-sans \">\n    Margarete Heinrich, die vor einigen Jahren aus der SPD austrat und sp\u00e4ter zur CSU wechselte, \u00e4u\u00dferte sich am Sonntag auf Facebook erz\u00fcrnt: \u201eWas hier gerade mit Eva Weber veranstaltet wird, hat mit sachlicher politischer Vorgehensweise nichts mehr zu tun.\u201c Zum Anstand h\u00e4tte es geh\u00f6rt, das Gespr\u00e4ch mit Weber zu suchen, um die Vorgehensweise zu kl\u00e4ren, hei\u00dft es aus der CSU. Wie Insider erz\u00e4hlen, habe die Alt-OB am Donnerstag aber erst nach der Sitzung durch einen Anruf von Florian Freund erfahren, dass dem R\u00fcckkehrrecht nicht nur stattgegeben wurde, sondern dass sie in der Woche darauf bereits eine neue Stelle habe.\n  <\/p>\n<p>            Eva Weber ist auch in ihrer eigenen Fraktion nicht unumstritten<\/p>\n<p class=\"mb-6 text-xs-varying md:text-m lg:text-l font-serif group-[.font-sans]:font-sans \">\n    Webers Entscheidung, nach der verlorenen OB-Wahl ihr Stadtratsmandat wahrzunehmen, nahm die eigene Fraktion unterschiedlich auf. Es gab diejenigen, die Webers Entschluss goutierten, <a href=\"https:\/\/www.augsburger-allgemeine.de\/augsburg\/die-eva-stichelt-halt-immer-welche-rolle-nimmt-eva-weber-im-augsburger-stadtrat-ein-16-05-114208874\" target=\"_self\" class=\"underline \" rel=\"nofollow noopener\">andere zeigten sich \u00fcber das weitere kommunalpolitische Engagement der Alt-OB wenig erfreut.<\/a> Der j\u00fcngste Vorfall geht offenbar aber auch Webers Kritikern in den eigenen Reihen zu weit. \u201eDie SPD glaubt, der Schlange CSU-Fraktion den Kopf abgeschlagen zu haben\u201c, sagt eine Person, die in der Partei gut vernetzt ist. \u201eAber da werden sie sich noch wundern.\u201c\n  <\/p>\n<p class=\"mb-6 text-xs-varying md:text-m lg:text-l font-serif group-[.font-sans]:font-sans \">\n    Oberb\u00fcrgermeister Freund \u00e4u\u00dfert sich zum Thema nicht. Es handle sich um personelle Angelegenheiten, die er grunds\u00e4tzlich nicht \u00f6ffentlich kommentiere.\n  <\/p>\n<p class=\"mb-6 text-xs-varying md:text-m lg:text-l font-serif group-[.font-sans]:font-sans \">\n    F\u00fcr Weber r\u00fcckt Verena H\u00f6lzle aus Bergheim nach. Die Pharmazeutisch-technische Assistentin, hei\u00dft es, habe recht \u00fcberraschend den neunten Platz auf der Stadtratsliste erhalten. Die W\u00e4hler reichten sie auf Platz 17 durch. Mit Webers unfreiwilligem R\u00fcckzug schafft H\u00f6lzle doch noch den Einzug. Webers Zeit als politische Akteurin in Augsburg ist vorerst vorbei. Einen positiven Aspekt habe ihr R\u00fcckzug aus dem Stadtrat aber, sagt ein CSU-Mitglied sp\u00f6ttisch: \u201eDie Lieb\u00e4ugelei mit den Gr\u00fcnen k\u00f6nnte aufh\u00f6ren.\u201c\n  <\/p>\n","protected":false},"excerpt":{"rendered":"Oberb\u00fcrgermeister Florian Freund (SPD) hat sich in den Sommerurlaub verabschiedet. Nach der Er\u00f6ffnung des Pl\u00e4rrers und einer Sitzung&hellip;\n","protected":false},"author":2,"featured_media":1021164,"comment_status":"","ping_status":"","sticky":false,"template":"","format":"standard","meta":{"footnotes":"","_share_on_mastodon":"0"},"categories":[1846],"tags":[680,772,774,3364,29,548,663,3934,98650,210857,139238,30,13,38494,669,151533,14,15,12,184,175931],"class_list":["post-1275008","post","type-post","status-publish","format-standard","has-post-thumbnail","category-augsburg","tag-augsburg","tag-bayern","tag-csu","tag-de","tag-deutschland","tag-eu","tag-europa","tag-europe","tag-eva-weber","tag-eva-webers","tag-florian-freund","tag-germany","tag-headlines","tag-jobangebot","tag-krise","tag-leo-dietz","tag-nachrichten","tag-news","tag-schlagzeilen","tag-spd","tag-vertrauensbruch"],"share_on_mastodon":{"url":"https:\/\/pubeurope.com\/@de\/117199358375316379","error":""},"_links":{"self":[{"href":"https:\/\/www.europesays.com\/de\/wp-json\/wp\/v2\/posts\/1275008","targetHints":{"allow":["GET"]}}],"collection":[{"href":"https:\/\/www.europesays.com\/de\/wp-json\/wp\/v2\/posts"}],"about":[{"href":"https:\/\/www.europesays.com\/de\/wp-json\/wp\/v2\/types\/post"}],"author":[{"embeddable":true,"href":"https:\/\/www.europesays.com\/de\/wp-json\/wp\/v2\/users\/2"}],"replies":[{"embeddable":true,"href":"https:\/\/www.europesays.com\/de\/wp-json\/wp\/v2\/comments?post=1275008"}],"version-history":[{"count":0,"href":"https:\/\/www.europesays.com\/de\/wp-json\/wp\/v2\/posts\/1275008\/revisions"}],"wp:featuredmedia":[{"embeddable":true,"href":"https:\/\/www.europesays.com\/de\/wp-json\/wp\/v2\/media\/1021164"}],"wp:attachment":[{"href":"https:\/\/www.europesays.com\/de\/wp-json\/wp\/v2\/media?parent=1275008"}],"wp:term":[{"taxonomy":"category","embeddable":true,"href":"https:\/\/www.europesays.com\/de\/wp-json\/wp\/v2\/categories?post=1275008"},{"taxonomy":"post_tag","embeddable":true,"href":"https:\/\/www.europesays.com\/de\/wp-json\/wp\/v2\/tags?post=1275008"}],"curies":[{"name":"wp","href":"https:\/\/api.w.org\/{rel}","templated":true}]}}