{"id":1275020,"date":"2026-09-02T03:47:32","date_gmt":"2026-09-02T03:47:32","guid":{"rendered":"https:\/\/www.europesays.com\/de\/1275020\/"},"modified":"2026-09-02T03:47:32","modified_gmt":"2026-09-02T03:47:32","slug":"mineralien-und-schatzsuche-gold-gefunden-und-in-solingen-blei","status":"publish","type":"post","link":"https:\/\/www.europesays.com\/de\/1275020\/","title":{"rendered":"Mineralien- und Schatzsuche: Gold gefunden und in Solingen Blei"},"content":{"rendered":"<p class=\"text_ohne_einzug richtext text-em-55 !leading-serif mx-6 desktop:mx-0\"> Schiefer ja, aber sonst? Solingen eine alte Bergbaustadt? \u201eOkay, mit dem <a href=\"https:\/\/rp-online.de\/thema\/ruhrpott\/\" rel=\"nofollow noopener\" target=\"_blank\">Ruhrpott<\/a> kann es nicht mithalten. Aber viele Leute d\u00fcrfte doch verwundern, dass hier \u00fcberhaupt Bergbau betrieben wurde.\u201c Der das sagt, ist kein alter Heimatforscher, sondern ein junger Student: Simon Obrusnik, angehender Chemie- und Sportlehrer aus <a href=\"https:\/\/rp-online.de\/thema\/hilden\/\" rel=\"nofollow noopener\" target=\"_blank\">Hilden<\/a>, streift mit dem Geologenhammer durch die Botanik zwischen Solingen-Aufderh\u00f6he und H\u00f6hscheid. Hier, zwischen Neuenhaus an der B229 und Untenh\u00f6hscheid, wurde ab dem sp\u00e4ten 18. Jahrhundert Blei abgebaut.<\/p>\n","protected":false},"excerpt":{"rendered":"Schiefer ja, aber sonst? Solingen eine alte Bergbaustadt? \u201eOkay, mit dem Ruhrpott kann es nicht mithalten. Aber viele&hellip;\n","protected":false},"author":2,"featured_media":1275021,"comment_status":"","ping_status":"","sticky":false,"template":"","format":"standard","meta":{"footnotes":"","_share_on_mastodon":"0"},"categories":[1840],"tags":[3364,29,30,13313,1209,4418,8682],"class_list":["post-1275020","post","type-post","status-publish","format-standard","has-post-thumbnail","category-wuppertal","tag-de","tag-deutschland","tag-germany","tag-hilden","tag-nordrhein-westfalen","tag-wuppertal","tag-xxx"],"share_on_mastodon":{"url":"","error":""},"_links":{"self":[{"href":"https:\/\/www.europesays.com\/de\/wp-json\/wp\/v2\/posts\/1275020","targetHints":{"allow":["GET"]}}],"collection":[{"href":"https:\/\/www.europesays.com\/de\/wp-json\/wp\/v2\/posts"}],"about":[{"href":"https:\/\/www.europesays.com\/de\/wp-json\/wp\/v2\/types\/post"}],"author":[{"embeddable":true,"href":"https:\/\/www.europesays.com\/de\/wp-json\/wp\/v2\/users\/2"}],"replies":[{"embeddable":true,"href":"https:\/\/www.europesays.com\/de\/wp-json\/wp\/v2\/comments?post=1275020"}],"version-history":[{"count":0,"href":"https:\/\/www.europesays.com\/de\/wp-json\/wp\/v2\/posts\/1275020\/revisions"}],"wp:featuredmedia":[{"embeddable":true,"href":"https:\/\/www.europesays.com\/de\/wp-json\/wp\/v2\/media\/1275021"}],"wp:attachment":[{"href":"https:\/\/www.europesays.com\/de\/wp-json\/wp\/v2\/media?parent=1275020"}],"wp:term":[{"taxonomy":"category","embeddable":true,"href":"https:\/\/www.europesays.com\/de\/wp-json\/wp\/v2\/categories?post=1275020"},{"taxonomy":"post_tag","embeddable":true,"href":"https:\/\/www.europesays.com\/de\/wp-json\/wp\/v2\/tags?post=1275020"}],"curies":[{"name":"wp","href":"https:\/\/api.w.org\/{rel}","templated":true}]}}