{"id":1275079,"date":"2026-09-02T04:27:15","date_gmt":"2026-09-02T04:27:15","guid":{"rendered":"https:\/\/www.europesays.com\/de\/1275079\/"},"modified":"2026-09-02T04:27:15","modified_gmt":"2026-09-02T04:27:15","slug":"klaus-engels-neuer-schuetzenkoenig-in-neuss-ist-koenig-und-geburtstagskind","status":"publish","type":"post","link":"https:\/\/www.europesays.com\/de\/1275079\/","title":{"rendered":"Klaus Engels: Neuer Sch\u00fctzenk\u00f6nig in Neuss ist K\u00f6nig und Geburtstagskind"},"content":{"rendered":"<p class=\"text_ohne_einzug richtext text-em-55 !leading-serif mx-6 desktop:mx-0\">Erst Jubel, dann Schlachtenges\u00e4nge, \u201eSuperklausi-Ol\u00e9\u201c-Rufe und zuletzt \u201eHappy Birthday\u201c: Die Kameraden vom Sch\u00fctzenlustzug \u201eSchwemmb\u00f6xges\u201c fanden am Dienstag viele M\u00f6glichkeiten, um ihren Oberleutnant Klaus Engels zu feiern. Der hatte mit dem insgesamt 24. Schuss um Punkt 18.36 Uhr die Krone des Neusser Sch\u00fctzenk\u00f6nigs erobert und sich damit selbst ein sehr spezielles Geschenk zum 64. Geburtstag gemacht. Geboren wurde er 1962 am Abend der K\u00f6nigskr\u00f6nung, wie seine Mutter Marlene berichtet, die das Vogelschie\u00dfen auf der Festwiese unbedingt miterleben wollte. \u201eUm Punkt 20.10 Uhr\u201c, f\u00fcgt die 90-J\u00e4hrige hinzu.<\/p>\n","protected":false},"excerpt":{"rendered":"Erst Jubel, dann Schlachtenges\u00e4nge, \u201eSuperklausi-Ol\u00e9\u201c-Rufe und zuletzt \u201eHappy Birthday\u201c: Die Kameraden vom Sch\u00fctzenlustzug \u201eSchwemmb\u00f6xges\u201c fanden am Dienstag viele&hellip;\n","protected":false},"author":2,"featured_media":1275080,"comment_status":"","ping_status":"","sticky":false,"template":"","format":"standard","meta":{"footnotes":"","_share_on_mastodon":"0"},"categories":[1831],"tags":[14157,600,263173,3364,29,3405,21855,30,5783,211847,10430,1209,17961,263174,8025,601,42528],"class_list":["post-1275079","post","type-post","status-publish","format-standard","has-post-thumbnail","category-duesseldorf","tag-brandt","tag-bruecke","tag-brueckenlagers","tag-de","tag-deutschland","tag-duesseldorf","tag-frings","tag-germany","tag-gesperrt","tag-landesbetriebs","tag-neuss","tag-nordrhein-westfalen","tag-ring","tag-schwerlastverkehre","tag-strassen","tag-verkehr","tag-willy"],"share_on_mastodon":{"url":"https:\/\/pubeurope.com\/@de\/117199558553718828","error":""},"_links":{"self":[{"href":"https:\/\/www.europesays.com\/de\/wp-json\/wp\/v2\/posts\/1275079","targetHints":{"allow":["GET"]}}],"collection":[{"href":"https:\/\/www.europesays.com\/de\/wp-json\/wp\/v2\/posts"}],"about":[{"href":"https:\/\/www.europesays.com\/de\/wp-json\/wp\/v2\/types\/post"}],"author":[{"embeddable":true,"href":"https:\/\/www.europesays.com\/de\/wp-json\/wp\/v2\/users\/2"}],"replies":[{"embeddable":true,"href":"https:\/\/www.europesays.com\/de\/wp-json\/wp\/v2\/comments?post=1275079"}],"version-history":[{"count":0,"href":"https:\/\/www.europesays.com\/de\/wp-json\/wp\/v2\/posts\/1275079\/revisions"}],"wp:featuredmedia":[{"embeddable":true,"href":"https:\/\/www.europesays.com\/de\/wp-json\/wp\/v2\/media\/1275080"}],"wp:attachment":[{"href":"https:\/\/www.europesays.com\/de\/wp-json\/wp\/v2\/media?parent=1275079"}],"wp:term":[{"taxonomy":"category","embeddable":true,"href":"https:\/\/www.europesays.com\/de\/wp-json\/wp\/v2\/categories?post=1275079"},{"taxonomy":"post_tag","embeddable":true,"href":"https:\/\/www.europesays.com\/de\/wp-json\/wp\/v2\/tags?post=1275079"}],"curies":[{"name":"wp","href":"https:\/\/api.w.org\/{rel}","templated":true}]}}