{"id":1275123,"date":"2026-09-02T04:52:35","date_gmt":"2026-09-02T04:52:35","guid":{"rendered":"https:\/\/www.europesays.com\/de\/1275123\/"},"modified":"2026-09-02T04:52:35","modified_gmt":"2026-09-02T04:52:35","slug":"neue-hoffnung-im-kampf-gegen-demenz-kann-eine-guertelrose-impfung-helfen-gesundheit","status":"publish","type":"post","link":"https:\/\/www.europesays.com\/de\/1275123\/","title":{"rendered":"Neue Hoffnung im Kampf gegen Demenz: Kann eine G\u00fcrtelrose-Impfung helfen? | Gesundheit"},"content":{"rendered":"<p id=\"absatz1\" class=\"em_text\">Dass die Impfung gegen G\u00fcrtelrose wom\u00f6glich auch das Risiko einer Demenzerkrankung senken kann, steht schon etwas l\u00e4nger im Raum. Eine aktuelle Studie aus den USA liefert nun neue, vielversprechende Ergebnisse. Was Patientinnen und Patienten dazu wissen m\u00fcssen und wie ein Mediziner aus OWL das Thema einordnet \u2013 ein \u00dcberblick.<\/p>\n<p id=\"absatz2\" class=\"em_text\">Bereits seit einigen Jahren deuten mehrere Studien, darunter welche aus Wales und Australien, auf einen Zusammenhang zwischen der G\u00fcrtelrose-Impfung und einer Erkrankung mit Demenz hin. Forscher beobachteten, dass die Gruppe, die gegen G\u00fcrtelrose geimpft wurde, weniger h\u00e4ufig an Demenz erkrankte. Damals wurde jedoch noch mit einem sogenannten Lebendimpfstoff, der in Deutschland mittlerweile keine g\u00fcltige Zulassung mehr hat, geimpft. \u201eDiese Studien haben wom\u00f6glich eine erw\u00fcnschte Nebenwirkung aufgedeckt\u201c, ordnet Andreas Schimke, Hausarzt aus Spenge, ein.<\/p>\n<p><a class=\"link-img\" href=\"https:\/\/www.mt.de\/_em_daten\/_cache\/image\/1xeE1Mc1pkbjlIODJMV2dHSldvS2NYVmR0MGl1Y3hpZmpMSFgxZWNGUW9RNyswTk00S2JRdzdZVHFsVW9odkZxQmtzZTlFOTZMTUl5a0Yrenl4SndjVXZiSFYyVkh4QUR3R09CajVoVmVSZkk9\/260901-1633-926309957.webp\" data-fancybox=\"images\" data-caption=\"Andreas Schimke ist Hausarzt aus Spenge. In seiner Praxis lassen sich viele Menschen gegen G\u00fcrtelrose impfen. - \u00a9 Carolin Nieder-Entgelmeier\" rel=\"nofollow noopener\" target=\"_blank\"><br \/>\n<img decoding=\"async\"  src=\"https:\/\/www.europesays.com\/de\/wp-content\/uploads\/2026\/09\/260901-1633-926309957.webp\" loading=\"lazy\" width=\"1000\" alt=\"Andreas Schimke ist Hausarzt aus Spenge. In seiner Praxis lassen sich viele Menschen gegen G\u00fcrtelrose impfen. - \u00a9 Carolin Nieder-Entgelmeier\"\/><\/p>\n<p><\/a><\/p>\n<p>Andreas Schimke ist Hausarzt aus Spenge. In seiner Praxis lassen sich viele Menschen gegen G\u00fcrtelrose impfen. &#8211; \u00a9 Carolin Nieder-Entgelmeier<\/p>\n<p id=\"absatz3\" class=\"em_text\">\u201eDas Thema ist hochinteressant\u201c, sagt der Mediziner und verweist auf die immer \u00e4lter werdende Bev\u00f6lkerung. Mit der Generation der Babyboomer kommen bald deutlich mehr Patienten hinzu. Neben vielen anderen Krankheiten werde auch Demenz ein gro\u00dfes Zukunftsthema sein, prognostiziert er. \u201eEine Demenz an sich werden wir nicht behandeln k\u00f6nnen\u201c, es gehe daher eher um das Verlangsamen oder Verz\u00f6gern der Erkrankung. Der m\u00f6gliche Zusatznutzen der Impfung kommt also zur rechten Zeit.<\/p>\n<p>Studie zur aktuellen G\u00fcrtelrose-Impfung: Was kam dabei raus?<\/p>\n<p id=\"absatz4\" class=\"em_text\">Die erw\u00fcnschte Nebenwirkung, n\u00e4mlich die Senkung des Demenzrisikos, wurde nun auch mit dem heute \u00fcblichen Totimpfstoff \u201eShingrix\u201c untersucht. Laut Schimke werde dieser Impfstoff aktuell auch in Deutschland genutzt, um Patienten \u201eso gut es heute geht\u201c vor einer G\u00fcrtelrose zu sch\u00fctzen. Die Ergebnisse einer Studie aus den USA erschienen k\u00fcrzlich im Fachjournal <a href=\"https:\/\/www.acpjournals.org\/doi\/10.7326\/ANNALS-25-04689\" rel=\"noopener nofollow\" target=\"_blank\">\u201eAnnals of Internal Medicine\u201c<\/a> und lassen hoffen.<\/p>\n<p id=\"absatz5\" class=\"em_text\">Forscher an der Brown University haben die Daten von mehr als 500.000 \u00e4lteren Erwachsenen ab 66 Jahren im Zeitraum zwischen 2017 und 2022 ausgewertet. Dabei wurde das Demenzrisiko der Menschen, die mindestens eine Dosis des G\u00fcrtelrose-Impfstoffs bekommen hatten, mit dem der ungeimpften Menschen verglichen.<\/p>\n<p id=\"absatz6\" class=\"em_text\">Nach vier Jahren zeigten die beiden Gruppen einen deutlichen Unterschied: W\u00e4hrend das Demenzrisiko bei der ungeimpften Gruppe bei 24,6 Prozent lag, zeigte die geimpfte Gruppe nur ein Risiko von 18,8 Prozent. \u201eUmgerechnet bedeutet das, dass ungef\u00e4hr jeder 17. Demenzfall m\u00f6glicherweise vermeidbar w\u00e4re\u201c, erkl\u00e4rt Studienautorin Kaley Hayes.<\/p>\n<p>Wie k\u00f6nnte die Impfung das Gehirn sch\u00fctzen?<\/p>\n<p id=\"absatz7\" class=\"em_text\">Die genaue Wirkungsweise der G\u00fcrtelrose-Impfung auf das Demenzrisiko ist bisher nicht gekl\u00e4rt. Es gibt jedoch mehrere Erkl\u00e4rungsans\u00e4tze:<\/p>\n<ul>\n<li><b class=\"bold\">Indirekter Schutz:<\/b> Die Impfung verhindert den Ausbruch des Varizella-Zoster-Virus, das die G\u00fcrtelrose ausl\u00f6st. Dadurch bleiben auch die damit verbundenen Entz\u00fcndungen im Nervensystem aus \u2013 ein bekannter Risikofaktor f\u00fcr Demenz.<\/li>\n<li><b class=\"bold\">Direkte Wirkung: <\/b>M\u00f6glicherweise sch\u00fctzt der Impfstoff das Gehirn auch direkt, indem er eine st\u00e4rkere Immunantwort ausl\u00f6st, die neuroprotektiv \u2013 also nervenzellsch\u00fctzend \u2013 wirkt.<\/li>\n<li><b class=\"bold\">Virussch\u00e4den:<\/b> Das Varizella-Zoster-Virus kann Nervenzellen direkt sch\u00e4digen. Die Impfung k\u00f6nnte diese Sch\u00e4den verhindern.<\/li>\n<\/ul>\n<p>Wo haben die Ergebnisse der Studie ihre Grenzen?<\/p>\n<p class=\"em_text\">Die Ergebnisse der Studie legen nahe, dass die G\u00fcrtelrose-Impfung eine Strategie zur Demenzpr\u00e4vention sein k\u00f6nnte \u2013 sie habe aber auch ihre Limitierung. Ob die G\u00fcrtelrose-Impfung tats\u00e4chlich direkt vor einer Erkrankung an Demenz sch\u00fctzt, l\u00e4sst sich aus der Studie n\u00e4mlich nicht ableiten.<\/p>\n<p id=\"absatz9\" class=\"em_text\">Es handelt sich um eine Beobachtungsstudie. Sie kann Zusammenh\u00e4nge aufzeigen, aber keinen eindeutigen Ursache-Wirkungs-Beweis liefern. Denn die Einteilung in die Impf- und Vergleichsgruppe erfolgte nicht nach dem Zufallsprinzip und es wurden bereits vorhandene Gesundheitsdaten ausgewertet. Es k\u00f6nnten daher auch andere Faktoren, wie ein generell gesunder Lebensstil oder weniger Vorerkrankungen in das geringere Demenzrisiko der Impfgruppe hineinspielen.<\/p>\n<p>&#8222;&gt;\n<\/p>\n<p class=\"head\">Empfohlener redaktioneller Inhalt<\/p>\n<p class=\"privacy-main-info-text\">Wir bieten an dieser Stelle weitere externe Informationen zu dem Artikel an. Mit einem Klick k\u00f6nnen Sie sich diese anzeigen lassen und auch wieder ausblenden.<\/p>\n<p class=\"privacy-info\">Wenn Sie sich externe Inhalte anzeigen lassen, erkl\u00e4ren Sie sich damit einverstanden, dass m\u00f6glicherweise personenbezogene Daten an Drittplattformen \u00fcbermittelt werden.<br \/><a target=\"_blank\" href=\"https:\/\/www.mt.de\/datenschutz\" rel=\"nofollow noopener\"> Weitere Hinweise dazu finden Sie in unserer Datenschutzerkl\u00e4rung.<\/a><\/p>\n<p id=\"absatz10\" class=\"em_text\">Auch wurden die Teilnehmer der Studie maximal vier Jahre lang verfolgt, Aussagen \u00fcber einen l\u00e4ngeren Zeitraum hinweg lassen sich daher nicht treffen. Die aktuelle Studie wurde zudem vom Shingrix-Hersteller GlaxoSmithKline finanziert. Weitere unabh\u00e4ngige klinische Studien m\u00fcssen zeigen, ob die Impfung selbst das Demenzrisiko senkt. Und auch die Frage, ob die Impfung den Krankheitsverlauf bei bereits bestehender Demenz beeinflussen kann, gilt es zu kl\u00e4ren.<\/p>\n<p id=\"absatz11\" class=\"em_text\">Neben der G\u00fcrtelrose-Impfung steht eine \u201eerw\u00fcnschte Nebenwirkung\u201c auch bei weiteren Medikamenten im Raum. Eine konsequente medikament\u00f6se Behandlung von bestimmten Grunderkrankungen k\u00f6nnte das sp\u00e4tere Demenzrisiko ebenfalls senken. \u201eZum Beispiel wird das bei der Abnehmspritze, bei Cholesterinsenkern, bei Blutdrucksenkern oder Diabetes-Medikamenten angenommen\u201c, so Schimke.<\/p>\n<p>Sollte ich mich pr\u00e4ventiv gegen G\u00fcrtelrose impfen lassen?<\/p>\n<p id=\"absatz12\" class=\"em_text\">\u201eEine G\u00fcrtelrose ist unheimlich eindrucksvoll, darauf hat keiner Bock\u201c, sagt Andreas Schimke. Im schlimmsten Fall k\u00f6nne die Erkrankung verschleppt oder unbehandelt zu chronischen Nervenschmerzen f\u00fchren. G\u00fcrtelrose wird durch das Varizella-Zoster-Virus ausgel\u00f6st, das nach einer Windpocken-Erkrankung ein Leben lang im K\u00f6rper schlummert. \u201eWenn man Windpocken hatte, ist die Wahrscheinlichkeit an G\u00fcrtelrose zu erkranken gegeben\u201c, erkl\u00e4rt der Hausarzt. Bei etwa jedem Dritten reaktiviert sich das Virus im Laufe des Lebens und l\u00f6st die schmerzhafte G\u00fcrtelrose aus \u2013 meist mit brennenden Bl\u00e4schen entlang der Nervenbahnen.<\/p>\n<p><a class=\"link-img\" href=\"https:\/\/www.mt.de\/_em_daten\/_cache\/image\/1xQ3VVYmo5QXMrZndYMlltNHQ4SXJsZGc3VXpIRzBjSzYzdnBWMUVlK0gyWFR3OU9TZjZ3K1A4VjIxMFVSbGdvSjYrd2ZOMFl0cUdKZG1wQlFKeGI0akZvNlYycDMrQkRKc0diYVlSUDVKblk9\/260901-1633-926307784.webp\" data-fancybox=\"images\" data-caption=\"Die STIKO empfiehlt eine G\u00fcrtelrose-Impfung auch Personen mit geschw\u00e4chtem Immunsystem. - \u00a9 Symbolbild: Pexels\" rel=\"nofollow noopener\" target=\"_blank\"><br \/>\n<img decoding=\"async\"  src=\"https:\/\/www.europesays.com\/de\/wp-content\/uploads\/2026\/09\/260901-1633-926307784.webp\" loading=\"lazy\" width=\"1000\" alt=\"Die STIKO empfiehlt eine G\u00fcrtelrose-Impfung auch Personen mit geschw\u00e4chtem Immunsystem. - \u00a9 Symbolbild: Pexels\"\/><\/p>\n<p><\/a><\/p>\n<p>Die STIKO empfiehlt eine G\u00fcrtelrose-Impfung auch Personen mit geschw\u00e4chtem Immunsystem. &#8211; \u00a9 Symbolbild: Pexels<\/p>\n<p id=\"absatz13\" class=\"em_text\">Die St\u00e4ndige Impfkommission (STIKO) empfiehlt die G\u00fcrtelrose-Impfung allen Menschen ab 60 Jahren, Menschen ab 50, die eine Grunderkrankung wie Diabetes, COPD, Rheuma oder chronische Nierenerkrankungen haben und Menschen mit einem geschw\u00e4chten Immunsystem, zum Beispiel bei einer Krebserkrankung. Nach dieser Empfehlung richtet sich auch der Hausarzt, der eine Impfung gegen\u00fcber der Krankenkasse plausibel und sinnig begr\u00fcnden muss, um eine Kostenerstattung zu erwirken.<\/p>\n<p id=\"absatz14\" class=\"em_text\">\u201eAb 50 Jahren kann man \u00fcberlegen, ob man gegebenenfalls selbst Geld in die Hand nimmt und die Impfung privat bezahlt\u201c, sagt Schimke. Rund 500 Euro kosten die zwei Dosen, die im Abstand von zwei bis sechs Monaten geimpft werden sollten. Die Impfung sch\u00fctze dann vor einer Erkrankung an G\u00fcrtelrose \u201eso gut es heute eben geht\u201c, aber auch nicht zu hundert Prozent. \u201eWenn dabei zuf\u00e4llig noch so etwas wie Demenzverlangsamung herumspringt \u2013 umso besser\u201c, meint der Hausarzt. Das w\u00e4re quasi ein \u201eAdd-on\u201c zur G\u00fcrtelrose-Impfung. Eine tats\u00e4chliche Senkung des Demenzrisikos ist aber bisher eben nicht nachgewiesen. Wer unsicher ist, ob die Impfung f\u00fcr ihn infrage kommt, sollte das Gespr\u00e4ch mit dem Hausarzt suchen. <\/p>\n","protected":false},"excerpt":{"rendered":"Dass die Impfung gegen G\u00fcrtelrose wom\u00f6glich auch das Risiko einer Demenzerkrankung senken kann, steht schon etwas l\u00e4nger im&hellip;\n","protected":false},"author":2,"featured_media":1275124,"comment_status":"","ping_status":"","sticky":false,"template":"","format":"standard","meta":{"footnotes":"","_share_on_mastodon":"0"},"categories":[137],"tags":[263187,1912,21206,1051,42876,29,30,141,34775,232,755,44034,732,16351,12434,2378,16896,164252,16897,22059,83561,183860,55150,64,637,6172],"class_list":["post-1275123","post","type-post","status-publish","format-standard","has-post-thumbnail","category-gesundheit","tag-andreas-schimke","tag-australien","tag-brown-university","tag-demenz","tag-demenzrisiko","tag-deutschland","tag-germany","tag-gesundheit","tag-guertelrose","tag-health","tag-impfung","tag-label_evergreen","tag-label_frei","tag-label_mach-mich-schlau","tag-label_seo-ok","tag-label_umfrage","tag-label_xl-160","tag-meta_eo_zusammenfassung","tag-meta_userneeds_erklaeremir","tag-owl","tag-serie_green","tag-serie_trend","tag-spenge","tag-usa","tag-virus","tag-wales"],"share_on_mastodon":{"url":"https:\/\/pubeurope.com\/@de\/117199658444754743","error":""},"_links":{"self":[{"href":"https:\/\/www.europesays.com\/de\/wp-json\/wp\/v2\/posts\/1275123","targetHints":{"allow":["GET"]}}],"collection":[{"href":"https:\/\/www.europesays.com\/de\/wp-json\/wp\/v2\/posts"}],"about":[{"href":"https:\/\/www.europesays.com\/de\/wp-json\/wp\/v2\/types\/post"}],"author":[{"embeddable":true,"href":"https:\/\/www.europesays.com\/de\/wp-json\/wp\/v2\/users\/2"}],"replies":[{"embeddable":true,"href":"https:\/\/www.europesays.com\/de\/wp-json\/wp\/v2\/comments?post=1275123"}],"version-history":[{"count":0,"href":"https:\/\/www.europesays.com\/de\/wp-json\/wp\/v2\/posts\/1275123\/revisions"}],"wp:featuredmedia":[{"embeddable":true,"href":"https:\/\/www.europesays.com\/de\/wp-json\/wp\/v2\/media\/1275124"}],"wp:attachment":[{"href":"https:\/\/www.europesays.com\/de\/wp-json\/wp\/v2\/media?parent=1275123"}],"wp:term":[{"taxonomy":"category","embeddable":true,"href":"https:\/\/www.europesays.com\/de\/wp-json\/wp\/v2\/categories?post=1275123"},{"taxonomy":"post_tag","embeddable":true,"href":"https:\/\/www.europesays.com\/de\/wp-json\/wp\/v2\/tags?post=1275123"}],"curies":[{"name":"wp","href":"https:\/\/api.w.org\/{rel}","templated":true}]}}