{"id":1275147,"date":"2026-09-02T05:09:16","date_gmt":"2026-09-02T05:09:16","guid":{"rendered":"https:\/\/www.europesays.com\/de\/1275147\/"},"modified":"2026-09-02T05:09:16","modified_gmt":"2026-09-02T05:09:16","slug":"moenchengladbach-trans-pride-demo-am-5-september","status":"publish","type":"post","link":"https:\/\/www.europesays.com\/de\/1275147\/","title":{"rendered":"M\u00f6nchengladbach: trans Pride Demo am 5. September"},"content":{"rendered":"<p class=\"text_ohne_einzug richtext text-em-55 !leading-serif mx-6 desktop:mx-0\">  Die Gruppe \u201eQueermany M\u00f6nchengladbach-Niederrhein\u201c veranstaltet am Samstag, 5. September, die wohl erste Trans Pride Demo M\u00f6nchengladbachs. Die Demonstration f\u00fcr die Rechte von trans Personen, f\u00fcr Selbstbestimmung und gegen Transfeindlichkeit startet um 10 Uhr am Tellmannplatz in Rheydt. Von dort aus f\u00fchrt der Weg \u00fcber die Br\u00fccknerallee, die L\u00fcpertzender Stra\u00dfe und die untere Hindenburgstra\u00dfe zu einer Zwischenkundgebung auf dem Adenauerplatz. Die Abschlusskundgebung findet schlie\u00dflich ab 14 Uhr auf dem Schillerplatz statt. Dort stehen Redebeitr\u00e4ge, eine Drag-Show und Musik auf dem Programm.<\/p>\n","protected":false},"excerpt":{"rendered":"Die Gruppe \u201eQueermany M\u00f6nchengladbach-Niederrhein\u201c veranstaltet am Samstag, 5. September, die wohl erste Trans Pride Demo M\u00f6nchengladbachs. Die Demonstration&hellip;\n","protected":false},"author":2,"featured_media":1275148,"comment_status":"","ping_status":"","sticky":false,"template":"","format":"standard","meta":{"footnotes":"","_share_on_mastodon":"0"},"categories":[1849],"tags":[3364,507,29,548,663,3934,30,13,5203,4455,14,15,3716,1209,23148,72944,263188,27339,12,22910,26304],"class_list":["post-1275147","post","type-post","status-publish","format-standard","has-post-thumbnail","category-moenchengladbach","tag-de","tag-demonstration","tag-deutschland","tag-eu","tag-europa","tag-europe","tag-germany","tag-headlines","tag-meyer","tag-moenchengladbach","tag-nachrichten","tag-news","tag-niederrhein","tag-nordrhein-westfalen","tag-personen","tag-queeren","tag-queermany","tag-rechte","tag-schlagzeilen","tag-trans","tag-transfeindlichkeit"],"share_on_mastodon":{"url":"","error":""},"_links":{"self":[{"href":"https:\/\/www.europesays.com\/de\/wp-json\/wp\/v2\/posts\/1275147","targetHints":{"allow":["GET"]}}],"collection":[{"href":"https:\/\/www.europesays.com\/de\/wp-json\/wp\/v2\/posts"}],"about":[{"href":"https:\/\/www.europesays.com\/de\/wp-json\/wp\/v2\/types\/post"}],"author":[{"embeddable":true,"href":"https:\/\/www.europesays.com\/de\/wp-json\/wp\/v2\/users\/2"}],"replies":[{"embeddable":true,"href":"https:\/\/www.europesays.com\/de\/wp-json\/wp\/v2\/comments?post=1275147"}],"version-history":[{"count":0,"href":"https:\/\/www.europesays.com\/de\/wp-json\/wp\/v2\/posts\/1275147\/revisions"}],"wp:featuredmedia":[{"embeddable":true,"href":"https:\/\/www.europesays.com\/de\/wp-json\/wp\/v2\/media\/1275148"}],"wp:attachment":[{"href":"https:\/\/www.europesays.com\/de\/wp-json\/wp\/v2\/media?parent=1275147"}],"wp:term":[{"taxonomy":"category","embeddable":true,"href":"https:\/\/www.europesays.com\/de\/wp-json\/wp\/v2\/categories?post=1275147"},{"taxonomy":"post_tag","embeddable":true,"href":"https:\/\/www.europesays.com\/de\/wp-json\/wp\/v2\/tags?post=1275147"}],"curies":[{"name":"wp","href":"https:\/\/api.w.org\/{rel}","templated":true}]}}