{"id":1275149,"date":"2026-09-02T05:10:22","date_gmt":"2026-09-02T05:10:22","guid":{"rendered":"https:\/\/www.europesays.com\/de\/1275149\/"},"modified":"2026-09-02T05:10:22","modified_gmt":"2026-09-02T05:10:22","slug":"gelsenkirchen-feuerwehreinsaetze-in-horst-radio-emscher-lippe-2","status":"publish","type":"post","link":"https:\/\/www.europesays.com\/de\/1275149\/","title":{"rendered":"Gelsenkirchen: Feuerwehreins\u00e4tze in Horst &#8211; Radio Emscher Lippe"},"content":{"rendered":"<p>An der Stra\u00dfe &#8222;Zum Bauverein&#8220; in Gelsenkirchen-Horst hat es heute (01.09.) in einem Keller gebrannt. Der Hausbesitzer war vor Ort als die Einsatzkr\u00e4fte eintragen. Er befand sich aber schon au\u00dferhalb des Geb\u00e4udes. Der Mann wurde vorsorglich ins Krankenhaus gebracht. Laut der Feuerwehr hat sich durch die Hitze eine Gasleitung gel\u00f6st. Dabei entstand ein Leck. Es soll zu einer Verpuffung gekommen sein. Au\u00dferhalb des Hauses musste der Asphalt aufgebrochen werden. Dadurch konnte der Gasversorger die Leitung trennen und mit einem Stopfen versehen. Die Polizei hat den Bereich um die Einsatzstelle weitr\u00e4umig gesperrt. Betroffen sind die Poststra\u00dfe\/Industriestra\u00dfe, Strundenstra\u00dfe\/Proststra\u00dfe, der Bahn\u00fcbergang Strickerstra\u00dfe, Zum Bauverein\/Devesestra\u00dfe\/Sandstra\u00dfe und der Bereich um den Kreisverkehr. Es sind zahlreiche Rettungskr\u00e4fte vor Ort. Beim Einsatz wurden zwei Feuerwehrleute durch Stromschl\u00e4ge leicht verletzt. Mittlerweile ist auch ein Bausachverst\u00e4ndiger vom Technischen Hilfswerk vor Ort. Laut der Feuerwehr Gelsenkirchen \u00fcberpr\u00fcft er die Statik vom Geb\u00e4ude. Die Brandursache ist noch unbekannt.<\/p>\n<p>Am Abend wurden die Einsatzkr\u00e4fte dann noch zu einem K\u00fcchenbrand in Gelsenkirchen-Horst gerufen. Laut einem Sprecher der Feuerwehr Gelsenkirchen laufen aktuell (18:55 Uhr) bereits die Nachl\u00f6scharbeiten. Es wurde keine Person verletzt.<\/p>\n","protected":false},"excerpt":{"rendered":"An der Stra\u00dfe &#8222;Zum Bauverein&#8220; in Gelsenkirchen-Horst hat es heute (01.09.) in einem Keller gebrannt. Der Hausbesitzer war&hellip;\n","protected":false},"author":2,"featured_media":1274738,"comment_status":"","ping_status":"","sticky":false,"template":"","format":"standard","meta":{"footnotes":"","_share_on_mastodon":"0"},"categories":[1848],"tags":[3364,29,548,663,3934,3658,30,13,14,15,1209,12],"class_list":["post-1275149","post","type-post","status-publish","format-standard","has-post-thumbnail","category-gelsenkirchen","tag-de","tag-deutschland","tag-eu","tag-europa","tag-europe","tag-gelsenkirchen","tag-germany","tag-headlines","tag-nachrichten","tag-news","tag-nordrhein-westfalen","tag-schlagzeilen"],"share_on_mastodon":{"url":"https:\/\/pubeurope.com\/@de\/117199727651734910","error":""},"_links":{"self":[{"href":"https:\/\/www.europesays.com\/de\/wp-json\/wp\/v2\/posts\/1275149","targetHints":{"allow":["GET"]}}],"collection":[{"href":"https:\/\/www.europesays.com\/de\/wp-json\/wp\/v2\/posts"}],"about":[{"href":"https:\/\/www.europesays.com\/de\/wp-json\/wp\/v2\/types\/post"}],"author":[{"embeddable":true,"href":"https:\/\/www.europesays.com\/de\/wp-json\/wp\/v2\/users\/2"}],"replies":[{"embeddable":true,"href":"https:\/\/www.europesays.com\/de\/wp-json\/wp\/v2\/comments?post=1275149"}],"version-history":[{"count":0,"href":"https:\/\/www.europesays.com\/de\/wp-json\/wp\/v2\/posts\/1275149\/revisions"}],"wp:featuredmedia":[{"embeddable":true,"href":"https:\/\/www.europesays.com\/de\/wp-json\/wp\/v2\/media\/1274738"}],"wp:attachment":[{"href":"https:\/\/www.europesays.com\/de\/wp-json\/wp\/v2\/media?parent=1275149"}],"wp:term":[{"taxonomy":"category","embeddable":true,"href":"https:\/\/www.europesays.com\/de\/wp-json\/wp\/v2\/categories?post=1275149"},{"taxonomy":"post_tag","embeddable":true,"href":"https:\/\/www.europesays.com\/de\/wp-json\/wp\/v2\/tags?post=1275149"}],"curies":[{"name":"wp","href":"https:\/\/api.w.org\/{rel}","templated":true}]}}