{"id":1275167,"date":"2026-09-02T05:21:16","date_gmt":"2026-09-02T05:21:16","guid":{"rendered":"https:\/\/www.europesays.com\/de\/1275167\/"},"modified":"2026-09-02T05:21:16","modified_gmt":"2026-09-02T05:21:16","slug":"wuelfrath-das-bietet-der-erste-kulturtag-in-der-innenstadt","status":"publish","type":"post","link":"https:\/\/www.europesays.com\/de\/1275167\/","title":{"rendered":"W\u00fclfrath: Das bietet der erste Kulturtag in der Innenstadt"},"content":{"rendered":"<p class=\"text_ohne_einzug richtext text-em-55 !leading-serif mx-6 desktop:mx-0\">  Wenn man dieses Programm liest, wei\u00df man gar nicht, wo man zuerst vorbeischauen soll. Hier hat man die Qual der Wahl: Am Samstag, 5. September, feiert <a href=\"https:\/\/rp-online.de\/thema\/wuelfrath\/\" rel=\"nofollow noopener\" target=\"_blank\">W\u00fclfrath<\/a> erstmals den Kulturtag. Das Kulturb\u00fcro der Stadt W\u00fclfrath veranstaltet den Tag gemeinsam mit dem Stadtkulturbund W\u00fclfrath, in dem \u00fcber zwanzig kulturtreibende Institutionen zusammengeschlossen sind. So vielf\u00e4ltig wie die W\u00fclfrather Kulturlandschaft selbst, so vielf\u00e4ltig ist auch das Programm, bei dem sich die Innenstadt in einen Kulturparcours mit Musik, Theater, Tanz, Kreativangeboten, Stadtgeschichte und zahlreichen M\u00f6glichkeiten zum Mitmachen verwandelt.<\/p>\n<p class=\"richtext text-em-55 !leading-serif mx-6 desktop:mx-0\">Um 10 Uhr er\u00f6ffnet B\u00fcrgermeister Sebastian Schorn den Kulturtag auf dem Heumarkt. Von dort aus erstreckt sich das Programm bis 15 Uhr \u00fcber den Platz am Weber, die Stadtkirche, die zur Medienwelt und das WIR-Haus. Verschiedene Angebote finden an mehreren Orten zeitgleich statt. Sie sind kosten- und anmeldefrei. Einzige Ausnahme: Das Kulturfr\u00fchst\u00fcck mit Demokratiefitness-Workshop der B\u00fcrgerstiftung W\u00fclfrath von 10 bis 12 Uhr im WIR-Haus (wir berichteten). Hier kostet die Teilnahme f\u00fcnf Euro. Die Anmeldung erfolgt unter <a href=\"https:\/\/rp-online.de\/nrw\/staedte\/wuelfrath\/mailto:vorstand@b%C3%BCrgerstiftung-wuelfrath.de\" rel=\"nofollow noopener\" target=\"_blank\">vorstand@b\u00fcrgerstiftung-wuelfrath.de<\/a>.<\/p>\n<p class=\"richtext text-em-55 !leading-serif mx-6 desktop:mx-0\">Eine gute M\u00f6glichkeit, m\u00f6glichst viele der Angebote zu entdecken, bietet der Kulturparcours, der sich \u00fcber die komplette Veranstaltungsfl\u00e4che erstreckt. An verschiedenen Stationen sammelt man Stempel im Programmflyer. Wer alle vorgesehenen Stationen besucht hat, darf sich anschlie\u00dfend am Stand von Theater Minestrone eine kleine Belohnung abholen.<\/p>\n<p class=\"richtext text-em-55 !leading-serif mx-6 desktop:mx-0\">\u201eWir m\u00f6chten die Menschen ausdr\u00fccklich dazu ermuntern, an diesem Tag auf Entdeckungsreise zu gehen. Der Kulturtag soll neugierig machen \u2013 auf Kultur, aufeinander und auf unsere Stadt\u201c, sagt B\u00fcrgermeister Sebastian Schorn. Mitmachen ist ausdr\u00fccklich erw\u00fcnscht. In der Medienwelt k\u00f6nnen Besucher von 10 bis 13 Uhr bei einem Kreativangebot der Volkshochschule (VHS) Mettmann-W\u00fclfrath eigene Gru\u00dfkarten gestalten. Das junge Ensemble des Theaters Minestrone l\u00e4dt von 13 bis 15 Uhr Jugendliche zwischen zw\u00f6lf und 17 Jahren ins WIR-Haus zu einem Improvisationsworkshop ein. Auf dem Heumarkt k\u00f6nnen Interessierte gemeinsam mit der Arbeiterwohlfahrt (Awo) W\u00fclfrath und dem Tanzhaus Neandertal ab 11.15 Uhr Line Dance ausprobieren. Geplant ist zudem ein gemeinsamer Tanz-Flashmob.<\/p>\n<p class=\"richtext text-em-55 !leading-serif mx-6 desktop:mx-0\">T\u00e4nzerisch wird zudem noch mehr geboten. Auf dem Heumarkt um 10.30 Uhr und auf dem Kirchplatz um 11.30 Uhr gibt es Tanzspa\u00df mit den Kalkstadtnarren. Das Tanzstudio G House f\u00fchrt T\u00e4nze um 12.45 und 13.54 Uhr auf dem Heumarkt auf.<\/p>\n<p class=\"richtext text-em-55 !leading-serif mx-6 desktop:mx-0\">Musikalisch wird es ebenfalls. Eine besondere Rolle spielt dabei die Stadtkirche. Zu erleben sind hier um 12 Uhr der Posaunenchor, das Weltmusikensemble Al Watan mit der S\u00e4ngerin Nadiia Sheremetieva um 13 Uhr sowie ein offenes Singen mit Sheremetieva und der Chorgemeinschaft W\u00fclfrath um 14 Uhr. Der kleine Platz rund um den Weber wird zur Konzertb\u00fchne: um 11 Uhr mit dem Konzert der Musikfreunde W\u00fclfrath sowie von 12 bis 15 Uhr mit dem Auftritt von Daniela R\u00fcttinger. Und der Auftritt des Alternativchores der Awo und des Chores t\u00fcrkischer Frauen aus Wuppertal findet um 13 Uhr auf dem Heumarkt statt.<\/p>\n<p class=\"richtext text-em-55 !leading-serif mx-6 desktop:mx-0\">Die bekannten W\u00fclfrather Figuren Weber, Plantenfrau und der Kalker werden in den Kulturparcours einbezogen und sind zudem Treffpunkt f\u00fcr die drei Schnupper-Stadtf\u00fchrungen mit Manfred Weidenbruch um 10.30, 11.30 und 13.30 Uhr.<\/p>\n<p class=\"richtext text-em-55 !leading-serif mx-6 desktop:mx-0\">In der Zeit von 10 bis 15 Uhr pr\u00e4sentieren sich zudem zahlreiche Einrichtungen, Vereine und Initiativen mit eigenen Angeboten und Informationsst\u00e4nden. \u00dcber 24 Teilnehmer gibt es. \u201eDie gro\u00dfe Beteiligung zeigt eindrucksvoll, wie viel kulturelles Engagement in W\u00fclfrath vorhanden ist. Viele dieser Angebote entstehen durch Menschen, die ihre Zeit, ihre Ideen und ihre Kreativit\u00e4t f\u00fcr andere einsetzen. Diesem Engagement m\u00f6chten wir mit dem Kulturtag eine gemeinsame B\u00fchne geben\u201c, erkl\u00e4rt Kulturmanager Lars Mader. Der Kulturtag solle auch dazu beitragen, die Akteure untereinander noch st\u00e4rker zu verkn\u00fcpfen und neue Kooperationen zu schaffen. Zudem soll er k\u00fcnftig immer wieder unterschiedliche Kulturorte W\u00fclfraths in den Blick nehmen.<\/p>\n","protected":false},"excerpt":{"rendered":"Wenn man dieses Programm liest, wei\u00df man gar nicht, wo man zuerst vorbeischauen soll. Hier hat man die&hellip;\n","protected":false},"author":2,"featured_media":1275168,"comment_status":"","ping_status":"","sticky":false,"template":"","format":"standard","meta":{"footnotes":"","_share_on_mastodon":"0"},"categories":[1840],"tags":[9881,3364,29,30,6775,2065,38010,263190,8782,80,263189,244785,155540,1209,46569,1781,7231,27167,50060,4418],"class_list":["post-1275167","post","type-post","status-publish","format-standard","has-post-thumbnail","category-wuppertal","tag-angebote","tag-de","tag-deutschland","tag-germany","tag-heumarkt","tag-innenstadt","tag-kreativ","tag-kreativangebot","tag-kreativitaet","tag-kultur","tag-kulturparcours","tag-kulturtag","tag-medienwelt","tag-nordrhein-westfalen","tag-parcours","tag-tag","tag-weber","tag-wuelfrath","tag-wuelfrather","tag-wuppertal"],"share_on_mastodon":{"url":"https:\/\/pubeurope.com\/@de\/117199771025970914","error":""},"_links":{"self":[{"href":"https:\/\/www.europesays.com\/de\/wp-json\/wp\/v2\/posts\/1275167","targetHints":{"allow":["GET"]}}],"collection":[{"href":"https:\/\/www.europesays.com\/de\/wp-json\/wp\/v2\/posts"}],"about":[{"href":"https:\/\/www.europesays.com\/de\/wp-json\/wp\/v2\/types\/post"}],"author":[{"embeddable":true,"href":"https:\/\/www.europesays.com\/de\/wp-json\/wp\/v2\/users\/2"}],"replies":[{"embeddable":true,"href":"https:\/\/www.europesays.com\/de\/wp-json\/wp\/v2\/comments?post=1275167"}],"version-history":[{"count":0,"href":"https:\/\/www.europesays.com\/de\/wp-json\/wp\/v2\/posts\/1275167\/revisions"}],"wp:featuredmedia":[{"embeddable":true,"href":"https:\/\/www.europesays.com\/de\/wp-json\/wp\/v2\/media\/1275168"}],"wp:attachment":[{"href":"https:\/\/www.europesays.com\/de\/wp-json\/wp\/v2\/media?parent=1275167"}],"wp:term":[{"taxonomy":"category","embeddable":true,"href":"https:\/\/www.europesays.com\/de\/wp-json\/wp\/v2\/categories?post=1275167"},{"taxonomy":"post_tag","embeddable":true,"href":"https:\/\/www.europesays.com\/de\/wp-json\/wp\/v2\/tags?post=1275167"}],"curies":[{"name":"wp","href":"https:\/\/api.w.org\/{rel}","templated":true}]}}