{"id":1275220,"date":"2026-09-02T05:56:24","date_gmt":"2026-09-02T05:56:24","guid":{"rendered":"https:\/\/www.europesays.com\/de\/1275220\/"},"modified":"2026-09-02T05:56:24","modified_gmt":"2026-09-02T05:56:24","slug":"museumsnacht-ein-abend-voller-kultureller-highlights","status":"publish","type":"post","link":"https:\/\/www.europesays.com\/de\/1275220\/","title":{"rendered":"Museumsnacht: Ein Abend voller kultureller Highlights"},"content":{"rendered":"<p class=\"wp-block-paragraph\"><strong>Die beliebte DEW21-Museumsnacht geht in die 26. Runde. Wieder wird an einem der letzten Sp\u00e4tsommertage ein beachtliches Angebot f\u00fcr Jung und Alt organisiert. \u00dcber die ganze Stadt Dortmund verteilt stehen \u00fcber 500 Angebote \u00fcber 40 Orte verteilt zur Auswahl. Dabei bieten nicht nur Museen Programm an, sondern eine Vielfalt an Mitmacht-Aktionen, Shows und Livemusik steht zur Auswahl.<\/strong><\/p>\n<p><img fetchpriority=\"high\" decoding=\"async\" width=\"1024\" height=\"741\" src=\"https:\/\/www.europesays.com\/de\/wp-content\/uploads\/2026\/09\/Dortmunder-U-Fassadenmapping-1024x741.jpg\" alt=\"Das bunte Fassadenmapping am Dortmunder U mit dem Thema &quot;what is wisdom.&quot; Foto: storyLab KiU\" class=\"wp-image-69430\"  \/>Fassadenmapping am Dortmunder U mit dem Thema \u201ewhat is wisdom.\u201c als Highlight der DEW21 Museumsnacht. Foto: storyLab KiU<\/p>\n<p class=\"wp-block-paragraph\"><strong>[ruhr-guide] <\/strong>Am 19. September verwandelt sich <strong>Dortmund <\/strong>wieder zur Hochburg kultureller Angebote. Im Rahmen von Ausstellungen, F\u00fchrungen, Liveperformances sowie anderweitigen Shows kann die <strong>DEW21-Museumsnacht<\/strong> Gro\u00df und Klein gleicherma\u00dfen begeistern. Sichern Sie sich jetzt Ihr Ticket!<\/p>\n<p><strong>Die DEW21-Museumsnacht<\/strong><\/p>\n<p class=\"wp-block-paragraph\">Die <a href=\"https:\/\/www.ruhr-guide.de\/kultur\/kultur-im-ruhrgebiet\/kunst-im-ruhrgebiet\/dew21-museumsnacht-feiert-ihr-25-jaehriges-jubilaeum\/\" data-type=\"link\" data-id=\"https:\/\/www.ruhr-guide.de\/kultur\/kultur-im-ruhrgebiet\/kunst-im-ruhrgebiet\/dew21-museumsnacht-feiert-ihr-25-jaehriges-jubilaeum\/\" rel=\"nofollow noopener\" target=\"_blank\">DEW21 Museumsnacht<\/a> findet seit 2001 j\u00e4hrlich statt und zieht wiederholte Male 30.000 bis 50.000 Besucher:innen an. Von Beginn an waren die Veranstaltungen vielf\u00e4ltig aufgestellt, damit sowohl Kinder und ihre Eltern auf ihre Kosten kommen, aber auch junge Erwachsene aus einem diversen Programm ausw\u00e4hlen k\u00f6nnen. Die Nacht beginnt schon um <strong>16 Uhr<\/strong>, endet allerdings erst <strong>24 Uhr<\/strong>, wodurch alle flexibel entscheiden k\u00f6nnen wo sie wann sein wollen. Auch f\u00fcr Mobilit\u00e4t in der Innenstadt ist durch das KombiTicket der DEW21 gesorgt. Alle Besucher:innen k\u00f6nnen nach Belieben die Angebote bei Museen, Kultureinrichtungen, Kirchen, Parks und andere Orte besuchen und erleben.<\/p>\n<p><strong>Allerlei Veranstaltungen auch in 2026<\/strong><\/p>\n<p class=\"wp-block-paragraph\">Dieses Jahr geht die DEW21 Museumsnacht in Dortmund in die 26. Runde und das am Samstag den 19. September 2026. Dabei umfasst die Museumsnacht rund <strong>500 Veranstaltungen an 40 Standorten<\/strong>, wobei nicht nur Museen teilnehmen. Das Programm umfasst dabei Ausstellungen, F\u00fchrungen, Konzerte und Livemusik, Mitmach-Aktionen, Open-Air, Party &amp; Nightlife, Performances &amp; Shows, Theater &amp; Film sowie Vortr\u00e4ge &amp; Lesungen.<\/p>\n<p class=\"wp-block-paragraph\">Diesmal sind die Veranstaltungen \u00fcber <strong>vier \u00f6ffentliche Pl\u00e4tze, 16 Museen, 18 Kultureinrichtungen, drei Kirchen<\/strong> und einem Rundgang im \u00f6ffentlichen Raum verteilt. Die teilnehmenden Locations sind unter anderem die DASA, das Deutsche Fu\u00dfballmuseum, das Dortmunder U, das LWL-Museum Zeche Zollern oder auch das Naturmuseum Dortmund.<\/p>\n<p><img loading=\"lazy\" decoding=\"async\" width=\"1024\" height=\"683\" src=\"data:image\/svg+xml,%3Csvg%20xmlns=\" http:=\"\" alt=\"Im Kindermuseum Adlerturm k\u00f6nnen die kleinen G\u00e4ste vieles lernen und miterleben. Foto: Sebastian van den Akker \" class=\"wp-image-69432\" data-lazy- data-lazy- data-lazy-src=\"https:\/\/www.europesays.com\/de\/wp-content\/uploads\/2026\/09\/Kindermuseum-adlerturm-1024x683.jpg\"\/>Das Kindermuseum Adlerturm l\u00e4dt auch die kleinsten G\u00e4ste zu Mitmach-Aktionen ein. Foto: Sebastian van den Akker <\/p>\n<p><strong>Das Programm<\/strong><\/p>\n<p class=\"wp-block-paragraph\">Eine besondere Auswahl aus dem Programm umfasst:<\/p>\n<p class=\"wp-block-paragraph\">Im <strong>Naturmuseum<\/strong> erwartet die kleinen Besucher eine H\u00fcpfburg und f\u00fcr alle lehrreiche Mitmach-Aktionen wie die <strong>Forscher*innenstationen <\/strong>oder auch eine Fragerunde zu <strong>Dinos, Ammos &amp; Co<\/strong> wobei man abschlie\u00dfend sogar eine Nacht im Museum verbringen kann bis 00:45!<\/p>\n<p class=\"wp-block-paragraph\">Das <strong>Dortmunder U<\/strong>, direkt in der Innenstadt gelegen, bietet das spektakul\u00e4re <strong>Fassadenmapping<\/strong> mit dem Thema \u201ewhat is wisdom\u201c.<\/p>\n<p class=\"wp-block-paragraph\"><strong>Die DASA<\/strong> bietet von 16:00 bis 22:00 Uhr einen Workshop zur <strong>Herzdruck-Massage<\/strong>, F\u00fchrungen und mehr an.<\/p>\n<p class=\"wp-block-paragraph\">Im <strong>Deutschen Fu\u00dfballmuseum<\/strong> k\u00f6nnen Fu\u00dfballbegeisterte sowohl die <strong>Dauer- als auch Sonderausstellung<\/strong> \u201eSUPERHEROES. Jamal Musiala. Florian Wirtz. The immersive Experience.\u201c erleben.<\/p>\n<p class=\"wp-block-paragraph\">Was besonders f\u00fcr die kleinen Besucher interessant sein k\u00f6nnte sind die Vorf\u00fchrungen im <strong>Kindermuseum Adlerturm<\/strong> zu den Themen <strong>mittelalterliche Mode<\/strong> oder auch zu den <strong>Waffen und R\u00fcstungen<\/strong> der damaligen Zeit.<\/p>\n<p class=\"wp-block-paragraph\">F\u00fcr die ernsteren Themen bietet das <strong>Hoesch-Museum <\/strong>nat\u00fcrlich eine F\u00fchrung durch die Dauerausstellung an, allerdings auch eine Vorf\u00fchrung der <strong>Magic Kitten Cheerleader<\/strong>.<\/p>\n<p class=\"wp-block-paragraph\">Neben einem <strong>Beatbox-Workshop <\/strong>bei dem V<strong>okalmusikzentrum NRW <\/strong>tritt die <strong>Latin-Pop Band Marquess<\/strong> (bekannt f\u00fcr \u201eVayamos Compa\u00f1eros\u201c) zu ihrem 20-j\u00e4hrigen B\u00fchnenjubil\u00e4um auf dem Friedensplatz auf, gefolgt von einem abschlie\u00dfenden <strong>Musikfeuerwerk<\/strong>.<\/p>\n<p><img loading=\"lazy\" decoding=\"async\" width=\"1024\" height=\"683\" data-id=\"69433\" src=\"data:image\/svg+xml,%3Csvg%20xmlns=\" http:=\"\" alt=\"Im Phoenix des Lumi\u00e8res k\u00f6nnen Besucher eine spektakul\u00e4re Lichtershow angucken. Foto: Culturespaces Vincent Pinson \" class=\"wp-image-69433\" data-lazy- data-lazy- data-lazy-src=\"https:\/\/www.europesays.com\/de\/wp-content\/uploads\/2026\/09\/phoenix-des-lumieres-hohe-qualitaet-1024x683.jpg\"\/>Auch das Phoenix des Lumi\u00e8res ist bei der Museumsnacht vertreten mit aller Farbenfreude. Foto: Culturespaces Vincent Pinson<\/p>\n<p><strong>Weitere Veranstaltungen am Sonntag<\/strong><\/p>\n<p class=\"wp-block-paragraph\">Auch am Sonntag, um das Wochenende ausklingen zu lassen bietet die Stadt Dortmund weitere Angebote. Im <strong>Schauraum comic + cartoon<\/strong> sind die Ausstellungen \u201eIch, das Tier. Vom b\u00f6sen Wolf bis Donald Duck \u2013 Tiere im Comic\u201c oder auch die digitale Ausstellung \u201e The Consumer\u00b4s Cartoon Collection\u201c frei zu besuchen. Auch das <strong>Hoesch-Museum<\/strong>, das <strong>Naturmuseum <\/strong>oder auch das <strong>Brauereimuseum<\/strong> bieten ihre Ausstellungen und F\u00fchrungen am Sonntag an.<\/p>\n<p class=\"wp-block-paragraph\"><strong>DEW21 Museumsnacht<\/strong><\/p>\n<p class=\"wp-block-paragraph\">19. September 2026<br \/>Veranstaltungen beginnen 16 Uhr<br \/>an 40 Orten in Dortmund<\/p>\n<p class=\"wp-block-paragraph\"><strong>Tickets und weitere Informationen<\/strong><\/p>\n<p class=\"wp-block-paragraph\">F\u00fcr die Museumsnacht gilt das Ticket f\u00fcr alle Veranstaltungen, die teilnehmen. Ein zus\u00e4tzliches <strong>KombiTicket<\/strong>, welches die Nutzung des \u00f6rtlichen \u00d6PNV\u00b4s erm\u00f6glicht (bis 7 Uhr am Folgetag) ist zus\u00e4tzlich erh\u00e4ltlich.<br \/>Das Ticket f\u00fcr Erwachsene zum <strong>Normalpreis kostet 14,50\u20ac<\/strong>, wobei <strong>Kinder und Jugendliche von 6-17 Jahren 3\u20ac<\/strong> zahlen. Kinder <strong>unter 6 Jahre<\/strong> k\u00f6nnen <strong>kostenfrei<\/strong> teilnehmen. Bis zum <strong>06.09.2026<\/strong> sind allerdings auch noch <strong>Early-Bird-Tickets<\/strong> erh\u00e4ltlich, bei denen der Preis <strong>5\u20ac<\/strong> betr\u00e4gt.<br \/>Die Tickets sind erh\u00e4ltlich im <strong>DSW21-KundenCenter<\/strong> Petrikirche (Kampstra\u00dfe 46), in den <strong>Thalia Mayersche Buchhandlungen<\/strong> (Westenhellweg 40-42 &amp; Harkortstra\u00dfe), dem <strong>Online-Ticketshop<\/strong> sowie fast allen teilnehmenden Spielorten zu den regul\u00e4ren \u00d6ffnungszeiten.<\/p>\n<p class=\"wp-block-paragraph\">Mehr Informationen sowie das gesamte Programm zur DEW21-Museumsnacht 2026 finden Sie unter: <br \/><a href=\"http:\/\/www.dortmunderdewmuseumsnacht.de\/\" rel=\"nofollow noopener\" target=\"_blank\">http:\/\/www.dortmunderdewmuseumsnacht.de\/<\/a><\/p>\n<p class=\"wp-block-paragraph\">Fotos: 1. storyLab KiU 2. Sebastian van den Akker 3. Outerspaces Vincent Pinson  <\/p>\n","protected":false},"excerpt":{"rendered":"Die beliebte DEW21-Museumsnacht geht in die 26. Runde. Wieder wird an einem der letzten Sp\u00e4tsommertage ein beachtliches Angebot&hellip;\n","protected":false},"author":2,"featured_media":1275221,"comment_status":"","ping_status":"","sticky":false,"template":"","format":"standard","meta":{"footnotes":"","_share_on_mastodon":"0"},"categories":[1833],"tags":[126042,3364,29,217,3672,30,2264,28323,1209,3856,78064],"class_list":["post-1275220","post","type-post","status-publish","format-standard","has-post-thumbnail","category-dortmund","tag-dasa-dortmund","tag-de","tag-deutschland","tag-dortmund","tag-dortmunder-u","tag-germany","tag-museum","tag-museumsnacht","tag-nordrhein-westfalen","tag-ruhrgebiet","tag-startseite"],"share_on_mastodon":{"url":"https:\/\/pubeurope.com\/@de\/117199910682635007","error":""},"_links":{"self":[{"href":"https:\/\/www.europesays.com\/de\/wp-json\/wp\/v2\/posts\/1275220","targetHints":{"allow":["GET"]}}],"collection":[{"href":"https:\/\/www.europesays.com\/de\/wp-json\/wp\/v2\/posts"}],"about":[{"href":"https:\/\/www.europesays.com\/de\/wp-json\/wp\/v2\/types\/post"}],"author":[{"embeddable":true,"href":"https:\/\/www.europesays.com\/de\/wp-json\/wp\/v2\/users\/2"}],"replies":[{"embeddable":true,"href":"https:\/\/www.europesays.com\/de\/wp-json\/wp\/v2\/comments?post=1275220"}],"version-history":[{"count":0,"href":"https:\/\/www.europesays.com\/de\/wp-json\/wp\/v2\/posts\/1275220\/revisions"}],"wp:featuredmedia":[{"embeddable":true,"href":"https:\/\/www.europesays.com\/de\/wp-json\/wp\/v2\/media\/1275221"}],"wp:attachment":[{"href":"https:\/\/www.europesays.com\/de\/wp-json\/wp\/v2\/media?parent=1275220"}],"wp:term":[{"taxonomy":"category","embeddable":true,"href":"https:\/\/www.europesays.com\/de\/wp-json\/wp\/v2\/categories?post=1275220"},{"taxonomy":"post_tag","embeddable":true,"href":"https:\/\/www.europesays.com\/de\/wp-json\/wp\/v2\/tags?post=1275220"}],"curies":[{"name":"wp","href":"https:\/\/api.w.org\/{rel}","templated":true}]}}