{"id":1275231,"date":"2026-09-02T06:03:25","date_gmt":"2026-09-02T06:03:25","guid":{"rendered":"https:\/\/www.europesays.com\/de\/1275231\/"},"modified":"2026-09-02T06:03:25","modified_gmt":"2026-09-02T06:03:25","slug":"volksbank-stuttgart-schliesst-vier-filialen-im-rems-murr-kreis-nachrichten-aus-dem-rems-murr-kreis","status":"publish","type":"post","link":"https:\/\/www.europesays.com\/de\/1275231\/","title":{"rendered":"Volksbank Stuttgart schlie\u00dft vier Filialen im Rems-Murr-Kreis &#8211; Nachrichten aus dem Rems-Murr-Kreis"},"content":{"rendered":"<p><strong>Rems-Murr-Kreis.<\/strong> Die Volksbank Stuttgart schlie\u00dft Filialen. Im Rems-Murr-Kreis sind vier Standorte betroffen. Auch bei den Schlie\u00dff\u00e4chern stehen Ver\u00e4nderungen an: Das Kreditinstitut bietet diesen Service k\u00fcnftig nur noch an der H\u00e4lfte der bisherigen Standorte an, und die Schlie\u00dffach-Geb\u00fchren steigen. Kristina Becker, Vorst\u00e4ndin der Volksbank Stuttgart, begr\u00fcndet diese Entscheidungen im Gespr\u00e4ch mit dieser Zeitung:<\/p>\n<p>In manche Filialen kommen nur noch sehr wenige<\/p>\n","protected":false},"excerpt":{"rendered":"Rems-Murr-Kreis. Die Volksbank Stuttgart schlie\u00dft Filialen. Im Rems-Murr-Kreis sind vier Standorte betroffen. Auch bei den Schlie\u00dff\u00e4chern stehen Ver\u00e4nderungen&hellip;\n","protected":false},"author":2,"featured_media":1275232,"comment_status":"","ping_status":"","sticky":false,"template":"","format":"standard","meta":{"footnotes":"","_share_on_mastodon":"0"},"categories":[1830],"tags":[1634,49457,263206,3364,29,57434,30,29347,1441,191400,38444,18169],"class_list":["post-1275231","post","type-post","status-publish","format-standard","has-post-thumbnail","category-stuttgart","tag-baden-wuerttemberg","tag-bankfiliale","tag-bankfilialschliessung","tag-de","tag-deutschland","tag-gebuehren","tag-germany","tag-schliessfaecher","tag-stuttgart","tag-un_was-gibt-es-neues","tag-volksbank","tag-volksbank-stuttgart"],"share_on_mastodon":{"url":"https:\/\/pubeurope.com\/@de\/117199936171668823","error":""},"_links":{"self":[{"href":"https:\/\/www.europesays.com\/de\/wp-json\/wp\/v2\/posts\/1275231","targetHints":{"allow":["GET"]}}],"collection":[{"href":"https:\/\/www.europesays.com\/de\/wp-json\/wp\/v2\/posts"}],"about":[{"href":"https:\/\/www.europesays.com\/de\/wp-json\/wp\/v2\/types\/post"}],"author":[{"embeddable":true,"href":"https:\/\/www.europesays.com\/de\/wp-json\/wp\/v2\/users\/2"}],"replies":[{"embeddable":true,"href":"https:\/\/www.europesays.com\/de\/wp-json\/wp\/v2\/comments?post=1275231"}],"version-history":[{"count":0,"href":"https:\/\/www.europesays.com\/de\/wp-json\/wp\/v2\/posts\/1275231\/revisions"}],"wp:featuredmedia":[{"embeddable":true,"href":"https:\/\/www.europesays.com\/de\/wp-json\/wp\/v2\/media\/1275232"}],"wp:attachment":[{"href":"https:\/\/www.europesays.com\/de\/wp-json\/wp\/v2\/media?parent=1275231"}],"wp:term":[{"taxonomy":"category","embeddable":true,"href":"https:\/\/www.europesays.com\/de\/wp-json\/wp\/v2\/categories?post=1275231"},{"taxonomy":"post_tag","embeddable":true,"href":"https:\/\/www.europesays.com\/de\/wp-json\/wp\/v2\/tags?post=1275231"}],"curies":[{"name":"wp","href":"https:\/\/api.w.org\/{rel}","templated":true}]}}