{"id":1275233,"date":"2026-09-02T06:04:17","date_gmt":"2026-09-02T06:04:17","guid":{"rendered":"https:\/\/www.europesays.com\/de\/1275233\/"},"modified":"2026-09-02T06:04:17","modified_gmt":"2026-09-02T06:04:17","slug":"wechsel-perfekt-fc-barcelona-holt-nachwuchstalent-vom-vfb-stuttgart","status":"publish","type":"post","link":"https:\/\/www.europesays.com\/de\/1275233\/","title":{"rendered":"Wechsel perfekt! FC Barcelona holt Nachwuchstalent vom VfB Stuttgart"},"content":{"rendered":"<p>Der FC Barcelona hat seine zweite Mannschaft mit dem deutschen U19-Nationalspieler Mirza Catovic verst\u00e4rkt, der per Leihe vom VfB Stuttgart kommt.<\/p>\n<p>Der FC Barcelona hat am Deadline Day auch seine zweite Mannschaft nochmals verst\u00e4rkt und ist in der Bundesliga beim VfB Stuttgart f\u00fcndig geworden. Mirza Catovic wechselt per Leihbasis von den Schwaben nach Katalonien, zudem soll es eine Kaufoption in H\u00f6he von 3,5 Millionen Euro geben.<\/p>\n<p>Zuvor hatte der VfB den Vertrag des 19-j\u00e4hrigen Mittelfeldspielers noch um ein Jahr bis 2029 verl\u00e4ngert. &#8222;Mirza ist in den vergangenen Jahren wichtige Schritte auf dem Weg vom Jugendspieler in Richtung Profifu\u00dfball gegangen&#8220;, erkl\u00e4rte VfB-Sportvorstand Fabian Wohlgemuth. &#8222;Nach der zur\u00fcckliegenden Saison mit zahlreichen Eins\u00e4tzen in der 3. Liga bietet sich nun die M\u00f6glichkeit, in der zweiten Mannschaft des FC Barcelona weitere Erfahrungen zu sammeln.&#8220;<\/p>\n<p>Wenngleich der U19-Nationalspieler, der mit der deutschen Auswahl bei der U19-EM in diesem Sommer Vize-Europameister wurde, in Barcelona f\u00fcr das Atletic-Team eingeplant ist, darf er sich perspektivisch wohl auch unter Profi-Coach Hansi Flick beweisen.<\/p>\n<p>Catovic wechselte 2022 zum VfB Stuttgart und durchlief dort s\u00e4mtliche Jugendauswahlen von U16, U17 und U19. Seit seinem U21-Deb\u00fct 2024 sammelte er 45 Drittliga-Eins\u00e4tze, erzielte zwei Tore und trug zweimal zum Klassenerhalt bei. 2026 gewann er zudem den DFB-Pokal der Junioren mit dem VfB-Nachwuchs.<\/p>\n","protected":false},"excerpt":{"rendered":"Der FC Barcelona hat seine zweite Mannschaft mit dem deutschen U19-Nationalspieler Mirza Catovic verst\u00e4rkt, der per Leihe vom&hellip;\n","protected":false},"author":2,"featured_media":1275234,"comment_status":"","ping_status":"","sticky":false,"template":"","format":"standard","meta":{"footnotes":"","_share_on_mastodon":"0"},"categories":[1830],"tags":[1634,4915,299,3364,29,8834,347,30,348,19172,263207,4604,1441,1288,2915],"class_list":["post-1275233","post","type-post","status-publish","format-standard","has-post-thumbnail","category-stuttgart","tag-baden-wuerttemberg","tag-barcelona","tag-bundesliga","tag-de","tag-deutschland","tag-fc-barcelona","tag-fussball","tag-germany","tag-la-liga","tag-laliga","tag-m-catovic","tag-soccer","tag-stuttgart","tag-transfers","tag-vfb-stuttgart"],"share_on_mastodon":{"url":"https:\/\/pubeurope.com\/@de\/117199940586130054","error":""},"_links":{"self":[{"href":"https:\/\/www.europesays.com\/de\/wp-json\/wp\/v2\/posts\/1275233","targetHints":{"allow":["GET"]}}],"collection":[{"href":"https:\/\/www.europesays.com\/de\/wp-json\/wp\/v2\/posts"}],"about":[{"href":"https:\/\/www.europesays.com\/de\/wp-json\/wp\/v2\/types\/post"}],"author":[{"embeddable":true,"href":"https:\/\/www.europesays.com\/de\/wp-json\/wp\/v2\/users\/2"}],"replies":[{"embeddable":true,"href":"https:\/\/www.europesays.com\/de\/wp-json\/wp\/v2\/comments?post=1275233"}],"version-history":[{"count":0,"href":"https:\/\/www.europesays.com\/de\/wp-json\/wp\/v2\/posts\/1275233\/revisions"}],"wp:featuredmedia":[{"embeddable":true,"href":"https:\/\/www.europesays.com\/de\/wp-json\/wp\/v2\/media\/1275234"}],"wp:attachment":[{"href":"https:\/\/www.europesays.com\/de\/wp-json\/wp\/v2\/media?parent=1275233"}],"wp:term":[{"taxonomy":"category","embeddable":true,"href":"https:\/\/www.europesays.com\/de\/wp-json\/wp\/v2\/categories?post=1275233"},{"taxonomy":"post_tag","embeddable":true,"href":"https:\/\/www.europesays.com\/de\/wp-json\/wp\/v2\/tags?post=1275233"}],"curies":[{"name":"wp","href":"https:\/\/api.w.org\/{rel}","templated":true}]}}