{"id":1275241,"date":"2026-09-02T06:09:16","date_gmt":"2026-09-02T06:09:16","guid":{"rendered":"https:\/\/www.europesays.com\/de\/1275241\/"},"modified":"2026-09-02T06:09:16","modified_gmt":"2026-09-02T06:09:16","slug":"rhein-erft-kreis-polizei-ermittelt-nach-stoerung-an-umspannwerk-nahe-koeln","status":"publish","type":"post","link":"https:\/\/www.europesays.com\/de\/1275241\/","title":{"rendered":"Rhein-Erft-Kreis: Polizei ermittelt nach St\u00f6rung an Umspannwerk nahe K\u00f6ln"},"content":{"rendered":"<p class=\"paragraph article__item\">Nach einer St\u00f6rung an einem Umspannwerk in Bergheim im nordrhein-westf\u00e4lischen Rhein-Erft-Kreis geht die <a class=\"rtr-entity\" href=\"https:\/\/www.zeit.de\/thema\/polizei\" rel=\"nofollow noopener\" target=\"_blank\">Polizei<\/a> von einer vors\u00e4tzlichen Tat aus. \u00bbWir gehen nach aktuellem Ermittlungsstand nicht von einem technischen Defekt, sondern von einer vors\u00e4tzlichen Tat, also einer Straftat, aus\u00ab, sagte ein Sprecher der zust\u00e4ndigen Polizei Essen. Zu den m\u00f6glichen Hintergr\u00fcnden und zum genauen Motiv sei bislang nichts bekannt. Zu dem Tatwerkzeug will sich die Polizei bislang nicht \u00e4u\u00dfern.\n<\/p>\n<p class=\"paragraph article__item\">Die Polizei war am Dienstagabend gegen 20 Uhr wegen einer technischen St\u00f6rung zu dem Umspannwerk im Bergheimer Ortsteil Rheidt gerufen worden. Nach bisherigen Erkenntnissen f\u00fchrte ein Kurzschluss zum Ausfall mehrerer Leitungen. Die allgemeine Stromversorgung sei dadurch jedoch nicht beeintr\u00e4chtigt worden.\n<\/p>\n<p class=\"paragraph article__item\">Das Umspannwerk unweit von K\u00f6ln geh\u00f6rt dem Energieversorger Amprion, der den Vorfall best\u00e4tigte. Die Polizei Essen hat die Ermittlungen \u00fcbernommen. Nach eigenen Angaben steht sie dabei in engem Austausch mit Amprion und dem Netzbetreiber RWE.\n<\/p>\n<p>            Polizei \u00fcberpr\u00fcft Zusammenhang mit dem mutma\u00dflichen Anschlag in Brandenburg            <\/p>\n<p class=\"paragraph article__item\">Erst am Dienstagmorgen hatten Unbekannte in der N\u00e4he des <a href=\"https:\/\/www.zeit.de\/politik\/deutschland\/2026-09\/explosion-umspannwerk-brandenburg-rakete-energieversorgung-polizei-gxe\" target=\"_blank\" rel=\"nofollow noopener\">Kohlekraftwerks J\u00e4nschwalde in Brandenburg<\/a> versucht, Kurzschl\u00fcsse an H\u00f6chstspannungsleitungen herbeizuf\u00fchren. In zwei F\u00e4llen gelang dies nach Angaben der Beh\u00f6rden. <a href=\"https:\/\/www.zeit.de\/gesellschaft\/2026-09\/brandenburgs-innenminister-sieht-versuchte-sabotage-nahe-kraftwerk-gxe\" target=\"_blank\" rel=\"nofollow noopener\">Die Polizei ermittelt wegen des Verdachts auf Sabotage<\/a>.\n<\/p>\n<p class=\"paragraph article__item\">Die Polizei pr\u00fcft, ob ein Zusammenhang besteht. F\u00fcr eine belastbare Einsch\u00e4tzung sei es jedoch noch zu fr\u00fch, sagte ein Polizeisprecher dem WDR.<\/p>\n","protected":false},"excerpt":{"rendered":"Nach einer St\u00f6rung an einem Umspannwerk in Bergheim im nordrhein-westf\u00e4lischen Rhein-Erft-Kreis geht die Polizei von einer vors\u00e4tzlichen Tat&hellip;\n","protected":false},"author":2,"featured_media":1275242,"comment_status":"","ping_status":"","sticky":false,"template":"","format":"standard","meta":{"footnotes":"","_share_on_mastodon":"0"},"categories":[1828],"tags":[10116,37213,29,30,1724,1420,1209,176,121,27551,3809,39203],"class_list":["post-1275241","post","type-post","status-publish","format-standard","has-post-thumbnail","category-koeln","tag-amprion-gmbh","tag-bergheim","tag-deutschland","tag-germany","tag-gesellschaft","tag-koeln","tag-nordrhein-westfalen","tag-nrw","tag-polizei","tag-rhein-erft-kreis","tag-stoerung","tag-umspannwerk"],"share_on_mastodon":{"url":"https:\/\/pubeurope.com\/@de\/117199960116003178","error":""},"_links":{"self":[{"href":"https:\/\/www.europesays.com\/de\/wp-json\/wp\/v2\/posts\/1275241","targetHints":{"allow":["GET"]}}],"collection":[{"href":"https:\/\/www.europesays.com\/de\/wp-json\/wp\/v2\/posts"}],"about":[{"href":"https:\/\/www.europesays.com\/de\/wp-json\/wp\/v2\/types\/post"}],"author":[{"embeddable":true,"href":"https:\/\/www.europesays.com\/de\/wp-json\/wp\/v2\/users\/2"}],"replies":[{"embeddable":true,"href":"https:\/\/www.europesays.com\/de\/wp-json\/wp\/v2\/comments?post=1275241"}],"version-history":[{"count":0,"href":"https:\/\/www.europesays.com\/de\/wp-json\/wp\/v2\/posts\/1275241\/revisions"}],"wp:featuredmedia":[{"embeddable":true,"href":"https:\/\/www.europesays.com\/de\/wp-json\/wp\/v2\/media\/1275242"}],"wp:attachment":[{"href":"https:\/\/www.europesays.com\/de\/wp-json\/wp\/v2\/media?parent=1275241"}],"wp:term":[{"taxonomy":"category","embeddable":true,"href":"https:\/\/www.europesays.com\/de\/wp-json\/wp\/v2\/categories?post=1275241"},{"taxonomy":"post_tag","embeddable":true,"href":"https:\/\/www.europesays.com\/de\/wp-json\/wp\/v2\/tags?post=1275241"}],"curies":[{"name":"wp","href":"https:\/\/api.w.org\/{rel}","templated":true}]}}