{"id":1275246,"date":"2026-09-02T06:12:17","date_gmt":"2026-09-02T06:12:17","guid":{"rendered":"https:\/\/www.europesays.com\/de\/1275246\/"},"modified":"2026-09-02T06:12:17","modified_gmt":"2026-09-02T06:12:17","slug":"thering-will-klimaziel-2040-wieder-kippen","status":"publish","type":"post","link":"https:\/\/www.europesays.com\/de\/1275246\/","title":{"rendered":"Thering will Klimaziel 2040 wieder kippen"},"content":{"rendered":"<p _ngcontent-sc113=\"\"> 02. September 2026 \u2013 Isabell W\u00fcppenhorst <\/p>\n<p _ngcontent-sc113=\"\">Thering will Hamburgs geplante Klimaneutralit\u00e4t von 2040 wieder auf 2045 verschieben \u2013 mit welchen Argumenten er die B\u00fcrger \u00fcberzeugen will und welche Folgen das f\u00fcr Unternehmen und Verbraucher h\u00e4tte.<\/p>\n<ul _ngcontent-sc85=\"\">\n<li _ngcontent-sc85=\"\">Dennis Thering setzt weiter auf eine R\u00fcckabwicklung des Volksentscheids zur Klimaneutralit\u00e4t der Stadt schon im Jahr 2040.<\/li>\n<li _ngcontent-sc85=\"\">Im Oktober vergangenen Jahres hatten die Hamburgerinnen und Hamburger mehrheitlich f\u00fcr den sogenannten Zukunftsentscheid und damit f\u00fcr deutlich strengere Klimaziele gestimmt.<\/li>\n<li _ngcontent-sc85=\"\">Weniger Klimaschutz solle es deshalb aber nicht geben.<\/li>\n<\/ul>\n<p _ngcontent-sc85=\"\" align=\"false\">Hamburgs CDU-Oppositionsf\u00fchrer Dennis Thering setzt weiter auf eine R\u00fcckabwicklung des Volksentscheids zur Klimaneutralit\u00e4t der Stadt schon im Jahr 2040. W\u00fcrde er bei der n\u00e4chsten B\u00fcrgerschaftswahl 2030 B\u00fcrgermeister, w\u00e4re eine seiner ersten Amtshandlungen, &#8222;dass wir die Klimaneutralit\u00e4t von 2040 wieder auf 2045 verschieben&#8220;, sagte der Hamburger CDU-Partei- und Fraktionsvorsitzende der Deutschen Presse-Agentur. Das sei mit einem einfachen B\u00fcrgerschaftsbeschluss m\u00f6glich.<\/p>\n<p>CDU wollte Zukunftsentscheid schon im Dezember kippen <\/p>\n<p _ngcontent-sc85=\"\" align=\"false\">Im Oktober vergangenen Jahres hatten die Hamburgerinnen und Hamburger mehrheitlich f\u00fcr den sogenannten Zukunftsentscheid und damit f\u00fcr deutlich strengere Klimaziele gestimmt. Als wesentliche Hebel gelten dabei Einsparungen im Geb\u00e4ude- und Verkehrsbereich. Im Dezember hatte die CDU-Fraktion schon einmal vergeblich versucht, den Volksentscheid zu kippen.<\/p>\n<p _ngcontent-sc85=\"\" align=\"false\">Thering sagte, die Volksinitiative k\u00f6nne gegen einen Aufhebungsbeschluss zwar mit einem Referendum vorgehen. Aber er sei sich sehr sicher, dass sie daf\u00fcr keine Mehrheit in der Bev\u00f6lkerung finden werde. Denn anders als im Wahlkampf damals w\u00fcssten die Menschen heute, was ein Vorziehen der Klimaneutralit\u00e4t f\u00fcr die Stadt bedeute \u2013 finanzielle N\u00f6te und ein wirtschaftliches Abkapseln der Stadt vom Wettbewerb. &#8222;Es ist ja heute schon so, dass zahlreiche Unternehmen sagen, wir stellen nicht mehr ein und investieren nicht mehr am Standort Hamburg, weil es einfach eine extreme Unsicherheit durch die vorgezogene Klimaneutralit\u00e4t gibt.&#8220;<\/p>\n<p>F\u00f6rderungen fortsetzen<\/p>\n<p _ngcontent-sc85=\"\" align=\"false\">Weniger Klimaschutz solle es deshalb aber nicht geben. So solle der Staat etwa W\u00e4rmepumpen weiter subventionieren, &#8222;um den Umstieg von fossilen Energietr\u00e4gern f\u00fcr m\u00f6glichst viele B\u00fcrgerinnen und B\u00fcrger m\u00f6glich zu machen&#8220;, sagte Thering. Ein Verbot von \u00d6l- und Gasheizungen lehne er jedoch ab. &#8222;Wenn ein aufgekl\u00e4rter B\u00fcrger sagt, ich m\u00f6chte eine Gasheizung nutzen in dem Wissen, dass es k\u00fcnftig noch teurer wird, dann soll er es tun, dann ist es seine Entscheidung.&#8220;<\/p>\n<p _ngcontent-sc85=\"\" align=\"false\">Neben mehr W\u00e4rmepumpen und einem Ausbau der Fernw\u00e4rme setzt Thering auch auf eine Fortsetzung der Solarf\u00f6rderung, welche Bundeswirtschaftsministerin Katherina Reiche (CDU) jedoch massiv einschr\u00e4nken will. Wenn die Energiewende gelingen solle, dann m\u00fcsse weiter mit Anreizen gearbeitet werden, betonte Thering. &#8222;Und da bin ich tats\u00e4chlich anderer Meinung als die Bundeswirtschaftsministerin.&#8220;<\/p>\n<p>Weitere News On Air<\/p>\n<p _ngcontent-sc85=\"\" align=\"false\">Weitere Nachrichten aus Hamburg, Deutschland und der Welt h\u00f6rt ihr immer zur vollen Stunde bei uns im Programm. Holt euch einfach unsere <a _ngcontent-sc132=\"\" href=\"https:\/\/www.radiohamburg.de\/programm\/frequenzen\/Streamen-%C3%BCber-die-App-id388032.html\" rel=\"nofollow noopener\" target=\"_blank\">kostenlose App<\/a>, h\u00f6rt uns \u00fcber euren <a _ngcontent-sc132=\"\" href=\"https:\/\/www.radiohamburg.de\/programm\/frequenzen\/Alexa-spiele-Radio-Hamburg-id387722.html\" rel=\"nofollow noopener\" target=\"_blank\">Smartspeaker<\/a> oder schaltet mit einem Klick unten auf den Playbutton das Webradio ein. Zum Nachh\u00f6ren gibt\u2019s das Ganze nat\u00fcrlich auch noch mal als <a _ngcontent-sc132=\"\" href=\"https:\/\/www.radiohamburg.de\/hoeren\/podcasts\/Radio-Hamburg-Nachrichten-id388455.html\" rel=\"nofollow noopener\" target=\"_blank\">Podcastangebot<\/a>.<\/p>\n<p><img decoding=\"async\" _ngcontent-sc129=\"\" class=\"\" src=\"https:\/\/www.europesays.com\/de\/wp-content\/uploads\/2025\/04\/app.jpg\" alt=\"App, App Store, iOS, Play Store, Google\" title=\"App, App Store, iOS, Play Store, Google\"\/><\/p>\n<p>Foto: Bloomicon \/ Shutterstock.com<\/p>\n<p> F\u00fcr iOS &amp; Android <\/p>\n<p>Holt euch die kostenlose Radio Hamburg App<\/p>\n<p _ngcontent-sc85=\"\" align=\"false\">H\u00f6rt uns an jedem Ort auf der Welt in bester Qualit\u00e4t &amp; st\u00f6rungsfrei \u00fcber unsere kostenlose App. Holt sie euch jetzt f\u00fcr Android oder iOS.<\/p>\n","protected":false},"excerpt":{"rendered":"02. September 2026 \u2013 Isabell W\u00fcppenhorst Thering will Hamburgs geplante Klimaneutralit\u00e4t von 2040 wieder auf 2045 verschieben \u2013&hellip;\n","protected":false},"author":2,"featured_media":1074055,"comment_status":"","ping_status":"","sticky":false,"template":"","format":"standard","meta":{"footnotes":"","_share_on_mastodon":"0"},"categories":[1826],"tags":[3039,81368,140942,29,30,692,263208,4782,3960,3648,121875,173,625],"class_list":["post-1275246","post","type-post","status-publish","format-standard","has-post-thumbnail","category-hamburg","tag-buergerentscheid","tag-cdu-hamburg","tag-dennis-thering","tag-deutschland","tag-germany","tag-hamburg","tag-hamburg-klimaziele","tag-klimaneutralitaet","tag-klimaziele","tag-lokalpolitik","tag-politik-hamburg","tag-unternehmen","tag-verbraucher"],"share_on_mastodon":{"url":"https:\/\/pubeurope.com\/@de\/117199973548906067","error":""},"_links":{"self":[{"href":"https:\/\/www.europesays.com\/de\/wp-json\/wp\/v2\/posts\/1275246","targetHints":{"allow":["GET"]}}],"collection":[{"href":"https:\/\/www.europesays.com\/de\/wp-json\/wp\/v2\/posts"}],"about":[{"href":"https:\/\/www.europesays.com\/de\/wp-json\/wp\/v2\/types\/post"}],"author":[{"embeddable":true,"href":"https:\/\/www.europesays.com\/de\/wp-json\/wp\/v2\/users\/2"}],"replies":[{"embeddable":true,"href":"https:\/\/www.europesays.com\/de\/wp-json\/wp\/v2\/comments?post=1275246"}],"version-history":[{"count":0,"href":"https:\/\/www.europesays.com\/de\/wp-json\/wp\/v2\/posts\/1275246\/revisions"}],"wp:featuredmedia":[{"embeddable":true,"href":"https:\/\/www.europesays.com\/de\/wp-json\/wp\/v2\/media\/1074055"}],"wp:attachment":[{"href":"https:\/\/www.europesays.com\/de\/wp-json\/wp\/v2\/media?parent=1275246"}],"wp:term":[{"taxonomy":"category","embeddable":true,"href":"https:\/\/www.europesays.com\/de\/wp-json\/wp\/v2\/categories?post=1275246"},{"taxonomy":"post_tag","embeddable":true,"href":"https:\/\/www.europesays.com\/de\/wp-json\/wp\/v2\/tags?post=1275246"}],"curies":[{"name":"wp","href":"https:\/\/api.w.org\/{rel}","templated":true}]}}