{"id":1275247,"date":"2026-09-02T06:13:16","date_gmt":"2026-09-02T06:13:16","guid":{"rendered":"https:\/\/www.europesays.com\/de\/1275247\/"},"modified":"2026-09-02T06:13:16","modified_gmt":"2026-09-02T06:13:16","slug":"dennis-thering-cdu-wuerde-hamburgs-zeitplan-fuer-klimaziele-sofort-kippen","status":"publish","type":"post","link":"https:\/\/www.europesays.com\/de\/1275247\/","title":{"rendered":"Dennis Thering: CDU w\u00fcrde Hamburgs Zeitplan f\u00fcr Klimaziele sofort kippen"},"content":{"rendered":"<p class=\"is-first-paragraph\" data-external=\"Article.FirstParagraph\">Hamburgs CDU-Oppositionsf\u00fchrer Dennis Thering setzt weiter auf eine R\u00fcckabwicklung des Volksentscheids zur Klimaneutralit\u00e4t der Stadt schon im Jahr 2040. W\u00fcrde er bei der n\u00e4chsten B\u00fcrgerschaftswahl 2030 B\u00fcrgermeister, w\u00e4re eine seiner ersten Amtshandlungen, \u201edass wir die Klimaneutralit\u00e4t von 2040 wieder auf 2045 verschieben\u201c, sagte der Hamburger CDU-Partei- und Fraktionsvorsitzende der Deutschen Presse-Agentur. Zuletzt hatte er \u00e4hnliche Forderungen in einem Interview mit der WELT AM SONNTAG formuliert. Das sei mit einem einfachen B\u00fcrgerschaftsbeschluss m\u00f6glich.<\/p>\n<p>Im Oktober vergangenen Jahres hatten die Hamburger mehrheitlich f\u00fcr den sogenannten Zukunftsentscheid und damit f\u00fcr deutlich strengere Klimaziele gestimmt. Als wesentliche Hebel gelten dabei Einsparungen im Geb\u00e4ude- und Verkehrsbereich. Im Dezember hatte die CDU-Fraktion schon einmal vergeblich versucht, den Volksentscheid zu kippen.<\/p>\n<p>Thering sagte, die Volksinitiative k\u00f6nne gegen einen Aufhebungsbeschluss zwar mit einem Referendum vorgehen. Aber er sei sich sehr sicher, dass sie daf\u00fcr keine Mehrheit in der Bev\u00f6lkerung finden werde. Denn anders als im Wahlkampf damals w\u00fcssten die Menschen heute, was ein Vorziehen der Klimaneutralit\u00e4t f\u00fcr die Stadt bedeute \u2013 finanzielle N\u00f6te und ein wirtschaftliches Abkapseln der Stadt vom Wettbewerb.<\/p>\n<p>\u201eEs ist ja heute schon so, dass zahlreiche Unternehmen sagen, wir stellen nicht mehr ein und investieren nicht mehr am Standort Hamburg, weil es einfach eine extreme Unsicherheit durch die vorgezogene Klimaneutralit\u00e4t gibt.\u201c<\/p>\n<p>F\u00f6rderungen fortsetzen<\/p>\n<p>Weniger Klimaschutz solle es deshalb aber nicht geben. So solle der Staat etwa W\u00e4rmepumpen weiter subventionieren, \u201eum den Umstieg von fossilen Energietr\u00e4gern f\u00fcr m\u00f6glichst viele B\u00fcrgerinnen und B\u00fcrger m\u00f6glich zu machen\u201c, sagte Thering. Ein Verbot von \u00d6l- und Gasheizungen lehne er jedoch ab. \u201eWenn ein aufgekl\u00e4rter B\u00fcrger sagt, ich m\u00f6chte eine Gasheizung nutzen in dem Wissen, dass es k\u00fcnftig noch teurer wird, dann soll er es tun, dann ist es seine Entscheidung.\u201c<\/p>\n<p>Neben mehr W\u00e4rmepumpen und einem Ausbau der Fernw\u00e4rme setzt Thering auch auf eine Fortsetzung der Solarf\u00f6rderung, welche Bundeswirtschaftsministerin Katherina Reiche (CDU) jedoch massiv einschr\u00e4nken will. Wenn die Energiewende gelingen solle, dann m\u00fcsse weiter mit Anreizen gearbeitet werden, betonte Thering. \u201eUnd da bin ich tats\u00e4chlich anderer Meinung als die Bundeswirtschaftsministerin.\u201c<\/p>\n","protected":false},"excerpt":{"rendered":"Hamburgs CDU-Oppositionsf\u00fchrer Dennis Thering setzt weiter auf eine R\u00fcckabwicklung des Volksentscheids zur Klimaneutralit\u00e4t der Stadt schon im Jahr&hellip;\n","protected":false},"author":2,"featured_media":1275248,"comment_status":"","ping_status":"","sticky":false,"template":"","format":"standard","meta":{"footnotes":"","_share_on_mastodon":"0"},"categories":[1826],"tags":[7251,29,30,692,14623,1548,53557,8923,45,7250,39183],"class_list":["post-1275247","post","type-post","status-publish","format-standard","has-post-thumbnail","category-hamburg","tag-dennis-cdu","tag-deutschland","tag-germany","tag-hamburg","tag-innenpolitik","tag-klimaschutz","tag-klimaschutz-ks","tag-lauterbach-joern","tag-texttospeech","tag-thering","tag-volksentscheide"],"share_on_mastodon":{"url":"https:\/\/pubeurope.com\/@de\/117199975658126661","error":""},"_links":{"self":[{"href":"https:\/\/www.europesays.com\/de\/wp-json\/wp\/v2\/posts\/1275247","targetHints":{"allow":["GET"]}}],"collection":[{"href":"https:\/\/www.europesays.com\/de\/wp-json\/wp\/v2\/posts"}],"about":[{"href":"https:\/\/www.europesays.com\/de\/wp-json\/wp\/v2\/types\/post"}],"author":[{"embeddable":true,"href":"https:\/\/www.europesays.com\/de\/wp-json\/wp\/v2\/users\/2"}],"replies":[{"embeddable":true,"href":"https:\/\/www.europesays.com\/de\/wp-json\/wp\/v2\/comments?post=1275247"}],"version-history":[{"count":0,"href":"https:\/\/www.europesays.com\/de\/wp-json\/wp\/v2\/posts\/1275247\/revisions"}],"wp:featuredmedia":[{"embeddable":true,"href":"https:\/\/www.europesays.com\/de\/wp-json\/wp\/v2\/media\/1275248"}],"wp:attachment":[{"href":"https:\/\/www.europesays.com\/de\/wp-json\/wp\/v2\/media?parent=1275247"}],"wp:term":[{"taxonomy":"category","embeddable":true,"href":"https:\/\/www.europesays.com\/de\/wp-json\/wp\/v2\/categories?post=1275247"},{"taxonomy":"post_tag","embeddable":true,"href":"https:\/\/www.europesays.com\/de\/wp-json\/wp\/v2\/tags?post=1275247"}],"curies":[{"name":"wp","href":"https:\/\/api.w.org\/{rel}","templated":true}]}}