{"id":1275256,"date":"2026-09-02T06:19:16","date_gmt":"2026-09-02T06:19:16","guid":{"rendered":"https:\/\/www.europesays.com\/de\/1275256\/"},"modified":"2026-09-02T06:19:16","modified_gmt":"2026-09-02T06:19:16","slug":"handball-sc-magdeburg-heiss-auf-meister-kracher-gegen-fuechse-berlin-sport","status":"publish","type":"post","link":"https:\/\/www.europesays.com\/de\/1275256\/","title":{"rendered":"Handball: SC Magdeburg hei\u00df auf Meister-Kracher gegen F\u00fcchse Berlin | Sport"},"content":{"rendered":"<p><a class=\"skip-content skip-content--link\" href=\"#in-content-skip-link-target-v-0-0\">TTS-Player \u00fcberspringen\u21b5<\/a><a id=\"in-content-skip-link-target-v-0-0\" class=\"skip-content--target-link-hidden skip-content skip-content--target-link\" href=\"#in-content-skip-link-target-v-0-0\">Artikel weiterlesen<\/a><\/p>\n<p><b>N\u00e4chster Clasico im deutschen <\/b><a href=\"https:\/\/www.bild.de\/sport\/sportart\/handball\/handball-alle-infos-76675494.bild.html\" class=\"text-link\" rel=\"nofollow noopener\" target=\"_blank\"><b>Handball<\/b><\/a><b>! Am Donnerstag (20.15 Uhr\/Dyn und MDR) treffen Meister SC Magdeburg und Pokalsieger F\u00fcchse Berlin aufeinander.<\/b><\/p>\n<p><img decoding=\"async\" width=\"992\" height=\"84\" alt=\"\" loading=\"lazy\" src=\"https:\/\/www.europesays.com\/de\/wp-content\/uploads\/2026\/09\/f62547b3462df759e40213a0a89ee89e,b3419944.png\"   class=\"dynamic\"\/><\/p>\n<p>Foto: BILD<\/p>\n<p>Diesmal aber in der Opel Handball-Bundesliga! Im Supercup vor zwei Wochen hatte Meister Magdeburg dem Pokalsieger aus der Hauptstadt beim 38:31 eine Abreibung verpasst. F\u00fcr SCM-Trainer Bennet Wiegert (44) z\u00e4hlt der j\u00fcngste Erfolg aber schon nicht mehr: \u201eDas ist abgeschlossen, weg, erledigt! Nach meiner Ansicht wird das eine komplett andere Situation.\u201c<\/p>\n<p>Handball: Magdeburg will gegen Berlin Meisterkampf er\u00f6ffnen<\/p>\n<p>Zweimal wurde Magdeburg in den letzten drei Jahren Meister, vorletzte Saison ging der Titel an die Berliner. Hei\u00dft: Wer dieses Duell gewinnt, macht nicht nur selbst einen Schritt in Richtung Titel, sondern bremst auch den Rivalen aus. Wiegert zum F\u00fcchse-Kracher: \u201eIch werde nicht satt an Berlin gegen Magdeburg, ich mag das. Da ist etwas daraus entstanden die letzten Jahre, die Konkurrenz ist gewachsen, weil beide Teams einfach gut performt und gearbeitet haben. Dementsprechend ist es genau das, was ich m\u00f6chte: ein richtiger Wettbewerb mit hoffentlich ganz vielen Emotionen!\u201c<\/p>\n<p>F\u00fcchse-Trainer Krickau mit Kampfansage<\/p>\n<p>Das erste Ligaspiel konnte Magdeburg mit 33:31 in Gummersbach gewinnen. Auch Berlin erwischte beim 33:31-Sieg gegen Melsungen einen Ligastart nach Ma\u00df. Vor dem erneuten Knaller gegen Magdeburg sagt Trainer Nicolej Krickau (39): \u201eWir werden ,all in\u2018 gehen. In Magdeburg wird es noch einmal deutlich schwerer. Wir werden trotzdem angreifen, haben nichts zu verlieren, aber wir sind ausw\u00e4rts gegen den SCM der Underdog.\u201c<\/p>\n<p>Berlin fehlen wichtige Spieler<\/p>\n<p>Auch, weil die Berliner noch nicht komplett sind: Fabian Wiede (32\/nach Kreuzbandriss) und Nils Lichtlein (24\/nach Fu\u00df-OP) fehlen weiterhin. F\u00fcr Nicolej Krickau aber keine Ausrede: \u201eDass wir gerade weniger Personal haben, mache ich nicht zum Thema. Magdeburg spielt meist auch nur mit neun Spielern durch. Im Supercup war die Abwehr bei uns ein Thema, das muss definitiv besser werden.\u201c Und schmunzelnd f\u00fcgt er an: \u201eMit weniger Spielern muss ich mir auch weniger Gedanken um die Verteilung der Spielzeiten machen.\u201c<\/p>\n<p>Wiegert denkt noch nicht an Weltstars<\/p>\n<p>F\u00fcr die kommende Saison r\u00fcsten die F\u00fcchse schon auf: Mit Dika Mem (29) und Simon Pytlick (25) kommen 2027 zwei Weltstars. Dann wird der deutsche Handball-Kracher also nochmal anders aussehen. \u201eDas ist nicht in unserem Kopf\u201c, stellt SCM-Trainer Wiegert auf BILD-Nachfrage klar. \u201eWir sind im Hier und Jetzt, nicht in der Vergangenheit, nicht in der Zukunft. Das spielt f\u00fcr mich \u00fcberhaupt keine Rolle, aber ich nehme es zur Kenntnis. Es ist nichts, was ich beeinflussen kann und nicht meine Kaderplanung, die ich bestimmen kann.\u201c<\/p>\n","protected":false},"excerpt":{"rendered":"TTS-Player \u00fcberspringen\u21b5Artikel weiterlesen N\u00e4chster Clasico im deutschen Handball! Am Donnerstag (20.15 Uhr\/Dyn und MDR) treffen Meister SC Magdeburg&hellip;\n","protected":false},"author":2,"featured_media":1275257,"comment_status":"","ping_status":"","sticky":false,"template":"","format":"standard","meta":{"footnotes":"","_share_on_mastodon":"0"},"categories":[1825],"tags":[296,29,1932,1933,30,1935,1391,5009,54855,9662,9378,3460,10601],"class_list":["post-1275256","post","type-post","status-publish","format-standard","has-post-thumbnail","category-berlin","tag-berlin","tag-deutschland","tag-dyn-handball","tag-fuechse-berlin","tag-germany","tag-gidsel-mathias","tag-handball","tag-hbl","tag-krickau-nicolej","tag-no-sport-app","tag-sc-magdeburg","tag-sport-leuchtturm-leipzig","tag-wiegert-bennet"],"share_on_mastodon":{"url":"https:\/\/pubeurope.com\/@de\/117200001068330536","error":""},"_links":{"self":[{"href":"https:\/\/www.europesays.com\/de\/wp-json\/wp\/v2\/posts\/1275256","targetHints":{"allow":["GET"]}}],"collection":[{"href":"https:\/\/www.europesays.com\/de\/wp-json\/wp\/v2\/posts"}],"about":[{"href":"https:\/\/www.europesays.com\/de\/wp-json\/wp\/v2\/types\/post"}],"author":[{"embeddable":true,"href":"https:\/\/www.europesays.com\/de\/wp-json\/wp\/v2\/users\/2"}],"replies":[{"embeddable":true,"href":"https:\/\/www.europesays.com\/de\/wp-json\/wp\/v2\/comments?post=1275256"}],"version-history":[{"count":0,"href":"https:\/\/www.europesays.com\/de\/wp-json\/wp\/v2\/posts\/1275256\/revisions"}],"wp:featuredmedia":[{"embeddable":true,"href":"https:\/\/www.europesays.com\/de\/wp-json\/wp\/v2\/media\/1275257"}],"wp:attachment":[{"href":"https:\/\/www.europesays.com\/de\/wp-json\/wp\/v2\/media?parent=1275256"}],"wp:term":[{"taxonomy":"category","embeddable":true,"href":"https:\/\/www.europesays.com\/de\/wp-json\/wp\/v2\/categories?post=1275256"},{"taxonomy":"post_tag","embeddable":true,"href":"https:\/\/www.europesays.com\/de\/wp-json\/wp\/v2\/tags?post=1275256"}],"curies":[{"name":"wp","href":"https:\/\/api.w.org\/{rel}","templated":true}]}}