{"id":1275262,"date":"2026-09-02T06:22:15","date_gmt":"2026-09-02T06:22:15","guid":{"rendered":"https:\/\/www.europesays.com\/de\/1275262\/"},"modified":"2026-09-02T06:22:15","modified_gmt":"2026-09-02T06:22:15","slug":"aydin-altinli-stellt-in-dormagen-knechtsteden-aus","status":"publish","type":"post","link":"https:\/\/www.europesays.com\/de\/1275262\/","title":{"rendered":"Aydin Altinli stellt in Dormagen-Knechtsteden aus"},"content":{"rendered":"<p class=\"text_ohne_einzug richtext text-em-55 !leading-serif mx-6 desktop:mx-0\"> Der K\u00fcnstler Aydin Altinli stellt vom 12. September an in den R\u00e4umen des Kunstvereins Galerie-Werkstatt im Kloster Knechtsteden aus. Im Zentrum der Werke Altinlis steht sein k\u00fcnstlerischer Ansatz, seine Werke nicht nur als Farbkompositionen zu verstehen, sondern sie auch als Medium des kulturellen Austauschs zu betrachten. \u201eSeine Bilder und Projekte stehen f\u00fcr Offenheit, Begegnung und den Austausch zwischen Menschen unterschiedlicher Herkunft und kultureller Pr\u00e4gung\u201c, verspricht der Verein.<\/p>\n<p class=\"richtext text-em-55 !leading-serif mx-6 desktop:mx-0\">Seit 1989 lebt Altinli in Deutschland und widmet sich kontinuierlich der Malerei. Seine Arbeiten waren in zahlreichen Gruppen- und Einzelausstellungen unter anderem in D\u00fcsseldorf, M\u00f6nchengladbach und Kaarst zu sehen. Nun kehrt er mit einer neuen Einzelausstellung in den Dormagener Kunstverein zur\u00fcck, dem er seit vielen Jahren als Mitglied verbunden ist. Die in Knechtsteden ausgestellten Bilder er\u00f6ffnen einen Raum f\u00fcr Begegnung und Dialog \u2013 \u00fcber Sprache, Herkunft und kulturelle Unterschiede hinweg, k\u00fcndigt die Galerie-Werkstatt an. Die Ausstellung ist samstags und sonntags von 11 bis 17 Uhr ge\u00f6ffnet, der Eintritt ist frei.<\/p>\n","protected":false},"excerpt":{"rendered":"Der K\u00fcnstler Aydin Altinli stellt vom 12. September an in den R\u00e4umen des Kunstvereins Galerie-Werkstatt im Kloster Knechtsteden&hellip;\n","protected":false},"author":2,"featured_media":1275263,"comment_status":"","ping_status":"","sticky":false,"template":"","format":"standard","meta":{"footnotes":"","_share_on_mastodon":"0"},"categories":[1775],"tags":[263209,1793,36250,29,214,2448,30,11821,16930,125315,1794,215,27898,11179],"class_list":["post-1275262","post","type-post","status-publish","format-standard","has-post-thumbnail","category-kunst-und-design","tag-altinli","tag-art-and-design","tag-begegnung","tag-deutschland","tag-entertainment","tag-galerie","tag-germany","tag-herkunft","tag-kaarst","tag-knechtsteden","tag-kunst-und-design","tag-unterhaltung","tag-werke","tag-werkstatt"],"share_on_mastodon":{"url":"https:\/\/pubeurope.com\/@de\/117200011074077572","error":""},"_links":{"self":[{"href":"https:\/\/www.europesays.com\/de\/wp-json\/wp\/v2\/posts\/1275262","targetHints":{"allow":["GET"]}}],"collection":[{"href":"https:\/\/www.europesays.com\/de\/wp-json\/wp\/v2\/posts"}],"about":[{"href":"https:\/\/www.europesays.com\/de\/wp-json\/wp\/v2\/types\/post"}],"author":[{"embeddable":true,"href":"https:\/\/www.europesays.com\/de\/wp-json\/wp\/v2\/users\/2"}],"replies":[{"embeddable":true,"href":"https:\/\/www.europesays.com\/de\/wp-json\/wp\/v2\/comments?post=1275262"}],"version-history":[{"count":0,"href":"https:\/\/www.europesays.com\/de\/wp-json\/wp\/v2\/posts\/1275262\/revisions"}],"wp:featuredmedia":[{"embeddable":true,"href":"https:\/\/www.europesays.com\/de\/wp-json\/wp\/v2\/media\/1275263"}],"wp:attachment":[{"href":"https:\/\/www.europesays.com\/de\/wp-json\/wp\/v2\/media?parent=1275262"}],"wp:term":[{"taxonomy":"category","embeddable":true,"href":"https:\/\/www.europesays.com\/de\/wp-json\/wp\/v2\/categories?post=1275262"},{"taxonomy":"post_tag","embeddable":true,"href":"https:\/\/www.europesays.com\/de\/wp-json\/wp\/v2\/tags?post=1275262"}],"curies":[{"name":"wp","href":"https:\/\/api.w.org\/{rel}","templated":true}]}}