{"id":1275264,"date":"2026-09-02T06:24:24","date_gmt":"2026-09-02T06:24:24","guid":{"rendered":"https:\/\/www.europesays.com\/de\/1275264\/"},"modified":"2026-09-02T06:24:24","modified_gmt":"2026-09-02T06:24:24","slug":"awz-hammer-sharon-battiste-folgt-ihrem-freund-ans-serien-set","status":"publish","type":"post","link":"https:\/\/www.europesays.com\/de\/1275264\/","title":{"rendered":"AWZ-Hammer! Sharon Battiste folgt ihrem Freund ans Serien-Set"},"content":{"rendered":"<p>F\u00fcr eine Nebenrolle AWZ-Hammer! Sharon Battiste folgt ihrem Freund ans Serien-Set<\/p>\n<p class=\"AnnotatedMarkup_paragraph__IUT9l\"><strong>Na, dieses Set liegt offenbar in der Familie! <\/strong><br \/>Ex-Bachelorette Sharon Battiste steigt bei \u201eAlles was z\u00e4hlt\u201c ein und wandelt damit auf ziemlich vertrauten Spuren. Denn ausgerechnet ihr Freund kennt die Steinkamp-Welt noch bestens: Tijan Njie spielte selbst jahrelang bei AWZ mit. Und Sharon kommt nicht allein! Wie sie ihren ersten Drehtag erlebt hat, erz\u00e4hlt sie selbst im Video.<\/p>\n<p>Erst Tijan, jetzt Sharon: AWZ wird zur Paar-Sache!<img alt=\"Sharon und Tijan haben ihre Beziehung Ende Mai 2026 \u00f6ffentlich gemacht. \" fetchpriority=\"auto\" loading=\"lazy\" width=\"940\" height=\"529\" decoding=\"async\" data-nimg=\"1\" class=\"Image_image__SdgLQ Picture_image__vGN9W\" style=\"color:transparent\"   src=\"https:\/\/www.europesays.com\/de\/wp-content\/uploads\/2026\/09\/fotojet-3-1.webp\"\/><\/p>\n<p>Sharon und Tijan haben ihre Beziehung Ende Mai 2026 \u00f6ffentlich gemacht. <\/p>\n<p>Instagram <\/p>\n<p class=\"AnnotatedMarkup_paragraph__IUT9l\">Diese Verbindung hat es in sich! Ab dem 29. September mischt <a href=\"https:\/\/www.rtl.de\/unterhaltung\/stars\/alocepia-areata-jetzt-fallen-sharon-batiste-auch-die-augenbrauen-aus-id30268548.html\" target=\"_self\" rel=\"nofollow noopener\">Sharon Battiste <\/a>in einer Nebenrolle als Claire Morell die AWZ-Welt auf. Die ehemalige T\u00e4nzerin muss ihre Karriere pl\u00f6tzlich an den Nagel h\u00e4ngen und heuert als neue Chefsekret\u00e4rin bei \u201eSteinkamp Sport &amp; Wellness\u201d an. Und ausgerechnet dort kennt sich Sharons Freund bestens aus! <a href=\"https:\/\/www.rtl.de\/cms\/abschied-von-alles-was-zaehlt-das-wird-tijan-njie-am-meisten-vermissen-4887089.html\" target=\"_self\" rel=\"nofollow noopener\">Tijan Njie<\/a> spielte von 2018 bis 2021 Moritz \u201eMo\u201c Brunner bei \u201eAlles was z\u00e4hlt\u201c. Jetzt tritt Sharon in seine Serien-Fu\u00dfstapfen. Ganz ohne Herzklopfen ging das allerdings nicht. Bei ihrer allerersten Szene war Sharon so nerv\u00f6s, dass sie ihren Text viel zu schnell herunterratterte. \u201eDa hie\u00df es direkt: \u201aDas machen wir noch mal.\u2018 Hahaha, ups!\u201c, erinnert sie sich.<\/p>\n<p><img alt=\"Alles was z\u00e4hlt\" fetchpriority=\"auto\" loading=\"lazy\" width=\"615\" height=\"346\" decoding=\"async\" data-nimg=\"1\" class=\"Image_image__SdgLQ RtlPlusContent_image__Gbn0N\" style=\"color:transparent\"   src=\"https:\/\/www.europesays.com\/de\/wp-content\/uploads\/2026\/07\/1784695581_454_alles-was-zaehlt.webp\"\/>Und pl\u00f6tzlich sitzt Daniel A\u00dfmann im AWZ-Knast!<\/p>\n<p class=\"AnnotatedMarkup_paragraph__IUT9l\">Doch damit nicht genug: Auch Moderator und \u201ePottfluencer\u201c Daniel A\u00dfmann bekommt eine Gastrolle und landet ausgerechnet hinter Gittern! Von Folge 5.039 am 24. September bis Folge 5.058 spielt er H\u00e4ftling Dirk Kaminski. Dort trifft er auf <a href=\"https:\/\/www.rtl.de\/cms\/awz-marc-dumitru-spielt-kilian-reichenbach-5024771.html\" target=\"_self\" rel=\"nofollow noopener\">Kilian Reichenbach<\/a> (Marc Dumitru).<\/p>\n<p><img alt=\"Daniel A\u00dfmann und Marc Dumitru machen auch abseits der Kameras gerne gemeinsame Sache. \" fetchpriority=\"auto\" loading=\"lazy\" width=\"940\" height=\"529\" decoding=\"async\" data-nimg=\"1\" class=\"Image_image__SdgLQ Picture_image__vGN9W\" style=\"color:transparent\"   src=\"https:\/\/www.europesays.com\/de\/wp-content\/uploads\/2026\/09\/bild-2026-09-01t112115435.webp\"\/><\/p>\n<p>Daniel A\u00dfmann und Marc Dumitru machen auch abseits der Kameras gerne gemeinsame Sache. <\/p>\n<p>RTL <\/p>\n<p class=\"AnnotatedMarkup_paragraph__IUT9l\">Die beiden kennen sich bereits seit Jahren und standen auch schon mal zusammen vor der Kamera: F\u00fcr Instagram produzierten sie humorvolle Clips, in denen Marc in seiner Rolle als Anwalt dem \u201ePottfluencer\u201c an der Pommes Schranke Anwaltsdeutsch verst\u00e4ndlich und unterhaltsam f\u00fcr jedermann erkl\u00e4rte. F\u00fcr A\u00dfmann ist die Knastrolle trotzdem absolutes Neuland. \u201eIch habe bisher deutlich mehr Zeit auf Campingpl\u00e4tzen als im Knast verbracht\u201c, scherzt er. Seine Dialoge durfte der Ruhrpottler sogar in stilechten \u201ePott-Sprech\u201c \u00fcbertragen. Und nach dem Dreh? War der Abschiedsschmerz schon da: \u201eEs hat so viel Spa\u00df gemacht! Ich bin traurig, dass es schon vorbei ist.\u201c<\/p>\n<p class=\"AnnotatedMarkup_paragraph__IUT9l\">Verwendete Quellen: RTL<\/p>\n","protected":false},"excerpt":{"rendered":"F\u00fcr eine Nebenrolle AWZ-Hammer! Sharon Battiste folgt ihrem Freund ans Serien-Set Na, dieses Set liegt offenbar in der&hellip;\n","protected":false},"author":2,"featured_media":1275265,"comment_status":"","ping_status":"","sticky":false,"template":"","format":"standard","meta":{"footnotes":"","_share_on_mastodon":"0"},"categories":[1773],"tags":[261016,2303,6261,6259,6262,29,214,30,1806,471,1780,168984,1808,6260,221802,684,215],"class_list":["post-1275264","post","type-post","status-publish","format-standard","has-post-thumbnail","category-serien","tag-ah-analytics","tag-alles-was-zaehlt","tag-alles-was-zaehlt-vorschau","tag-awz","tag-awz-vorschau","tag-deutschland","tag-entertainment","tag-germany","tag-serie","tag-serien","tag-series","tag-sharon-battiste","tag-soap","tag-steinkamp-zentrum","tag-tijan-njie","tag-tv","tag-unterhaltung"],"share_on_mastodon":{"url":"https:\/\/pubeurope.com\/@de\/117200021380430172","error":""},"_links":{"self":[{"href":"https:\/\/www.europesays.com\/de\/wp-json\/wp\/v2\/posts\/1275264","targetHints":{"allow":["GET"]}}],"collection":[{"href":"https:\/\/www.europesays.com\/de\/wp-json\/wp\/v2\/posts"}],"about":[{"href":"https:\/\/www.europesays.com\/de\/wp-json\/wp\/v2\/types\/post"}],"author":[{"embeddable":true,"href":"https:\/\/www.europesays.com\/de\/wp-json\/wp\/v2\/users\/2"}],"replies":[{"embeddable":true,"href":"https:\/\/www.europesays.com\/de\/wp-json\/wp\/v2\/comments?post=1275264"}],"version-history":[{"count":0,"href":"https:\/\/www.europesays.com\/de\/wp-json\/wp\/v2\/posts\/1275264\/revisions"}],"wp:featuredmedia":[{"embeddable":true,"href":"https:\/\/www.europesays.com\/de\/wp-json\/wp\/v2\/media\/1275265"}],"wp:attachment":[{"href":"https:\/\/www.europesays.com\/de\/wp-json\/wp\/v2\/media?parent=1275264"}],"wp:term":[{"taxonomy":"category","embeddable":true,"href":"https:\/\/www.europesays.com\/de\/wp-json\/wp\/v2\/categories?post=1275264"},{"taxonomy":"post_tag","embeddable":true,"href":"https:\/\/www.europesays.com\/de\/wp-json\/wp\/v2\/tags?post=1275264"}],"curies":[{"name":"wp","href":"https:\/\/api.w.org\/{rel}","templated":true}]}}