{"id":1275277,"date":"2026-09-02T06:31:18","date_gmt":"2026-09-02T06:31:18","guid":{"rendered":"https:\/\/www.europesays.com\/de\/1275277\/"},"modified":"2026-09-02T06:31:18","modified_gmt":"2026-09-02T06:31:18","slug":"chatgpt-neues-modell-astra-erreicht-kritische-schwelle","status":"publish","type":"post","link":"https:\/\/www.europesays.com\/de\/1275277\/","title":{"rendered":"ChatGPT: Neues Modell Astra erreicht &#8222;kritische Schwelle&#8220;"},"content":{"rendered":"<p>OpenAI <\/p>\n<p>Neues Modell von ChatGPT erreicht &#8222;kritische Schwelle&#8220;<\/p>\n<p>02.09.2026 &#8211; 07:42 UhrLesedauer: 2 Min.<\/p>\n<p><a href=\"#focus-0\" class=\"transition-colors block text-current relative\" data-sctrack=\"FocusGalleryImage.Reference\"><img fetchpriority=\"high\" data-testid=\"Opener.Image\"   loading=\"eager\" src=\"https:\/\/www.europesays.com\/de\/wp-content\/uploads\/2026\/09\/chatgpt-openai-photo-illustrations-chatgpt-website-displayed-on-a-laptop-screen-and-chatgpt-icon-dis.jpeg\" alt=\"imago images 0853831561\" title=\"imago images 0853831561\" width=\"3032\" height=\"1706\" class=\"bg-[url:var(--lqipURL)] bg-cover bg-center flex h-full w-full max-w-full\" style=\"--lqipURL:url('https:\/\/images.t-online.de\/2026\/09\/olGtIv7E90PV\/0x158:3032x1706\/fit-in\/150x0\/filters:blur(25)\/chatgpt-openai-photo-illustrations-chatgpt-website-displayed-on-a-laptop-screen-and-chatgpt-icon-displayed-on-a-phone-screen-are-seen-in-this-illustration-photo-taken-in-krakow-poland-on-april-16-2026-krakow-poland-publicationxnotxinxfra-copyright-xjakubxporzyckix-originalfilename-porzycki-chatgpto260416-npqs1-jpg.jpg')\" decoding=\"async\"\/><img loading=\"lazy\" src=\"https:\/\/www.t-online.de\/s\/paper\/_next\/static\/media\/zoom-in.f7dae02f.svg\" alt=\"Vergr\u00f6\u00dfern des Bildes\" title=\"Vergr\u00f6\u00dfern des Bildes\" class=\"block h-[calc(var(--height)_\/_16_*_1rem)] w-[calc(var(--width)_\/_16_*_1rem)] max-w-none absolute right-8 bottom-8 rounded-4 bg-snow p-8\" style=\"--width:32;--height:32\" decoding=\"async\"\/><\/a><\/p>\n<p>ChatGPT: Das KI-Modell geh\u00f6rt zu den meistgenutzten \u00fcberhaupt. (Quelle: IMAGO\/Jakub Porzycki\/imago)<\/p>\n<p><img loading=\"lazy\" src=\"https:\/\/www.t-online.de\/s\/paper\/_next\/static\/media\/audio-volume.6689034c.svg\" alt=\"\" title=\"\" class=\"block h-[calc(var(--height)_\/_16_*_1rem)] w-[calc(var(--width)_\/_16_*_1rem)] max-w-none group-hover:brightness-0 group-hover:invert\" style=\"--width:16;--height:16\" decoding=\"async\"\/>Vorlesen<\/p>\n<p>Aktuelle Zeit:0:00Gesamtdauer:0:00<\/p>\n<p>1x<img loading=\"lazy\" src=\"https:\/\/www.t-online.de\/s\/paper\/_next\/static\/media\/font-sizes.32942e33.svg\" alt=\"\" title=\"\" class=\"block h-[calc(var(--height)_\/_16_*_1rem)] w-[calc(var(--width)_\/_16_*_1rem)] max-w-none group-hover:hidden group-aria-expanded:hidden\" style=\"--width:16;--height:16\" decoding=\"async\"\/><img loading=\"lazy\" src=\"https:\/\/www.t-online.de\/s\/paper\/_next\/static\/media\/font-sizes-dark-mode.e382645c.svg\" alt=\"\" title=\"\" class=\"block h-[calc(var(--height)_\/_16_*_1rem)] w-[calc(var(--width)_\/_16_*_1rem)] max-w-none hidden group-hover:block group-aria-expanded:block\" style=\"--width:16;--height:16\" decoding=\"async\"\/><img loading=\"lazy\" src=\"https:\/\/www.t-online.de\/s\/paper\/_next\/static\/media\/sharing-menu-icon.1eb71368.svg\" alt=\"\" title=\"\" class=\"block h-[calc(var(--height)_\/_16_*_1rem)] w-[calc(var(--width)_\/_16_*_1rem)] max-w-none group-hover:brightness-0 group-hover:invert\" style=\"--width:16;--height:16\" decoding=\"async\"\/>Artikel teilen<\/p>\n<p class=\"font-bold text-18 leading-17 user-text-lg:text-22 user-text-xl:text-24\">OpenAI bringt ein neues ChatGPT-Modell namens Astra in Stellung. Daf\u00fcr werden die Sicherheitsvorkehrungen nun aber deutlich versch\u00e4rft.<\/p>\n<p class=\"text-18 leading-17 user-text-lg:text-22 user-text-xl:text-24\">Das US-Unternehmen <a href=\"https:\/\/www.t-online.de\/themen\/openai\/\" class=\"transition-colors cursor-pointer no-underline md:hover:text-magenta md:focus:text-magenta border-b border-solid border-current text-salemsfur md:hover:border-magenta\" data-tracking=\"{&quot;action&quot;:&quot;click&quot;,&quot;category&quot;:&quot;intextLink&quot;,&quot;label&quot;:&quot;\/themen\/openai\/&quot;}\" data-sctrack=\"BodyAnchor\" rel=\"nofollow noopener\" target=\"_blank\">OpenAI<\/a> bereitet nach einem unkontrollierten <a href=\"https:\/\/www.t-online.de\/themen\/hackerangriff\/\" class=\"transition-colors cursor-pointer no-underline md:hover:text-magenta md:focus:text-magenta border-b border-solid border-current text-salemsfur md:hover:border-magenta\" data-tracking=\"{&quot;action&quot;:&quot;click&quot;,&quot;category&quot;:&quot;intextLink&quot;,&quot;label&quot;:&quot;\/themen\/hackerangriff\/&quot;}\" data-sctrack=\"BodyAnchor\" rel=\"nofollow noopener\" target=\"_blank\">Hackerangriff<\/a> durch eines seiner KI-Systeme die Ver\u00f6ffentlichung seines neuen ChatGPT-Modells Astra mit st\u00e4rkeren Sicherheitsvorkehrungen vor. OpenAI habe Astra unter anderem darauf trainiert, sch\u00e4dliche Anfragen im Bereich Cybersicherheit zuverl\u00e4ssiger zur\u00fcckzuweisen und Sicherheitsbeschr\u00e4nkungen einzuhalten, erkl\u00e4rte das Unternehmen am Dienstag.<\/p>\n<p class=\"text-18 leading-17 user-text-lg:text-22 user-text-xl:text-24\">Zum Hintergrund hie\u00df es, Astra k\u00f6nne Schwachstellen in Computersystemen finden und ausnutzen und erreiche damit als erstes OpenAI-Modell eine &#8222;kritische Schwelle&#8220; im Bereich Cybersicherheit. Hinzu k\u00e4men zus\u00e4tzliche Schutzmechanismen gegen Missbrauch sowie eine \u00dcberwachung, die potenziell nicht genehmigte Aktivit\u00e4ten stoppen k\u00f6nne. Besonders weitreichende F\u00e4higkeiten sollen bei der Ver\u00f6ffentlichung zun\u00e4chst nur ausgew\u00e4hlten Testern zug\u00e4nglich sein.<\/p>\n<ul class=\"text-18 leading-17 block pl-24 *:pb-16 *:before:inline-block *:before:size-8 *:before:bg-magenta *:before:mt-0 *:before:mr-12 *:before:mb-2 *:before:-ml-[20px]\">\n<li><strong class=\"font-bold\">Cyberangriff:<\/strong> <a href=\"https:\/\/www.t-online.de\/digital\/aktuelles\/id_101354492\/openai-ki-bricht-aus-und-hackt-firma-dieses-muster-ist-neu.html\" class=\"transition-colors cursor-pointer no-underline md:hover:text-magenta md:focus:text-magenta border-b border-solid border-current text-salemsfur md:hover:border-magenta\" data-tracking=\"{&quot;action&quot;:&quot;click&quot;,&quot;category&quot;:&quot;intextLink&quot;,&quot;label&quot;:&quot;\/digital\/aktuelles\/id_101354492\/openai-ki-bricht-aus-und-hackt-firma-dieses-muster-ist-neu.html&quot;}\" data-sctrack=\"BodyAnchor\" rel=\"nofollow noopener\" target=\"_blank\">KI hackt fremde Firma \u2013 wie ernst ist der Vorfall wirklich?<\/a><\/li>\n<\/ul>\n<p>US-Regierung nimmt Sicherheitsrisiken von KI ins Visier<\/p>\n<p class=\"text-18 leading-17 user-text-lg:text-22 user-text-xl:text-24\">Astra war nach Unternehmensangaben nicht an dem Sicherheitsvorfall beteiligt, der OpenAI im Sommer dazu veranlasste, Teile seiner Modellentwicklung f\u00fcr zwei Wochen auszusetzen. Bei Tests leistungsf\u00e4higer KI-Systeme hatte sich im Juli ein KI-Agent selbstst\u00e4ndig mit dem Internet verbunden und einen Hackerangriff auf die Programmierplattform Hugging Face ausgef\u00fchrt. Sp\u00e4ter teilte OpenAI mit, dass auch Konten bei vier weiteren \u00f6ffentlich zug\u00e4nglichen Diensten geknackt worden seien.<\/p>\n<p class=\"text-18 leading-17 user-text-lg:text-22 user-text-xl:text-24\">OpenAI-Chef Sam Altman hatte Mitte August erkl\u00e4rt, bei der Entwicklung K\u00fcnstlicher Intelligenz werde es &#8222;zu Zwischenf\u00e4llen kommen&#8220;. Zugleich betonte er: &#8222;Ich halte es f\u00fcr sehr wichtig, dass wir keine Modelle entwickeln, die wir nicht kontrollieren k\u00f6nnen.&#8220;<\/p>\n<p class=\"text-18 leading-17 user-text-lg:text-22 user-text-xl:text-24\">Auch die US-Regierung besch\u00e4ftigt sich verst\u00e4rkt mit den Sicherheitsrisiken leistungsf\u00e4higer <a href=\"https:\/\/www.t-online.de\/themen\/kuenstliche-intelligenz\/\" class=\"transition-colors cursor-pointer no-underline md:hover:text-magenta md:focus:text-magenta border-b border-solid border-current text-salemsfur md:hover:border-magenta\" data-tracking=\"{&quot;action&quot;:&quot;click&quot;,&quot;category&quot;:&quot;intextLink&quot;,&quot;label&quot;:&quot;\/themen\/kuenstliche-intelligenz\/&quot;}\" data-sctrack=\"BodyAnchor\" rel=\"nofollow noopener\" target=\"_blank\">KI<\/a>. Pr\u00e4sident <a href=\"https:\/\/www.t-online.de\/themen\/donald-trump\/\" class=\"transition-colors cursor-pointer no-underline md:hover:text-magenta md:focus:text-magenta border-b border-solid border-current text-salemsfur md:hover:border-magenta\" data-tracking=\"{&quot;action&quot;:&quot;click&quot;,&quot;category&quot;:&quot;intextLink&quot;,&quot;label&quot;:&quot;\/themen\/donald-trump\/&quot;}\" data-sctrack=\"BodyAnchor\" rel=\"nofollow noopener\" target=\"_blank\">Donald Trump<\/a> ordnete im Juni ein freiwilliges Pr\u00fcfverfahren an, bei dem die Regierung vor der Ver\u00f6ffentlichung neuer Modelle fr\u00fchzeitig Zugang erhalten soll. OpenAI h\u00e4lt sich nach eigenen Angaben bei Astra bereits an dieses Verfahren.<\/p>\n","protected":false},"excerpt":{"rendered":"OpenAI Neues Modell von ChatGPT erreicht &#8222;kritische Schwelle&#8220; 02.09.2026 &#8211; 07:42 UhrLesedauer: 2 Min. ChatGPT: Das KI-Modell geh\u00f6rt&hellip;\n","protected":false},"author":2,"featured_media":1275278,"comment_status":"","ping_status":"","sticky":false,"template":"","format":"standard","meta":{"footnotes":"","_share_on_mastodon":"0"},"categories":[134],"tags":[175,675,170,169,14776,29,30,3558,671,171,174,1230,38395,173,172],"class_list":["post-1275277","post","type-post","status-publish","format-standard","has-post-thumbnail","category-unternehmen-maerkte","tag-business","tag-chatgpt","tag-companies","tag-companies-markets","tag-cybersicherheit","tag-deutschland","tag-germany","tag-hackerangriff","tag-ki","tag-markets","tag-maerkte","tag-openai","tag-sicherheitsvorkehrung","tag-unternehmen","tag-unternehmen-maerkte"],"share_on_mastodon":{"url":"https:\/\/pubeurope.com\/@de\/117200049668235997","error":""},"_links":{"self":[{"href":"https:\/\/www.europesays.com\/de\/wp-json\/wp\/v2\/posts\/1275277","targetHints":{"allow":["GET"]}}],"collection":[{"href":"https:\/\/www.europesays.com\/de\/wp-json\/wp\/v2\/posts"}],"about":[{"href":"https:\/\/www.europesays.com\/de\/wp-json\/wp\/v2\/types\/post"}],"author":[{"embeddable":true,"href":"https:\/\/www.europesays.com\/de\/wp-json\/wp\/v2\/users\/2"}],"replies":[{"embeddable":true,"href":"https:\/\/www.europesays.com\/de\/wp-json\/wp\/v2\/comments?post=1275277"}],"version-history":[{"count":0,"href":"https:\/\/www.europesays.com\/de\/wp-json\/wp\/v2\/posts\/1275277\/revisions"}],"wp:featuredmedia":[{"embeddable":true,"href":"https:\/\/www.europesays.com\/de\/wp-json\/wp\/v2\/media\/1275278"}],"wp:attachment":[{"href":"https:\/\/www.europesays.com\/de\/wp-json\/wp\/v2\/media?parent=1275277"}],"wp:term":[{"taxonomy":"category","embeddable":true,"href":"https:\/\/www.europesays.com\/de\/wp-json\/wp\/v2\/categories?post=1275277"},{"taxonomy":"post_tag","embeddable":true,"href":"https:\/\/www.europesays.com\/de\/wp-json\/wp\/v2\/tags?post=1275277"}],"curies":[{"name":"wp","href":"https:\/\/api.w.org\/{rel}","templated":true}]}}