{"id":1275285,"date":"2026-09-02T06:36:12","date_gmt":"2026-09-02T06:36:12","guid":{"rendered":"https:\/\/www.europesays.com\/de\/1275285\/"},"modified":"2026-09-02T06:36:12","modified_gmt":"2026-09-02T06:36:12","slug":"365-tage-365-tiere-schlank-und-rank-ist-dieser-mitbewohner-in-halle","status":"publish","type":"post","link":"https:\/\/www.europesays.com\/de\/1275285\/","title":{"rendered":"365 Tage, 365 Tiere: Schlank und rank ist dieser Mitbewohner in Halle"},"content":{"rendered":"<p class=\"fp-paragraph\"><strong>Halle (Saale)\/MZ.<\/strong> &#8211; Der Schwefelk\u00e4fer (Cteniopus sulphureus) ist durch seine leuchtend gelbe bis schwefelgelbe F\u00e4rbung leicht zu erkennen. <\/p>\n<p class=\"fp-paragraph\">Er erreicht eine K\u00f6rperl\u00e4nge von etwa sieben bis zehn Millimetern. Der schlanke K\u00f6rper und die gelben Fl\u00fcgeldecken bilden einen auff\u00e4lligen Kontrast zu den meist dunkleren F\u00fchlern und Beinen.<\/p>\n<p>In der Franzigmark, in Kr\u00f6llwitz oder Lieskau zu Hause<\/p>\n<p class=\"fp-paragraph\">Der Schwefelk\u00e4fer bevorzugt warme, sonnige und trockene Lebensr\u00e4ume wie Trockenrasen, Wiesen, Waldr\u00e4nder und lichte Bereiche wie in der Franzigmark, in Kr\u00f6llwitz oder Lieskau.<\/p>\n<p class=\"fp-paragraph\">Die erwachsenen K\u00e4fer sind von Mai bis August aktiv und halten sich h\u00e4ufig auf Bl\u00fcten auf. Dort ern\u00e4hren sie sich unter anderem von Pollen und Nektar. Die Larven entwickeln sich im Boden oder in abgestorbenem Pflanzenmaterial. Sie kommen in ganz Mitteleuropa, \u00f6stlich sogar bis Sibirien vor.<\/p>\n<p>365 Tage, 365 Tiere<\/p>\n<p class=\"fp-paragraph\">Ein ganzes Jahr, ein ganzer Blick auf die Stadt: 2026 sehen wir uns sehr genau an, wer alles in der Stadt Halle lebt. Und dieses Mal blicken wir nicht nur auf die menschlichen Mitbewohner. Da gibt es Tag f\u00fcr Tag im neuen Jahr durchaus manche, nicht nur angenehme \u00dcberraschungen.<\/p>\n<p class=\"fp-paragraph\">Ein Tag, ein Tier: Das sind die Mitbewohner, die wir in unserer 2026er-Serie schon vorgestellt haben. Alle Tiere finden Sie hier in unserer Rubrik <a href=\"https:\/\/www.mz.de\/thema\/heute-in-halle\" rel=\"nofollow noopener\" target=\"_blank\">Heute in Halle<\/a>. Das sind die Exemplare der vergangenen vier Tage:<\/p>\n<p class=\"fp-paragraph\">Jeden Tag, auch samstags und sonntags kommt jetzt ein neuer tierischer Mitbewohner hinzu.<\/p>\n","protected":false},"excerpt":{"rendered":"Halle (Saale)\/MZ. &#8211; Der Schwefelk\u00e4fer (Cteniopus sulphureus) ist durch seine leuchtend gelbe bis schwefelgelbe F\u00e4rbung leicht zu erkennen.&hellip;\n","protected":false},"author":2,"featured_media":1275286,"comment_status":"","ping_status":"","sticky":false,"template":"","format":"standard","meta":{"footnotes":"","_share_on_mastodon":"0"},"categories":[1860],"tags":[3364,29,548,663,3934,30,4062,17332,13,14,15,17331,860,12],"class_list":["post-1275285","post","type-post","status-publish","format-standard","has-post-thumbnail","category-halle-saale","tag-de","tag-deutschland","tag-eu","tag-europa","tag-europe","tag-germany","tag-halle","tag-halle-saale","tag-headlines","tag-nachrichten","tag-news","tag-saale","tag-sachsen-anhalt","tag-schlagzeilen"],"share_on_mastodon":{"url":"https:\/\/pubeurope.com\/@de\/117200066003735169","error":""},"_links":{"self":[{"href":"https:\/\/www.europesays.com\/de\/wp-json\/wp\/v2\/posts\/1275285","targetHints":{"allow":["GET"]}}],"collection":[{"href":"https:\/\/www.europesays.com\/de\/wp-json\/wp\/v2\/posts"}],"about":[{"href":"https:\/\/www.europesays.com\/de\/wp-json\/wp\/v2\/types\/post"}],"author":[{"embeddable":true,"href":"https:\/\/www.europesays.com\/de\/wp-json\/wp\/v2\/users\/2"}],"replies":[{"embeddable":true,"href":"https:\/\/www.europesays.com\/de\/wp-json\/wp\/v2\/comments?post=1275285"}],"version-history":[{"count":0,"href":"https:\/\/www.europesays.com\/de\/wp-json\/wp\/v2\/posts\/1275285\/revisions"}],"wp:featuredmedia":[{"embeddable":true,"href":"https:\/\/www.europesays.com\/de\/wp-json\/wp\/v2\/media\/1275286"}],"wp:attachment":[{"href":"https:\/\/www.europesays.com\/de\/wp-json\/wp\/v2\/media?parent=1275285"}],"wp:term":[{"taxonomy":"category","embeddable":true,"href":"https:\/\/www.europesays.com\/de\/wp-json\/wp\/v2\/categories?post=1275285"},{"taxonomy":"post_tag","embeddable":true,"href":"https:\/\/www.europesays.com\/de\/wp-json\/wp\/v2\/tags?post=1275285"}],"curies":[{"name":"wp","href":"https:\/\/api.w.org\/{rel}","templated":true}]}}