{"id":1275287,"date":"2026-09-02T06:37:49","date_gmt":"2026-09-02T06:37:49","guid":{"rendered":"https:\/\/www.europesays.com\/de\/1275287\/"},"modified":"2026-09-02T06:37:49","modified_gmt":"2026-09-02T06:37:49","slug":"alemannia-eigengewaechs-ademi-wechselt-nach-fuerth","status":"publish","type":"post","link":"https:\/\/www.europesays.com\/de\/1275287\/","title":{"rendered":"Alemannia: Eigengew\u00e4chs Ademi wechselt nach F\u00fcrth"},"content":{"rendered":"<p>Alemannia Aachen-Eigengew\u00e4chs Faton Ademi wechselt in die 2. Bundesliga zur SpVgg Greuther F\u00fcrth.<\/p>\n<p>In einem Statement auf Instagram schreibt er: \u201eNach vielen besonderen und unvergesslichen Jahren ist f\u00fcr mich der Moment gekommen, Abschied zu nehmen. [&#8230;] Alemannia, der Tivoli und diese Zeit werden immer einen besonderen Platz in meinem Herzen haben.\u201c<\/p>\n<p>Laut Medienberichten wechselt der 20-J\u00e4hrige f\u00fcr eine Abl\u00f6se von rund 1,2 Millionen Euro.<\/p>\n<p>Das komplette Statement findet ihr <strong><a href=\"https:\/\/www.instagram.com\/p\/DcvvHkPiA9z\/?img_index=1\" rel=\"noopener noreferrer nofollow\" target=\"_blank\">HIER<\/a><\/strong>. Auch die Alemannia hat den Abgang mittlerweile best\u00e4tigt, circa eine Stunde nach Ademis Instagram-Post.<\/p>\n<p><script async src=\"\/\/www.instagram.com\/embed.js\"><\/script><\/p>\n","protected":false},"excerpt":{"rendered":"Alemannia Aachen-Eigengew\u00e4chs Faton Ademi wechselt in die 2. Bundesliga zur SpVgg Greuther F\u00fcrth. In einem Statement auf Instagram&hellip;\n","protected":false},"author":2,"featured_media":1275288,"comment_status":"","ping_status":"","sticky":false,"template":"","format":"standard","meta":{"footnotes":"","_share_on_mastodon":"0"},"categories":[1853],"tags":[1424,3364,29,548,663,3934,30,13,14,15,1209,12],"class_list":["post-1275287","post","type-post","status-publish","format-standard","has-post-thumbnail","category-aachen","tag-aachen","tag-de","tag-deutschland","tag-eu","tag-europa","tag-europe","tag-germany","tag-headlines","tag-nachrichten","tag-news","tag-nordrhein-westfalen","tag-schlagzeilen"],"share_on_mastodon":{"url":"https:\/\/pubeurope.com\/@de\/117200073703796315","error":""},"_links":{"self":[{"href":"https:\/\/www.europesays.com\/de\/wp-json\/wp\/v2\/posts\/1275287","targetHints":{"allow":["GET"]}}],"collection":[{"href":"https:\/\/www.europesays.com\/de\/wp-json\/wp\/v2\/posts"}],"about":[{"href":"https:\/\/www.europesays.com\/de\/wp-json\/wp\/v2\/types\/post"}],"author":[{"embeddable":true,"href":"https:\/\/www.europesays.com\/de\/wp-json\/wp\/v2\/users\/2"}],"replies":[{"embeddable":true,"href":"https:\/\/www.europesays.com\/de\/wp-json\/wp\/v2\/comments?post=1275287"}],"version-history":[{"count":0,"href":"https:\/\/www.europesays.com\/de\/wp-json\/wp\/v2\/posts\/1275287\/revisions"}],"wp:featuredmedia":[{"embeddable":true,"href":"https:\/\/www.europesays.com\/de\/wp-json\/wp\/v2\/media\/1275288"}],"wp:attachment":[{"href":"https:\/\/www.europesays.com\/de\/wp-json\/wp\/v2\/media?parent=1275287"}],"wp:term":[{"taxonomy":"category","embeddable":true,"href":"https:\/\/www.europesays.com\/de\/wp-json\/wp\/v2\/categories?post=1275287"},{"taxonomy":"post_tag","embeddable":true,"href":"https:\/\/www.europesays.com\/de\/wp-json\/wp\/v2\/tags?post=1275287"}],"curies":[{"name":"wp","href":"https:\/\/api.w.org\/{rel}","templated":true}]}}