{"id":1275289,"date":"2026-09-02T06:39:35","date_gmt":"2026-09-02T06:39:35","guid":{"rendered":"https:\/\/www.europesays.com\/de\/1275289\/"},"modified":"2026-09-02T06:39:35","modified_gmt":"2026-09-02T06:39:35","slug":"versucht-ehefrau-zu-toeten-prozess-gegen-37-jaehrigen-2","status":"publish","type":"post","link":"https:\/\/www.europesays.com\/de\/1275289\/","title":{"rendered":"Versucht Ehefrau zu t\u00f6ten &#8211; Prozess gegen 37-J\u00e4hrigen"},"content":{"rendered":"<p>Prozessbeginn <\/p>\n<p>Versucht Ehefrau zu t\u00f6ten &#8211; Prozess gegen 37-J\u00e4hrigen<\/p>\n<p>Aktualisiert am 02.09.2026 &#8211; 03:30 UhrLesedauer: 1 Min.<\/p>\n<p><a href=\"#focus-0\" class=\"transition-colors block text-current relative\" data-sctrack=\"FocusGalleryImage.Reference\"><img fetchpriority=\"high\" data-testid=\"Opener.Image\"   loading=\"eager\" src=\"https:\/\/www.europesays.com\/de\/wp-content\/uploads\/2026\/09\/der-angeklagte-wird-vor-dem-landgericht-kiel-erwartet-symbolbild.jpg\" alt=\"Landgericht Kiel\" title=\"Landgericht Kiel\" width=\"2048\" height=\"1152\" class=\"bg-[url:var(--lqipURL)] bg-cover bg-center flex h-full w-full max-w-full\" style=\"--lqipURL:url('https:\/\/images.t-online.de\/2026\/09\/LBxd7v8s2OdX\/0x107:2048x1152\/fit-in\/150x0\/filters:blur(25)\/der-angeklagte-wird-vor-dem-landgericht-kiel-erwartet-symbolbild.jpg')\" decoding=\"async\"\/><img loading=\"lazy\" src=\"https:\/\/www.t-online.de\/s\/paper\/_next\/static\/media\/zoom-in.f7dae02f.svg\" alt=\"Vergr\u00f6\u00dfern des Bildes\" title=\"Vergr\u00f6\u00dfern des Bildes\" class=\"block h-[calc(var(--height)_\/_16_*_1rem)] w-[calc(var(--width)_\/_16_*_1rem)] max-w-none absolute right-8 bottom-8 rounded-4 bg-snow p-8\" style=\"--width:32;--height:32\" decoding=\"async\"\/><\/a><\/p>\n<p>Der Angeklagte wird vor dem Landgericht Kiel erwartet. (Symbolbild) (Quelle: Christian Charisius\/dpa\/dpa-bilder)<\/p>\n<p><img loading=\"lazy\" src=\"https:\/\/www.t-online.de\/s\/paper\/_next\/static\/media\/audio-volume.6689034c.svg\" alt=\"\" title=\"\" class=\"block h-[calc(var(--height)_\/_16_*_1rem)] w-[calc(var(--width)_\/_16_*_1rem)] max-w-none group-hover:brightness-0 group-hover:invert\" style=\"--width:16;--height:16\" decoding=\"async\"\/>Vorlesen<\/p>\n<p>Aktuelle Zeit:0:00Gesamtdauer:0:00<\/p>\n<p>1x<img loading=\"lazy\" src=\"https:\/\/www.t-online.de\/s\/paper\/_next\/static\/media\/font-sizes.32942e33.svg\" alt=\"\" title=\"\" class=\"block h-[calc(var(--height)_\/_16_*_1rem)] w-[calc(var(--width)_\/_16_*_1rem)] max-w-none group-hover:hidden group-aria-expanded:hidden\" style=\"--width:16;--height:16\" decoding=\"async\"\/><img loading=\"lazy\" src=\"https:\/\/www.t-online.de\/s\/paper\/_next\/static\/media\/font-sizes-dark-mode.e382645c.svg\" alt=\"\" title=\"\" class=\"block h-[calc(var(--height)_\/_16_*_1rem)] w-[calc(var(--width)_\/_16_*_1rem)] max-w-none hidden group-hover:block group-aria-expanded:block\" style=\"--width:16;--height:16\" decoding=\"async\"\/><img loading=\"lazy\" src=\"https:\/\/www.t-online.de\/s\/paper\/_next\/static\/media\/sharing-menu-icon.1eb71368.svg\" alt=\"\" title=\"\" class=\"block h-[calc(var(--height)_\/_16_*_1rem)] w-[calc(var(--width)_\/_16_*_1rem)] max-w-none group-hover:brightness-0 group-hover:invert\" style=\"--width:16;--height:16\" decoding=\"async\"\/>Artikel teilen<\/p>\n<p class=\"font-bold text-18 leading-17 user-text-lg:text-22 user-text-xl:text-24\">Vor dem Landgericht Kiel muss sich ein 37-J\u00e4hriger verantworten. Die Anklage wirft ihm vor, im Dezember 2025 seine getrennt lebende Ehefrau mit einem Messer attackiert zu haben.<\/p>\n<p class=\"text-18 leading-17 user-text-lg:text-22 user-text-xl:text-24\">Ein 37-j\u00e4hriger Mann steht ab heute (9.00 Uhr) in Kiel vor Gericht, weil er versucht haben soll, seine Ehefrau mit einem Messer zu t\u00f6ten. Laut Landgericht Kiel fuhr er im Dezember vergangenen Jahres zu seiner getrennt lebenden Frau nach Neum\u00fcnster, um sie zu t\u00f6ten. Dabei hatte er zwei Messer und ein Beil bei sich.<\/p>\n<p class=\"text-18 leading-17 user-text-lg:text-22 user-text-xl:text-24\">Als die Frau die T\u00fcr \u00f6ffnete, soll er ihr laut Anklage sofort mit einem Messer in den Oberk\u00f6rper gestochen haben. Anschlie\u00dfend soll er versucht haben, sich selbst das Leben zu nehmen. Die Frau \u00fcberlebte den Angriff. Ihre Tochter hatte aus dem Fenster um Hilfe gerufen. Als Motiv werde die Trennung der Frau und ihre Beziehung zu einem anderen Mann angenommen.<\/p>\n<p class=\"text-18 leading-17 user-text-lg:text-22 user-text-xl:text-24\">F\u00fcr den Prozess sind voraussichtlich sieben Verhandlungstage geplant.<\/p>\n","protected":false},"excerpt":{"rendered":"Prozessbeginn Versucht Ehefrau zu t\u00f6ten &#8211; Prozess gegen 37-J\u00e4hrigen Aktualisiert am 02.09.2026 &#8211; 03:30 UhrLesedauer: 1 Min. Der&hellip;\n","protected":false},"author":2,"featured_media":1275290,"comment_status":"","ping_status":"","sticky":false,"template":"","format":"standard","meta":{"footnotes":"","_share_on_mastodon":"0"},"categories":[1852],"tags":[3364,29,548,663,3934,30,13,4949,2023,1981,14,15,2797,12,1971],"class_list":["post-1275289","post","type-post","status-publish","format-standard","has-post-thumbnail","category-kiel","tag-de","tag-deutschland","tag-eu","tag-europa","tag-europe","tag-germany","tag-headlines","tag-kiel","tag-landgericht-kiel","tag-messer","tag-nachrichten","tag-news","tag-prozessbeginn","tag-schlagzeilen","tag-schleswig-holstein"],"share_on_mastodon":{"url":"https:\/\/pubeurope.com\/@de\/117200081442865703","error":""},"_links":{"self":[{"href":"https:\/\/www.europesays.com\/de\/wp-json\/wp\/v2\/posts\/1275289","targetHints":{"allow":["GET"]}}],"collection":[{"href":"https:\/\/www.europesays.com\/de\/wp-json\/wp\/v2\/posts"}],"about":[{"href":"https:\/\/www.europesays.com\/de\/wp-json\/wp\/v2\/types\/post"}],"author":[{"embeddable":true,"href":"https:\/\/www.europesays.com\/de\/wp-json\/wp\/v2\/users\/2"}],"replies":[{"embeddable":true,"href":"https:\/\/www.europesays.com\/de\/wp-json\/wp\/v2\/comments?post=1275289"}],"version-history":[{"count":0,"href":"https:\/\/www.europesays.com\/de\/wp-json\/wp\/v2\/posts\/1275289\/revisions"}],"wp:featuredmedia":[{"embeddable":true,"href":"https:\/\/www.europesays.com\/de\/wp-json\/wp\/v2\/media\/1275290"}],"wp:attachment":[{"href":"https:\/\/www.europesays.com\/de\/wp-json\/wp\/v2\/media?parent=1275289"}],"wp:term":[{"taxonomy":"category","embeddable":true,"href":"https:\/\/www.europesays.com\/de\/wp-json\/wp\/v2\/categories?post=1275289"},{"taxonomy":"post_tag","embeddable":true,"href":"https:\/\/www.europesays.com\/de\/wp-json\/wp\/v2\/tags?post=1275289"}],"curies":[{"name":"wp","href":"https:\/\/api.w.org\/{rel}","templated":true}]}}