{"id":1275293,"date":"2026-09-02T06:43:26","date_gmt":"2026-09-02T06:43:26","guid":{"rendered":"https:\/\/www.europesays.com\/de\/1275293\/"},"modified":"2026-09-02T06:43:26","modified_gmt":"2026-09-02T06:43:26","slug":"das-sind-die-kuerbisfeste-im-september-und-oktober-in-der-region-braunschweig-wolfsburg","status":"publish","type":"post","link":"https:\/\/www.europesays.com\/de\/1275293\/","title":{"rendered":"Das sind die K\u00fcrbisfeste im September und Oktober in der Region Braunschweig-Wolfsburg"},"content":{"rendered":"<p class=\"rich-text expressive-copy-lg-body my-6\">Der Herbst startet in der <a href=\"https:\/\/www.braunschweiger-zeitung.de\/niedersachsen\/wolfsburg\/article412919042\/schon-ab-oktober-tausende-zuege-fallen-ab-braunschweig-und-wolfsburg-aus.html\" data-category-full-path=\"https:\/\/www.braunschweiger-zeitung.de\/niedersachsen\/wolfsburg\/\" data-paid-status=\"premium\" data-article-publish-date=\"1787238166\" rel=\"nofollow noopener\" target=\"_blank\">Region Braunschweig-Wolfsburg<\/a> traditionell mit einer bunten Ernte: Ab September liegen Hokkaido, Butternut und Muskatk\u00fcrbis wieder auf den H\u00f6fen bereit. Manche Sorten landen als Suppe oder Auflauf auf dem Teller, andere werden zur Halloween-Laterne geschnitzt oder schm\u00fccken als Deko die Haust\u00fcr. Mehrere H\u00f6fe, G\u00e4rtnereien und Museen in der Region laden <a href=\"https:\/\/www.braunschweiger-zeitung.de\/niedersachsen\/gifhorn\/article410310401\/fuers-kartoffel-und-kuerbisfest-mussten-gifhorner-wetterfest-sein.html\" data-category-full-path=\"https:\/\/www.braunschweiger-zeitung.de\/niedersachsen\/gifhorn\/\" data-paid-status=\"premium\" data-article-publish-date=\"1761487327\" rel=\"nofollow noopener\" target=\"_blank\">zu K\u00fcrbisfesten mit Musik, Essen und Programm<\/a> f\u00fcr Kinder ein. Wer seinen Herbstausflug planen will, findet hier die wichtigsten Termine auf einen Blick.<\/p>\n<p>Das sind die K\u00fcrbisfeste in der Region Braunschweig-Wolfsburg<\/p>\n<p class=\"rich-text expressive-copy-lg-body my-6\">Von Watenb\u00fcttel bis Gifhorn: Diese H\u00f6fe und Einrichtungen laden 2026 zum K\u00fcrbisfest ein. Am Ende der Liste stehen au\u00dferdem zwei Tipps, die zwar kein klassisches K\u00fcrbisfest sind, aber genauso gut in die Saison passen.<\/p>\n<p>G\u00e4rtnerei Dieterichs, Wolfsburg-Hattorf<\/p>\n<ul class=\"list-disc pl-7 [[data-group=summary]_&amp;]:my-0 my-10 [h3+&amp;]:mt-0 expressive-copy-lg\">\n<li class=\"rich-text my-2 pl-1.5\"><strong>Termin:<\/strong> Sonntag, 13. September, 10 bis 17 Uhr<br \/>Rund 150 selbst gezogene K\u00fcrbissorten stehen bei der <a data-track-v2-eventname=\"pageElement\" data-track-v2-action=\"Click\" data-track-v2-parentposition=\"Content\" data-track-v2-elementtype=\"Button\" data-track-v2-elementstyle=\"Text\" data-track-v2-label=\"Link Label\" data-track-v2-vendor=\"Internal\" data-track-v2-parent=\"Link List\" data-track-v2-parentlabel=\"Link List\" data-track-v2-elementposition=\"1\" data-track-v2-track-view=\"\" href=\"https:\/\/www.braunschweiger-zeitung.de\/niedersachsen\/gifhorn\/article411275357\/ei-ei-ei-dieser-zauberhafte-ostermarkt-im-kreis-gifhorn-eroeffnet-den-fruehling.html\" data-category-full-path=\"https:\/\/www.braunschweiger-zeitung.de\/niedersachsen\/gifhorn\/\" data-paid-status=\"free\" data-article-publish-date=\"1771689312\" rel=\"nofollow noopener\" target=\"_blank\">G\u00e4rtnerei Dieterichs<\/a> am Junkerhof zur Auswahl \u2013 von Zierk\u00fcrbissen f\u00fcrs Auge bis zu Speisesorten f\u00fcr die K\u00fcche. Dazu gibt es K\u00fcrbiswaffeln, K\u00fcrbisauflauf und K\u00fcrbissuppe sowie musikalische Begleitung. F\u00fcr Kinder ist eine Bastel- und Schnitzwerkstatt aufgebaut. Am Marktstand von Obsthof Molks gibt es zus\u00e4tzlich \u00c4pfel aus Evessen. Auch Herbstkr\u00e4nze, Topfpflanzen und Tomaten stehen zum Verkauf.<\/li>\n<\/ul>\n<p>Papes Gem\u00fcsegarten, Braunschweig-Watenb\u00fcttel<\/p>\n<ul class=\"list-disc pl-7 [[data-group=summary]_&amp;]:my-0 my-10 [h3+&amp;]:mt-0 expressive-copy-lg\">\n<li class=\"rich-text my-2 pl-1.5\"><strong>Termin:<\/strong> Samstag, 19., und Sonntag, 20. September, jeweils 10 bis 18 Uhr<br \/>Auf dem Hof<a data-track-v2-eventname=\"pageElement\" data-track-v2-action=\"Click\" data-track-v2-parentposition=\"Content\" data-track-v2-elementtype=\"Button\" data-track-v2-elementstyle=\"Text\" data-track-v2-label=\"Link Label\" data-track-v2-vendor=\"Internal\" data-track-v2-parent=\"Link List\" data-track-v2-parentlabel=\"Link List\" data-track-v2-elementposition=\"1\" data-track-v2-track-view=\"\" href=\"https:\/\/www.braunschweiger-zeitung.de\/niedersachsen\/braunschweig\/article412929018\/endlich-freie-fahrt-dieser-braunschweiger-stadtteil-hat-die-baustelle-ueberstanden.html\" data-category-full-path=\"https:\/\/www.braunschweiger-zeitung.de\/niedersachsen\/braunschweig\/\" data-paid-status=\"default\" data-article-publish-date=\"1787324400\" rel=\"nofollow noopener\" target=\"_blank\"> in Watenb\u00fcttel<\/a> verwandelt sich die K\u00fcrbisscheune in eine Westernkulisse mit K\u00fcrbispyramide und Fotospots. Rund um Kunsthandwerkermarkt und Live-Musik gibt es ein Programm f\u00fcr die ganze Familie: H\u00fcpfburg, Strohburg, Kinderschminken, K\u00fcrbisse bemalen und Stockbrot am Feuer. Kulinarisch reicht das Angebot von K\u00fcrbissuppe und Kartoffelpuffer \u00fcber Flammkuchen aus dem Holzbackofen bis zu Krustenbraten und Bratwurst mit Pommes.<\/li>\n<\/ul>\n<p>Herbstmarkt in Danndorf<\/p>\n<ul class=\"list-disc pl-7 [[data-group=summary]_&amp;]:my-0 my-10 [h3+&amp;]:mt-0 expressive-copy-lg\">\n<li class=\"rich-text my-2 pl-1.5\"><strong>Termin: <\/strong>Samstag, 3. Oktober, 11 bis 16 Uhr<br \/>Auf dem Sch\u00fctzenplatz in Danndorf, Neuh\u00e4user Stra\u00dfe 1b, findet im und rund um den Sch\u00fctzensaal ein Herbstmarkt mit regionalen Ausstellern und Kunsthandwerk statt. Geboten werden herbstliche Spezialit\u00e4ten, wie beispielsweise K\u00fcrbissuppe, aber auch Pommes, Bratwurst und Softgetr\u00e4nke werden geboten. F\u00fcr die Kinder ist ein K\u00fcrbis-Schnitzwettbewerb geplant. Die ersten drei Pl\u00e4tze werden pr\u00e4miert. Veranstaltet wird der Herbstmarkt vom Sch\u00fctzenverein Danndorf, der vom Danndorfer Heimat- und Kulturverein und dem Biosph\u00e4renreservat Dr\u00f6mling unterst\u00fctzt wird.<\/li>\n<\/ul>\n<p>K\u00fcrbis- und Kartoffelfest, Internationales M\u00fchlenmuseum Gifhorn<\/p>\n<ul class=\"list-disc pl-7 [[data-group=summary]_&amp;]:my-0 my-10 [h3+&amp;]:mt-0 expressive-copy-lg\">\n<li class=\"rich-text my-2 pl-1.5\"><strong>Termin:<\/strong> Samstag, 24., und Sonntag, 25. Oktober, jeweils 11 bis 17 Uhr<br \/>Zwischen den weltweit gesammelten M\u00fchlen auf dem Freilichtgel\u00e4nde dreht sich an diesem Wochenende alles um K\u00fcrbis und Kartoffel. Direktvermarkter bieten regionale Produkte an, in den Broth\u00e4usern gibt es K\u00fcrbisbrot und weitere Backwaren frisch aus dem Ofen. Die Museumsgastronomie serviert ein Sondermen\u00fc mit K\u00fcrbissuppe, Kartoffelpuffern und Aufl\u00e4ufen. F\u00fcr Kinder gibt es eine K\u00fcrbis-Schnitzwerkstatt, dazu M\u00fchlenvorf\u00fchrungen in der Holl\u00e4nderm\u00fchle und Workshops rund um K\u00fcrbis und Kartoffel. <a data-track-v2-eventname=\"pageElement\" data-track-v2-action=\"Click\" data-track-v2-parentposition=\"Content\" data-track-v2-elementtype=\"Button\" data-track-v2-elementstyle=\"Text\" data-track-v2-label=\"Link Label\" data-track-v2-vendor=\"Internal\" data-track-v2-parent=\"Link List\" data-track-v2-parentlabel=\"Link List\" data-track-v2-elementposition=\"1\" data-track-v2-track-view=\"\" href=\"https:\/\/www.braunschweiger-zeitung.de\/niedersachsen\/gifhorn\/article412883841\/stadt-gifhorn-findet-neue-geldquelle-fuer-millionengrab-muehlenmuseum-parkticket.html\" data-category-full-path=\"https:\/\/www.braunschweiger-zeitung.de\/niedersachsen\/gifhorn\/\" data-paid-status=\"premium\" data-article-publish-date=\"1786968740\" rel=\"nofollow noopener\" target=\"_blank\">Es gilt der regul\u00e4re Museumseintritt.<\/a><\/li>\n<\/ul>\n<p><img decoding=\"async\" src=\"https:\/\/www.europesays.com\/de\/wp-content\/uploads\/2026\/09\/408259789_1739100065_v16_9_1200.jpeg\" class=\"relative z-10 block w-full object-cover aspect-[4\/3] md:aspect-[4\/3] lg:aspect-[4\/3]\" alt=\"Ein K\u00fcrbis- und Kartoffelfest ist am Internationalen M\u00fchlenmuseum Gifhorn geplant.\" title=\"Ein K\u00fcrbis- und Kartoffelfest ist am Internationalen M\u00fchlenmuseum Gifhorn geplant.\" loading=\"lazy\"\/><\/p>\n<p>Ein K\u00fcrbis- und Kartoffelfest ist am Internationalen M\u00fchlenmuseum Gifhorn geplant.\u00a9 V&amp;T Int. M\u00fchlenmuseum GmbH | V&amp;T Int. M\u00fchlenmuseum GmbH<\/p>\n<p>K\u00fcrbisfest Wakepark, Allerpark Wolfsburg<\/p>\n<ul class=\"list-disc pl-7 [[data-group=summary]_&amp;]:my-0 my-10 [h3+&amp;]:mt-0 expressive-copy-lg\">\n<li class=\"rich-text my-2 pl-1.5\"><strong>Termin:<\/strong> Samstag, 24. Oktober, 12 bis 18 Uhr.<br \/>Auf dem Steg und am Strand des Wakeparks steht der K\u00fcrbis-Schnitzwettbewerb im Mittelpunkt: Die kreativsten K\u00fcrbisse haben die Chance auf einen Preis. Drumherum gibt es Kinderschminken, Herbstbasteln sowie hausgemachte K\u00fcrbissuppe, Kuchen und Grillgut.<\/li>\n<\/ul>\n<p><img decoding=\"async\" src=\"https:\/\/www.europesays.com\/de\/wp-content\/uploads\/2026\/09\/413028919_1788277431_v16_9_1200.jpeg\" class=\"relative z-10 block w-full object-cover aspect-[16\/9] md:aspect-[16\/9] lg:aspect-[16\/9]\" alt=\"K\u00fcrbisfest Wakepark\" title=\"Im Wakepark in Wolfsburg findet im Oktober wieder ein K\u00fcrbisfest statt.\" loading=\"lazy\"\/><\/p>\n<p>Im Wakepark in Wolfsburg findet im Oktober wieder ein K\u00fcrbisfest statt.\u00a9 FUNKE Foto Services | Anja Weber<\/p>\n<p>Zwei weitere Tipps rund um den K\u00fcrbis<\/p>\n<p class=\"rich-text expressive-copy-lg-body my-6\">Nicht jeder K\u00fcrbis-Ausflug muss an einen K\u00fcrbisfest-Termin gebunden sein. Diese zwei Adressen lohnen sich \u00fcber mehrere Wochen im Herbst:<\/p>\n<p>K\u00fcrbisscheune bei Papes Gem\u00fcsegarten<\/p>\n<ul class=\"list-disc pl-7 [[data-group=summary]_&amp;]:my-0 my-10 [h3+&amp;]:mt-0 expressive-copy-lg\">\n<li class=\"rich-text my-2 pl-1.5\"><strong>Termin:<\/strong> 5. September bis 8. November, samstags, sonntags und an Feiertagen, 11 bis 17 Uhr<br \/>Nach dem gro\u00dfen K\u00fcrbisfest bleibt die Scheune in Watenb\u00fcttel bis in den November hinein ge\u00f6ffnet. Besucherinnen und Besucher k\u00f6nnen in Ruhe zwischen K\u00fcrbissen in vielen Farben und Formen st\u00f6bern. Dazu gibt es K\u00fcrbissuppe, K\u00fcrbiswaffeln, Kuchen und Deftiges von der Grillbude. An einzelnen Wochenenden kommen Extras hinzu: am 5. und 6. September ein Kinderflohmarkt, am 12. und 13. September ein K\u00fcrbis-Tasting, am 3. und 4. Oktober ein Kinderwochenende und am 10. und 11. Oktober ein Weinfest. Neu sind Freitags-Termine mit Kaffee und Kuchen (11. September und 9. Oktober, 15 bis 18 Uhr) sowie ein entspannter After-Work-Ausklang mit Musik und Cocktails (25. September und 23. Oktober, 18 bis 22 Uhr).<\/li>\n<\/ul>\n<p><img decoding=\"async\" src=\"https:\/\/www.europesays.com\/de\/wp-content\/uploads\/2026\/09\/413027087_1788277431_v16_9_1200.jpeg\" class=\"relative z-10 block w-full object-cover aspect-[16\/9] md:aspect-[16\/9] lg:aspect-[16\/9]\" alt=\"230906 Stamme Kuerbis (2)\" title=\"Die K\u00fcrbisscheune bei Papes Gem\u00fcsegarten bleibt bis in den November hinein ge\u00f6ffnet.\" loading=\"lazy\"\/><\/p>\n<p>Die K\u00fcrbisscheune bei Papes Gem\u00fcsegarten bleibt bis in den November hinein ge\u00f6ffnet.\u00a9 Privat | Sandra Stamme, Braunschweig<\/p>\n<p>K\u00fcrbisschnitzen in Leiferde<\/p>\n<ul class=\"list-disc pl-7 [[data-group=summary]_&amp;]:my-0 my-10 [h3+&amp;]:mt-0 expressive-copy-lg\">\n<li class=\"rich-text my-2 pl-1.5\"><strong>Termin:<\/strong> Sonntag, 25. Oktober, 15.30 bis 17 Uhr<br \/>Auf der Terrasse des Tennisheims in Leiferde treffen sich Familien zum gemeinsamen K\u00fcrbisschnitzen. Aus den ausgeh\u00f6hlten K\u00fcrbissen entstehen Laternen f\u00fcr Halloween, anschlie\u00dfend gibt es Stockbrot am Lagerfeuer. K\u00fcrbisse k\u00f6nnen vor Ort gekauft werden. Mitzubringen sind Schnitzwerkzeug, eine K\u00fcrbiss\u00e4ge, ein schmales Messer und ein gro\u00dfer L\u00f6ffel zum Aush\u00f6hlen.<\/li>\n<\/ul>\n<p>Weitere Anlaufstellen<\/p>\n<p class=\"rich-text expressive-copy-lg-body my-6\">Wer keine Zeit f\u00fcr ein ganzes Fest hat, aber trotzdem einen sch\u00f6nen K\u00fcrbis sucht, wird auch abseits der genannten Termine f\u00fcndig. Im<a href=\"https:\/\/www.braunschweiger-zeitung.de\/niedersachsen\/wolfenbuettel\/article410030791\/von-apricot-bis-riesenkuerbis-diese-frau-ist-boerssums-kuerbis-koenigin.html\" data-category-full-path=\"https:\/\/www.braunschweiger-zeitung.de\/niedersachsen\/wolfenbuettel\/\" data-paid-status=\"free\" data-article-publish-date=\"1759233600\" rel=\"nofollow noopener\" target=\"_blank\"> Landkreis Wolfenb\u00fcttel<\/a> bieten etwa die K\u00fcrbisscheune im Backhausweg in<a href=\"https:\/\/www.braunschweiger-zeitung.de\/niedersachsen\/wolfenbuettel\/article412941413\/100-traktoren-in-boerssum-die-39-schoensten-fotos-vom-schleppertreffen.html\" data-category-full-path=\"https:\/\/www.braunschweiger-zeitung.de\/niedersachsen\/wolfenbuettel\/\" data-paid-status=\"premium\" data-article-publish-date=\"1787492400\" rel=\"nofollow noopener\" target=\"_blank\"> B\u00f6r\u00dfum<\/a>, der K\u00fcrbishof Heinemann in der Semmenstedter Stra\u00dfe in Berklingen und der Betrieb von Bauer Giffhorn in der Elmstra\u00dfe in Volzum eine gro\u00dfe Auswahl.<\/p>\n<p>So erreichen Sie uns \u00fcber Whatsapp<\/p>\n<p class=\"rich-text functional-copy-base-stable\">Sie haben ein spannendes Thema f\u00fcr uns? Oder gibt es in Ihrer Stadt oder Ihrem Kreis einen Missstand, auf den Sie aufmerksam machen wollen? Dann schreiben Sie uns doch ganz einfach eine Nachricht \u00fcber Whatsapp! <a href=\"https:\/\/wa.me\/495313900350\" rel=\"nofollow noopener\" target=\"_blank\">Hier geht es direkt zum Chat mit uns. <\/a><\/p>\n","protected":false},"excerpt":{"rendered":"Der Herbst startet in der Region Braunschweig-Wolfsburg traditionell mit einer bunten Ernte: Ab September liegen Hokkaido, Butternut und&hellip;\n","protected":false},"author":2,"featured_media":1275294,"comment_status":"","ping_status":"","sticky":false,"template":"","format":"standard","meta":{"footnotes":"","_share_on_mastodon":"0"},"categories":[1850],"tags":[6429,3364,29,548,663,3934,30,13,14,15,1411,12],"class_list":["post-1275293","post","type-post","status-publish","format-standard","has-post-thumbnail","category-braunschweig","tag-braunschweig","tag-de","tag-deutschland","tag-eu","tag-europa","tag-europe","tag-germany","tag-headlines","tag-nachrichten","tag-news","tag-niedersachsen","tag-schlagzeilen"],"share_on_mastodon":{"url":"https:\/\/pubeurope.com\/@de\/117200096390933668","error":""},"_links":{"self":[{"href":"https:\/\/www.europesays.com\/de\/wp-json\/wp\/v2\/posts\/1275293","targetHints":{"allow":["GET"]}}],"collection":[{"href":"https:\/\/www.europesays.com\/de\/wp-json\/wp\/v2\/posts"}],"about":[{"href":"https:\/\/www.europesays.com\/de\/wp-json\/wp\/v2\/types\/post"}],"author":[{"embeddable":true,"href":"https:\/\/www.europesays.com\/de\/wp-json\/wp\/v2\/users\/2"}],"replies":[{"embeddable":true,"href":"https:\/\/www.europesays.com\/de\/wp-json\/wp\/v2\/comments?post=1275293"}],"version-history":[{"count":0,"href":"https:\/\/www.europesays.com\/de\/wp-json\/wp\/v2\/posts\/1275293\/revisions"}],"wp:featuredmedia":[{"embeddable":true,"href":"https:\/\/www.europesays.com\/de\/wp-json\/wp\/v2\/media\/1275294"}],"wp:attachment":[{"href":"https:\/\/www.europesays.com\/de\/wp-json\/wp\/v2\/media?parent=1275293"}],"wp:term":[{"taxonomy":"category","embeddable":true,"href":"https:\/\/www.europesays.com\/de\/wp-json\/wp\/v2\/categories?post=1275293"},{"taxonomy":"post_tag","embeddable":true,"href":"https:\/\/www.europesays.com\/de\/wp-json\/wp\/v2\/tags?post=1275293"}],"curies":[{"name":"wp","href":"https:\/\/api.w.org\/{rel}","templated":true}]}}