{"id":1275295,"date":"2026-09-02T06:45:29","date_gmt":"2026-09-02T06:45:29","guid":{"rendered":"https:\/\/www.europesays.com\/de\/1275295\/"},"modified":"2026-09-02T06:45:29","modified_gmt":"2026-09-02T06:45:29","slug":"transfer-ticker-sk-rapid-wien-lehnt-angebote-von-schalke-04-und-borussia-moenchengladbach-fuer-nikolaus-wurmbrand-ab","status":"publish","type":"post","link":"https:\/\/www.europesays.com\/de\/1275295\/","title":{"rendered":"Transfer-Ticker: SK Rapid Wien lehnt Angebote von Schalke 04 und Borussia M\u00f6nchengladbach f\u00fcr Nikolaus Wurmbrand ab"},"content":{"rendered":"<p>Transfer-TickerRapid lehnt Angebote f\u00fcr Wurmbrand ab<\/p>\n<p class=\"Typography_text-default__P3otY Typography_weight-normal__pqUbH StorylineParagraph_p__4mkZU\">Nikolaus Wurmbrand bleibt vorerst beim SK Rapid Wien. Nach Informationen von Sky wurden am Deadline Day sowohl ein Angebot des FC Schalke 04 als auch eine Offerte von Borussia M\u00f6nchengladbach f\u00fcr den 20 Jahre alten Fl\u00fcgelspieler abgelehnt. Wurmbrand besitzt in H\u00fctteldorf noch einen Vertrag bis 2028. F\u00fcr Rapid absolvierte er bislang 83 Pflichtspiele, in denen ihm zehn Tore und zehn Vorlagen gelangen. Zudem traf er bei seinen ersten beiden Eins\u00e4tzen f\u00fcr die \u00f6sterreichische Nationalmannschaft einmal.<\/p>\n<p>Verwendete Quelle: ntv.de<\/p>\n","protected":false},"excerpt":{"rendered":"Transfer-TickerRapid lehnt Angebote f\u00fcr Wurmbrand ab Nikolaus Wurmbrand bleibt vorerst beim SK Rapid Wien. Nach Informationen von Sky&hellip;\n","protected":false},"author":2,"featured_media":1275296,"comment_status":"","ping_status":"","sticky":false,"template":"","format":"standard","meta":{"footnotes":"","_share_on_mastodon":"0"},"categories":[1849],"tags":[3364,29,548,663,3934,30,13,4455,14,15,1209,12],"class_list":["post-1275295","post","type-post","status-publish","format-standard","has-post-thumbnail","category-moenchengladbach","tag-de","tag-deutschland","tag-eu","tag-europa","tag-europe","tag-germany","tag-headlines","tag-moenchengladbach","tag-nachrichten","tag-news","tag-nordrhein-westfalen","tag-schlagzeilen"],"share_on_mastodon":{"url":"","error":""},"_links":{"self":[{"href":"https:\/\/www.europesays.com\/de\/wp-json\/wp\/v2\/posts\/1275295","targetHints":{"allow":["GET"]}}],"collection":[{"href":"https:\/\/www.europesays.com\/de\/wp-json\/wp\/v2\/posts"}],"about":[{"href":"https:\/\/www.europesays.com\/de\/wp-json\/wp\/v2\/types\/post"}],"author":[{"embeddable":true,"href":"https:\/\/www.europesays.com\/de\/wp-json\/wp\/v2\/users\/2"}],"replies":[{"embeddable":true,"href":"https:\/\/www.europesays.com\/de\/wp-json\/wp\/v2\/comments?post=1275295"}],"version-history":[{"count":0,"href":"https:\/\/www.europesays.com\/de\/wp-json\/wp\/v2\/posts\/1275295\/revisions"}],"wp:featuredmedia":[{"embeddable":true,"href":"https:\/\/www.europesays.com\/de\/wp-json\/wp\/v2\/media\/1275296"}],"wp:attachment":[{"href":"https:\/\/www.europesays.com\/de\/wp-json\/wp\/v2\/media?parent=1275295"}],"wp:term":[{"taxonomy":"category","embeddable":true,"href":"https:\/\/www.europesays.com\/de\/wp-json\/wp\/v2\/categories?post=1275295"},{"taxonomy":"post_tag","embeddable":true,"href":"https:\/\/www.europesays.com\/de\/wp-json\/wp\/v2\/tags?post=1275295"}],"curies":[{"name":"wp","href":"https:\/\/api.w.org\/{rel}","templated":true}]}}