{"id":1275297,"date":"2026-09-02T06:47:16","date_gmt":"2026-09-02T06:47:16","guid":{"rendered":"https:\/\/www.europesays.com\/de\/1275297\/"},"modified":"2026-09-02T06:47:16","modified_gmt":"2026-09-02T06:47:16","slug":"gelsenkirchen-testet-elternhaltestellen-vor-grundschulen","status":"publish","type":"post","link":"https:\/\/www.europesays.com\/de\/1275297\/","title":{"rendered":"Gelsenkirchen testet Elternhaltestellen vor Grundschulen"},"content":{"rendered":"<p>In Gelsenkirchen sollen neue Elternhaltestelle ab heute (02.09.) f\u00fcr mehr Sicherheit vor den Grundschulen sorgen. An der GGS Albert-Schweitzer-Stra\u00dfe und an der Grundschule &#8222;An der Gr\u00e4fte&#8220; werden Eltern k\u00fcnftig gebeten, ihre Kinder nicht direkt vor dem Eingang aussteigen zu lassen. Stattdessen gibt es ausgewiesene Haltebereiche in einiger Entfernung zur Schule. Von dort gehen die Kinder den Rest zu Fu\u00df. So sollen gef\u00e4hrliche und un\u00fcbersichtliche Situationen durch Elterntaxis direkt vor den Schulen vermieden werden. Durch den Test an zwei Grundschulen m\u00f6chte die Stadt Erfahrungen mit dem Konzept sammeln und schauen, ob es sich positiv auf die Verkehrslage vor Ort auswirkt.<\/p>\n","protected":false},"excerpt":{"rendered":"In Gelsenkirchen sollen neue Elternhaltestelle ab heute (02.09.) f\u00fcr mehr Sicherheit vor den Grundschulen sorgen. An der GGS&hellip;\n","protected":false},"author":2,"featured_media":1275298,"comment_status":"","ping_status":"","sticky":false,"template":"","format":"standard","meta":{"footnotes":"","_share_on_mastodon":"0"},"categories":[1848],"tags":[3364,29,548,663,3934,3658,30,13,14,15,1209,12],"class_list":["post-1275297","post","type-post","status-publish","format-standard","has-post-thumbnail","category-gelsenkirchen","tag-de","tag-deutschland","tag-eu","tag-europa","tag-europe","tag-gelsenkirchen","tag-germany","tag-headlines","tag-nachrichten","tag-news","tag-nordrhein-westfalen","tag-schlagzeilen"],"share_on_mastodon":{"url":"https:\/\/pubeurope.com\/@de\/117200109128704557","error":""},"_links":{"self":[{"href":"https:\/\/www.europesays.com\/de\/wp-json\/wp\/v2\/posts\/1275297","targetHints":{"allow":["GET"]}}],"collection":[{"href":"https:\/\/www.europesays.com\/de\/wp-json\/wp\/v2\/posts"}],"about":[{"href":"https:\/\/www.europesays.com\/de\/wp-json\/wp\/v2\/types\/post"}],"author":[{"embeddable":true,"href":"https:\/\/www.europesays.com\/de\/wp-json\/wp\/v2\/users\/2"}],"replies":[{"embeddable":true,"href":"https:\/\/www.europesays.com\/de\/wp-json\/wp\/v2\/comments?post=1275297"}],"version-history":[{"count":0,"href":"https:\/\/www.europesays.com\/de\/wp-json\/wp\/v2\/posts\/1275297\/revisions"}],"wp:featuredmedia":[{"embeddable":true,"href":"https:\/\/www.europesays.com\/de\/wp-json\/wp\/v2\/media\/1275298"}],"wp:attachment":[{"href":"https:\/\/www.europesays.com\/de\/wp-json\/wp\/v2\/media?parent=1275297"}],"wp:term":[{"taxonomy":"category","embeddable":true,"href":"https:\/\/www.europesays.com\/de\/wp-json\/wp\/v2\/categories?post=1275297"},{"taxonomy":"post_tag","embeddable":true,"href":"https:\/\/www.europesays.com\/de\/wp-json\/wp\/v2\/tags?post=1275297"}],"curies":[{"name":"wp","href":"https:\/\/api.w.org\/{rel}","templated":true}]}}