{"id":1275299,"date":"2026-09-02T06:49:16","date_gmt":"2026-09-02T06:49:16","guid":{"rendered":"https:\/\/www.europesays.com\/de\/1275299\/"},"modified":"2026-09-02T06:49:16","modified_gmt":"2026-09-02T06:49:16","slug":"mainz-starke-rauchentwicklung-wegen-brand-in-entsorgungsbetrieb","status":"publish","type":"post","link":"https:\/\/www.europesays.com\/de\/1275299\/","title":{"rendered":"Mainz: Starke Rauchentwicklung wegen Brand in Entsorgungsbetrieb"},"content":{"rendered":"<p>Die Feuerwehr Mainz ist in der Nacht zu Mittwoch wegen eines Brands in einem M\u00fcll verarbeitenden Betrieb ausger\u00fcckt. In dem Entsorgungsbetrieb in der Wormser Stra\u00dfe kam es laut Feuerwehr zu einer starken Rauchentwicklung. Die Bev\u00f6lkerung im n\u00e4heren Umkreis wurde deswegen aufgefordert, Fenster und T\u00fcren geschlossen zu halten.<\/p>\n<p>Worms<\/p>\n<p><a href=\"https:\/\/www.swr.de\/swraktuell\/rheinland-pfalz\/mainz\/immer-wieder-braende-bei-entsorgungsbetrieben-in-worms-durch-akkus-im-muell-100.html\" class=\"teasertracking clickzone link\" role=\"presentation\" tabindex=\"-1\" rel=\"nofollow noopener\" target=\"_blank\"><\/p>\n<p><img src=\"https:\/\/www.europesays.com\/de\/wp-content\/uploads\/2026\/09\/1782392810237,brand-in-muellbunker-bei-entsorgungsbetrieb-in-worms-100~_v-1x1@2dXS_-9a91314e681c924f.jpeg\"   class=\"\" data-copyright=\"Foto: Feuerwehr Worms\" alt=\"Feuerwehrleute l\u00f6schen einen Brand bei einem Entsorgungsbetrieb in Worms\" width=\"320\" height=\"320\" loading=\"lazy\" decoding=\"async\"\/><\/p>\n<p><\/a><\/p>\n<p><a href=\"https:\/\/www.swr.de\/swraktuell\/rheinland-pfalz\/mainz\/immer-wieder-braende-bei-entsorgungsbetrieben-in-worms-durch-akkus-im-muell-100.html\" class=\"teasertracking clickzone link\" rel=\"nofollow noopener\" target=\"_blank\"><\/p>\n<p>Rauchwolke \u00fcber Worms: Am Mittwochabend hat der Abfall bei einem Entsorgungsbetrieb gebrannt. Ausl\u00f6ser war wieder ein falsch entsorgter Akku.\n<\/p>\n<p><\/a><\/p>\n<p>Nach bisherigen Erkenntnissen gibt es keine Verletzten. Die Feuerwehr war eigenen Angaben zufolge mit etwa 50 Kr\u00e4ften im Einsatz. Die L\u00f6scharbeiten dauerten bis in die fr\u00fchen Morgenstunden.<\/p>\n<p>Die Ursache des Brandes ist bislang noch unklar. Auch der entstandene Sachschaden kann laut Feuerwehr bislang noch nicht abgesch\u00e4tzt werden.<\/p>\n","protected":false},"excerpt":{"rendered":"Die Feuerwehr Mainz ist in der Nacht zu Mittwoch wegen eines Brands in einem M\u00fcll verarbeitenden Betrieb ausger\u00fcckt.&hellip;\n","protected":false},"author":2,"featured_media":1275300,"comment_status":"","ping_status":"","sticky":false,"template":"","format":"standard","meta":{"footnotes":"","_share_on_mastodon":"0"},"categories":[1847],"tags":[3364,29,548,663,3934,30,13,2052,14,15,12,4544],"class_list":["post-1275299","post","type-post","status-publish","format-standard","has-post-thumbnail","category-wiesbaden","tag-de","tag-deutschland","tag-eu","tag-europa","tag-europe","tag-germany","tag-headlines","tag-hessen","tag-nachrichten","tag-news","tag-schlagzeilen","tag-wiesbaden"],"share_on_mastodon":{"url":"https:\/\/pubeurope.com\/@de\/117200119078710923","error":""},"_links":{"self":[{"href":"https:\/\/www.europesays.com\/de\/wp-json\/wp\/v2\/posts\/1275299","targetHints":{"allow":["GET"]}}],"collection":[{"href":"https:\/\/www.europesays.com\/de\/wp-json\/wp\/v2\/posts"}],"about":[{"href":"https:\/\/www.europesays.com\/de\/wp-json\/wp\/v2\/types\/post"}],"author":[{"embeddable":true,"href":"https:\/\/www.europesays.com\/de\/wp-json\/wp\/v2\/users\/2"}],"replies":[{"embeddable":true,"href":"https:\/\/www.europesays.com\/de\/wp-json\/wp\/v2\/comments?post=1275299"}],"version-history":[{"count":0,"href":"https:\/\/www.europesays.com\/de\/wp-json\/wp\/v2\/posts\/1275299\/revisions"}],"wp:featuredmedia":[{"embeddable":true,"href":"https:\/\/www.europesays.com\/de\/wp-json\/wp\/v2\/media\/1275300"}],"wp:attachment":[{"href":"https:\/\/www.europesays.com\/de\/wp-json\/wp\/v2\/media?parent=1275299"}],"wp:term":[{"taxonomy":"category","embeddable":true,"href":"https:\/\/www.europesays.com\/de\/wp-json\/wp\/v2\/categories?post=1275299"},{"taxonomy":"post_tag","embeddable":true,"href":"https:\/\/www.europesays.com\/de\/wp-json\/wp\/v2\/tags?post=1275299"}],"curies":[{"name":"wp","href":"https:\/\/api.w.org\/{rel}","templated":true}]}}