{"id":1275301,"date":"2026-09-02T06:50:27","date_gmt":"2026-09-02T06:50:27","guid":{"rendered":"https:\/\/www.europesays.com\/de\/1275301\/"},"modified":"2026-09-02T06:50:27","modified_gmt":"2026-09-02T06:50:27","slug":"explosion-in-augsburg-zwei-menschen-verletzt","status":"publish","type":"post","link":"https:\/\/www.europesays.com\/de\/1275301\/","title":{"rendered":"Explosion in Augsburg: Zwei Menschen verletzt"},"content":{"rendered":"<p class=\"rich-text expressive-copy-lg-body my-6\">Nach einer Explosion am Augsburger Hauptbahnhof l\u00e4uft seit kurz nach 5 Uhr ein gro\u00dfer Polizeieinsatz. Nach Angaben der <a href=\"https:\/\/www.abendblatt.de\/panorama\/polizei\/\" data-category-full-path=\"https:\/\/www.abendblatt.de\/panorama\/\" data-paid-status=\"free\" data-article-publish-date=\"1631882728\" rel=\"nofollow noopener\" target=\"_blank\">Polizei<\/a> sind der <a href=\"https:\/\/www.abendblatt.de\/wirtschaft\/verkehr\/\" data-category-full-path=\"\/wirtschaft\/\" data-paid-status=\"free\" data-article-publish-date=\"1681812166\" rel=\"nofollow noopener\" target=\"_blank\">Verkehr<\/a> und der \u00f6ffentliche Nahverkehr beeintr\u00e4chtigt. <\/p>\n<p>Green Bites &#8211; der Klima-Newsletter f\u00fcr Hamburg: Jetzt anmelden!<\/p>\n<p>Die wichtigsten Klima-, Umwelt- und Nachhaltigkeitsthemen aus Hamburg \u2013 jeden zweiten Sonntag mit Fakten, Einordnung und Tipps.<\/p>\n<p><img decoding=\"async\" src=\"https:\/\/www.europesays.com\/de\/wp-content\/uploads\/2026\/09\/1788274533_197_newsletter-envelope.png\" alt=\"Newsletter Illustration\" class=\"h-full w-full max-w-full object-cover md:max-w-[226px] lg:max-w-[234px]\" loading=\"lazy\"\/>Green Bites &#8211; der Klima-Newsletter f\u00fcr Hamburg: Jetzt anmelden!<\/p>\n<p>Die wichtigsten Klima-, Umwelt- und Nachhaltigkeitsthemen aus Hamburg \u2013 jeden zweiten Sonntag mit Fakten, Einordnung und Tipps.<\/p>\n<p>Mit meiner Anmeldung zum Newsletter stimme ich der <a href=\"https:\/\/www.abendblatt.de\/service\/newsletter-adconsent\" class=\"text-copy-accent underline decoration-solid underline-offset-1 hover:text-primary-700\" rel=\"nofollow noopener\" target=\"_blank\">Werbevereinbarung<\/a> zu.<\/p>\n<p class=\"rich-text expressive-copy-lg-body my-6\">Demnach explodierte ein bislang unbekannter Gegenstand in einem Geb\u00e4udedurchgang. Zwei Menschen wurden durch ein Knalltrauma leicht verletzt, hie\u00df es. Auch Fensterscheiben seien durch die Explosion besch\u00e4digt worden.<\/p>\n<p>Empfohlener externer Inhalt<\/p>\n<p>An dieser Stelle befindet sich ein externer Inhalt von X, der von unserer Redaktion empfohlen wird. Er erg\u00e4nzt den Artikel und kann mit einem Klick angezeigt und wieder ausgeblendet werden.<\/p>\n<p>Bereiche um den Augsburger Hauptbahnhof gesperrt<\/p>\n<p class=\"rich-text expressive-copy-lg-body my-6\">Wie die Polizei der \u201eAugsburger Allgemeinen\u201c mitteilte, befindet sich der Einsatzort derzeit prim\u00e4r in der Bahnhofsstra\u00dfe und nicht direkt im Hauptbahnhof. Deshalb sei bislang nur das Gleis 1 gesperrt. \u00dcber alle weiteren Gleise sei der Zugverkehr demnach weiterhin m\u00f6glich. Pendlerinnen und Pendler k\u00f6nnen \u00fcber den S\u00fcd- oder Nordzugang zu ihren Gleisen gelangen.<\/p>\n<p class=\"rich-text expressive-copy-lg-body my-6\">Stand 7.20 Uhr\u00a0gelten die Absperrungen nicht nur rund um den Hauptbahnhof. Auch Teile der Halderstra\u00dfe und der Bahnhofstra\u00dfe auf H\u00f6he der H\u00fcbnerstra\u00dfe sind betroffen. Gesperrt ist zudem ein Abschnitt der Viktoriastra\u00dfe nahe der Bahnhofstra\u00dfe. Die Polizei bittet Autofahrerinnen und Autofahrer, den Bereich nach M\u00f6glichkeit weitr\u00e4umig zu umfahren.<\/p>\n<p class=\"my-6 text-brand\">dpa\/bee<\/p>\n","protected":false},"excerpt":{"rendered":"Nach einer Explosion am Augsburger Hauptbahnhof l\u00e4uft seit kurz nach 5 Uhr ein gro\u00dfer Polizeieinsatz. Nach Angaben der&hellip;\n","protected":false},"author":2,"featured_media":1275302,"comment_status":"","ping_status":"","sticky":false,"template":"","format":"standard","meta":{"footnotes":"","_share_on_mastodon":"0"},"categories":[1846],"tags":[680,772,3364,29,548,663,3934,30,13,14,15,12],"class_list":["post-1275301","post","type-post","status-publish","format-standard","has-post-thumbnail","category-augsburg","tag-augsburg","tag-bayern","tag-de","tag-deutschland","tag-eu","tag-europa","tag-europe","tag-germany","tag-headlines","tag-nachrichten","tag-news","tag-schlagzeilen"],"share_on_mastodon":{"url":"https:\/\/pubeurope.com\/@de\/117200122759291194","error":""},"_links":{"self":[{"href":"https:\/\/www.europesays.com\/de\/wp-json\/wp\/v2\/posts\/1275301","targetHints":{"allow":["GET"]}}],"collection":[{"href":"https:\/\/www.europesays.com\/de\/wp-json\/wp\/v2\/posts"}],"about":[{"href":"https:\/\/www.europesays.com\/de\/wp-json\/wp\/v2\/types\/post"}],"author":[{"embeddable":true,"href":"https:\/\/www.europesays.com\/de\/wp-json\/wp\/v2\/users\/2"}],"replies":[{"embeddable":true,"href":"https:\/\/www.europesays.com\/de\/wp-json\/wp\/v2\/comments?post=1275301"}],"version-history":[{"count":0,"href":"https:\/\/www.europesays.com\/de\/wp-json\/wp\/v2\/posts\/1275301\/revisions"}],"wp:featuredmedia":[{"embeddable":true,"href":"https:\/\/www.europesays.com\/de\/wp-json\/wp\/v2\/media\/1275302"}],"wp:attachment":[{"href":"https:\/\/www.europesays.com\/de\/wp-json\/wp\/v2\/media?parent=1275301"}],"wp:term":[{"taxonomy":"category","embeddable":true,"href":"https:\/\/www.europesays.com\/de\/wp-json\/wp\/v2\/categories?post=1275301"},{"taxonomy":"post_tag","embeddable":true,"href":"https:\/\/www.europesays.com\/de\/wp-json\/wp\/v2\/tags?post=1275301"}],"curies":[{"name":"wp","href":"https:\/\/api.w.org\/{rel}","templated":true}]}}