{"id":1275303,"date":"2026-09-02T06:52:31","date_gmt":"2026-09-02T06:52:31","guid":{"rendered":"https:\/\/www.europesays.com\/de\/1275303\/"},"modified":"2026-09-02T06:52:31","modified_gmt":"2026-09-02T06:52:31","slug":"titelangriff-der-adler-mannheim-macek-soll-offensive-staerken","status":"publish","type":"post","link":"https:\/\/www.europesays.com\/de\/1275303\/","title":{"rendered":"Titelangriff der Adler Mannheim: Macek soll Offensive st\u00e4rken"},"content":{"rendered":"<p><b>Mannheim.<\/b> Fans der Adler Mannheim k\u00f6nnen sich auf einen offensiv verst\u00e4rkten Titelkandidaten einstellen: In Mannheim plant der DEL-Finalist den n\u00e4chsten Angriff auf die Meisterschaft. \u201eUnser Ziel ist es, wieder ganz oben mitzuspielen\u201c, sagte Kapit\u00e4n Marc Michaelis bei der Saisoner\u00f6ffnungspressekonferenz des Clubs.<\/p>\n<p>Die Ausgangslage ist klar: In der vergangenen Spielzeit erreichten die Mannheimer die Endspiel-Serie der Deutschen Eishockey Liga, verloren dort aber deutlich gegen den DEL-Dominator Eisb\u00e4ren Berlin. Nun soll der Kader den n\u00e4chsten Schritt erm\u00f6glichen.<\/p>\n<p>Macek soll den Angriff beleben<\/p>\n<p>Besonders im Sturm haben die Adler nachgelegt. Gro\u00dfe Hoffnungen ruhen auf <b>Brooks Macek<\/b>. Der Deutsch-Kanadier gewann 2018 mit der deutschen Nationalmannschaft olympisches Silber und kehrte nach sieben Jahren in Russland in die DEL zur\u00fcck.<\/p>\n<p>Auch bei den Ausl\u00e4nderlizenzen haben die Mannheimer weiter Spielraum. Weil Torh\u00fcter <b>Jake Hildebrand<\/b> einen deutschen Pass erhalten hat, k\u00f6nnen die Adler noch zwei Ausl\u00e4nderlizenzen vergeben.<\/p>\n<p>Mehr als 8.000 Dauerkarten verkauft<\/p>\n<p>Gesch\u00e4ftsf\u00fchrer Matthias Binder sprach bei der Pressekonferenz von einem Eishockey-Boom in Mannheim. Bereits mehr als <b>8.000 Dauerkarten<\/b> sind verkauft. In der Vorsaison waren es 7.500. Binder rechnet mit einem Zuschauerschnitt von 12.000 pro Partie.<\/p>\n<p>Die n\u00e4chsten Termine stehen bereits fest:<\/p>\n<ul>\n<li>Freitag, 4. September, 19.30 Uhr: Heimspiel in der Champions Hockey League gegen die V\u00e4xj\u00f6 Lakers aus Schweden<\/li>\n<li>Freitag, 18. September: DEL-Auftakt beim EHC Red Bull M\u00fcnchen<\/li>\n<\/ul>\n<p>Mit dem Start in die Champions Hockey League beginnt f\u00fcr die Adler die erste Standortbestimmung gegen ein internationales Topteam. Danach richtet sich der Blick auf die DEL, in der Mannheim erneut zur Spitzengruppe geh\u00f6ren will. <b>dpa\/red<\/b><\/p>\n<p>                <a id=\"like-anchor\"\/><\/p>\n<p>                    Dieser Inhalt gef\u00e4llt Ihnen?<\/p>\n<p>Melden Sie sich an, um diesen Inhalt mit \u00abGef\u00e4llt mir\u00bb zu markieren.<\/p>\n<p>            \u00d7<\/p>\n<p>        <a href=\"#\" data-trigger-click-on-space-or-enter=\"\" class=\"button ggm-like-button hollow\" title=\"Gef\u00e4llt mir\" data-open=\"like-conversion-6a97c7ad2cf7c\"><\/p>\n<p>        <\/a><\/p>\n<p>\n        Gef\u00e4llt <strong>0<\/strong> mal<br \/>\n        0\n    <\/p>\n<p>            <a href=\"https:\/\/www.wochenblatt-reporter.de\/ludwigshafen\/profile-25\/anouar-touir\" class=\"stop-click-event-propagation\" rel=\"nofollow noopener\" target=\"_blank\">    <\/p>\n<p>                                                                            <img class=\"imagecontainer\" decoding=\"auto\" data-aspect-ratio=\"0.666666667\" src=\"https:\/\/media04.wochenblatt-reporter.de\/user\/2025\/09\/02\/6\/25146_L.webp?1756820086\" style=\"object-position: 51% 41%;\" data-object-position=\"51% 41%\" bad-src=\"data:image\/gif;base64,R0lGODlhAQABAIAAAAAAAP\/\/\/yH5BAEAAAAALAAAAAABAAEAAAIBRAA7\"\/><\/p>\n<p>        <\/a><\/p>\n<p>                    Sie m\u00f6chten diesem Profil folgen?<\/p>\n<p>Verpassen Sie nicht die neuesten Inhalte von diesem Profil: Melden Sie sich an, um neuen Inhalten von Profilen und Orten in Ihrem <strong>pers\u00f6nlichen Feed<\/strong> zu folgen.<\/p>\n<p>            \u00d7<\/p>\n<p>\n            <strong>9<\/strong> folgen diesem Profil\n        <\/p>\n","protected":false},"excerpt":{"rendered":"Mannheim. Fans der Adler Mannheim k\u00f6nnen sich auf einen offensiv verst\u00e4rkten Titelkandidaten einstellen: In Mannheim plant der DEL-Finalist&hellip;\n","protected":false},"author":2,"featured_media":1275304,"comment_status":"","ping_status":"","sticky":false,"template":"","format":"standard","meta":{"footnotes":"","_share_on_mastodon":"0"},"categories":[1845],"tags":[1634,3364,29,548,663,3934,30,13,2096,14,15,12],"class_list":["post-1275303","post","type-post","status-publish","format-standard","has-post-thumbnail","category-mannheim","tag-baden-wuerttemberg","tag-de","tag-deutschland","tag-eu","tag-europa","tag-europe","tag-germany","tag-headlines","tag-mannheim","tag-nachrichten","tag-news","tag-schlagzeilen"],"share_on_mastodon":{"url":"https:\/\/pubeurope.com\/@de\/117200130879368349","error":""},"_links":{"self":[{"href":"https:\/\/www.europesays.com\/de\/wp-json\/wp\/v2\/posts\/1275303","targetHints":{"allow":["GET"]}}],"collection":[{"href":"https:\/\/www.europesays.com\/de\/wp-json\/wp\/v2\/posts"}],"about":[{"href":"https:\/\/www.europesays.com\/de\/wp-json\/wp\/v2\/types\/post"}],"author":[{"embeddable":true,"href":"https:\/\/www.europesays.com\/de\/wp-json\/wp\/v2\/users\/2"}],"replies":[{"embeddable":true,"href":"https:\/\/www.europesays.com\/de\/wp-json\/wp\/v2\/comments?post=1275303"}],"version-history":[{"count":0,"href":"https:\/\/www.europesays.com\/de\/wp-json\/wp\/v2\/posts\/1275303\/revisions"}],"wp:featuredmedia":[{"embeddable":true,"href":"https:\/\/www.europesays.com\/de\/wp-json\/wp\/v2\/media\/1275304"}],"wp:attachment":[{"href":"https:\/\/www.europesays.com\/de\/wp-json\/wp\/v2\/media?parent=1275303"}],"wp:term":[{"taxonomy":"category","embeddable":true,"href":"https:\/\/www.europesays.com\/de\/wp-json\/wp\/v2\/categories?post=1275303"},{"taxonomy":"post_tag","embeddable":true,"href":"https:\/\/www.europesays.com\/de\/wp-json\/wp\/v2\/tags?post=1275303"}],"curies":[{"name":"wp","href":"https:\/\/api.w.org\/{rel}","templated":true}]}}