{"id":1275314,"date":"2026-09-02T07:02:16","date_gmt":"2026-09-02T07:02:16","guid":{"rendered":"https:\/\/www.europesays.com\/de\/1275314\/"},"modified":"2026-09-02T07:02:16","modified_gmt":"2026-09-02T07:02:16","slug":"wuelfrath-feiert-seine-reichhaltige-kultur","status":"publish","type":"post","link":"https:\/\/www.europesays.com\/de\/1275314\/","title":{"rendered":"W\u00fclfrath feiert seine reichhaltige Kultur"},"content":{"rendered":"<p class=\"text_ohne_einzug richtext text-em-55 !leading-serif mx-6 desktop:mx-0\"> Das Kulturb\u00fcro der Stadt W\u00fclfrath veranstaltet den Tag gemeinsam mit dem Stadtkulturbund W\u00fclfrath. Von 10 bis 15 Uhr verwandelt sich die Innenstadt in einen Kulturparcours mit Musik, Theater, Tanz, Kreativangeboten, Stadtgeschichte und zahlreichen M\u00f6glichkeiten zum Mitmachen. Um 10 Uhr er\u00f6ffnet B\u00fcrgermeister Sebastian Schorn den ersten W\u00fclfrather Kulturtag auf dem Heumarkt. Von dort aus erstreckt sich das Programm \u00fcber verschiedene Orte der Innenstadt \u2013 vom Heumarkt \u00fcber den Platz am Weber und die Stadtkirche bis zur Medien Welt und zum WIR-Haus.<\/p>\n","protected":false},"excerpt":{"rendered":"Das Kulturb\u00fcro der Stadt W\u00fclfrath veranstaltet den Tag gemeinsam mit dem Stadtkulturbund W\u00fclfrath. Von 10 bis 15 Uhr&hellip;\n","protected":false},"author":2,"featured_media":1275315,"comment_status":"","ping_status":"","sticky":false,"template":"","format":"standard","meta":{"footnotes":"","_share_on_mastodon":"0"},"categories":[1840],"tags":[9881,3364,29,30,6775,2065,38010,263190,8782,80,24637,16078,263216,162895,37573,263189,244785,263217,1209,25769,1781,7231,27167,50060,4418],"class_list":["post-1275314","post","type-post","status-publish","format-standard","has-post-thumbnail","category-wuppertal","tag-angebote","tag-de","tag-deutschland","tag-germany","tag-heumarkt","tag-innenstadt","tag-kreativ","tag-kreativangebot","tag-kreativitaet","tag-kultur","tag-kulturellen","tag-kulturelles","tag-kulturfruehstuecks","tag-kulturmanager","tag-kulturorte","tag-kulturparcours","tag-kulturtag","tag-kulturtreibende","tag-nordrhein-westfalen","tag-orte","tag-tag","tag-weber","tag-wuelfrath","tag-wuelfrather","tag-wuppertal"],"share_on_mastodon":{"url":"https:\/\/pubeurope.com\/@de\/117200168277479334","error":""},"_links":{"self":[{"href":"https:\/\/www.europesays.com\/de\/wp-json\/wp\/v2\/posts\/1275314","targetHints":{"allow":["GET"]}}],"collection":[{"href":"https:\/\/www.europesays.com\/de\/wp-json\/wp\/v2\/posts"}],"about":[{"href":"https:\/\/www.europesays.com\/de\/wp-json\/wp\/v2\/types\/post"}],"author":[{"embeddable":true,"href":"https:\/\/www.europesays.com\/de\/wp-json\/wp\/v2\/users\/2"}],"replies":[{"embeddable":true,"href":"https:\/\/www.europesays.com\/de\/wp-json\/wp\/v2\/comments?post=1275314"}],"version-history":[{"count":0,"href":"https:\/\/www.europesays.com\/de\/wp-json\/wp\/v2\/posts\/1275314\/revisions"}],"wp:featuredmedia":[{"embeddable":true,"href":"https:\/\/www.europesays.com\/de\/wp-json\/wp\/v2\/media\/1275315"}],"wp:attachment":[{"href":"https:\/\/www.europesays.com\/de\/wp-json\/wp\/v2\/media?parent=1275314"}],"wp:term":[{"taxonomy":"category","embeddable":true,"href":"https:\/\/www.europesays.com\/de\/wp-json\/wp\/v2\/categories?post=1275314"},{"taxonomy":"post_tag","embeddable":true,"href":"https:\/\/www.europesays.com\/de\/wp-json\/wp\/v2\/tags?post=1275314"}],"curies":[{"name":"wp","href":"https:\/\/api.w.org\/{rel}","templated":true}]}}