{"id":1275333,"date":"2026-09-02T07:13:24","date_gmt":"2026-09-02T07:13:24","guid":{"rendered":"https:\/\/www.europesays.com\/de\/1275333\/"},"modified":"2026-09-02T07:13:24","modified_gmt":"2026-09-02T07:13:24","slug":"eine-milliarde-euro-defizit-pro-tag-bruessel-will-china-zu-weniger-exporten-nach-europa-bewegen","status":"publish","type":"post","link":"https:\/\/www.europesays.com\/de\/1275333\/","title":{"rendered":"Eine Milliarde Euro Defizit pro Tag: Br\u00fcssel will China zu weniger Exporten nach Europa bewegen"},"content":{"rendered":"<p>Die EU-Kommission will China dazu bewegen, seine Exporte nach Europa zu begrenzen. Damit reagiert Br\u00fcssel auf ein Handelsdefizit mit Peking von rund einer Milliarde Euro pro Tag und den wachsenden Druck auf europ\u00e4ische Hersteller. EU-Handelskommissar Maros Sefcovic sagte <a href=\"https:\/\/www.politico.eu\/article\/eu-wants-to-convince-china-to-curb-exports-to-the-bloc\/\" rel=\"nofollow noopener\" target=\"_blank\">Politico<\/a>, Europa m\u00fcsse einerseits mehr eigene Waren nach China verkaufen, andererseits aber auch den Zustrom chinesischer Produkte besser steuern.<\/p>\n<p>                <img src=\"https:\/\/www.europesays.com\/de\/wp-content\/uploads\/2026\/09\/672691445_highres-scaled-13-1024x614.jpg\" alt=\"Christian Charisius\/DPA\/Keystone\" itemprop=\"contentUrl\" class=\"story-img story-img--landscape\" loading=\"lazy\" decoding=\"async\"\/><\/p>\n<p>                                                                            Container im Hamburger Hafen (Symbolbild)<br \/>\n                                                                            <\/p>\n<p>                                        Christian Charisius\/DPA\/Keystone<\/p>\n<p>Hinter dem Kurswechsel steht die Sorge um Europas Industrie. Chemie- und Autohersteller schliessen Werke und bauen Stellen ab, w\u00e4hrend g\u00fcnstigere chinesische Waren auf den europ\u00e4ischen Markt dr\u00e4ngen. Br\u00fcssel macht daf\u00fcr auch staatliche Subventionen in China verantwortlich. Bis Oktober verlangt die EU konkrete Fortschritte. Sefcovic will Mitte September mit Chinas Handelsminister Wang Wentao sprechen und Anfang Oktober nach Peking reisen.<\/p>\n<p>Die neue Strategie geht \u00fcber klassische Strafz\u00f6lle hinaus. Br\u00fcssel pr\u00fcft Modelle, bei denen China seine Lieferungen bestimmter Produkte freiwillig begrenzen k\u00f6nnte. \u00c4hnliche Vereinbarungen gab es in den 1980er Jahren mit Japan und S\u00fcdkorea bei Autos, Stahl und Elektronik. Im Gegenzug will die EU mehr europ\u00e4ische Agrarprodukte, Medizintechnik und Autos in China verkaufen.<\/p>\n<p>Sollte Peking nicht mitziehen, droht Sefcovic mit h\u00e4rteren Handelsmassnahmen. Die EU k\u00f6nnte Importe zeitweise beschr\u00e4nken, wenn stark steigende Lieferungen europ\u00e4ische Hersteller gef\u00e4hrden. Gleichzeitig soll die Abh\u00e4ngigkeit von China bei strategisch wichtigen G\u00fctern reduziert werden.<\/p>\n<p>Der Plan birgt allerdings ein Risiko: Weniger g\u00fcnstige Importe aus China k\u00f6nnten die Preise in Europa zus\u00e4tzlich treiben. Die Inflation im Euro-Raum lag im Juli bereits bei 2,9 Prozent. Br\u00fcssel steht damit vor einem schwierigen Spagat \u2013 die eigene Industrie vor chinesischer Konkurrenz sch\u00fctzen, ohne europ\u00e4ische Verbraucher mit deutlich h\u00f6heren Preisen zu belasten.<\/p>\n","protected":false},"excerpt":{"rendered":"Die EU-Kommission will China dazu bewegen, seine Exporte nach Europa zu begrenzen. Damit reagiert Br\u00fcssel auf ein Handelsdefizit&hellip;\n","protected":false},"author":2,"featured_media":1275334,"comment_status":"","ping_status":"","sticky":false,"template":"","format":"standard","meta":{"footnotes":"","_share_on_mastodon":"0"},"categories":[3933],"tags":[331,332,227,548,942,663,158,3934,3935,6803,3986,228925,13,54,871,14,15,16,12,47418,55],"class_list":["post-1275333","post","type-post","status-publish","format-standard","has-post-thumbnail","category-eu","tag-aktuelle-nachrichten","tag-aktuelle-news","tag-china","tag-eu","tag-eu-kommission","tag-europa","tag-europaeische-union","tag-europe","tag-european-union","tag-export","tag-handel","tag-handelsdefizit","tag-headlines","tag-industrie","tag-inflation","tag-nachrichten","tag-news","tag-politik","tag-schlagzeilen","tag-subventionen","tag-wirtschaft"],"share_on_mastodon":{"url":"https:\/\/pubeurope.com\/@de\/117200213223532596","error":""},"_links":{"self":[{"href":"https:\/\/www.europesays.com\/de\/wp-json\/wp\/v2\/posts\/1275333","targetHints":{"allow":["GET"]}}],"collection":[{"href":"https:\/\/www.europesays.com\/de\/wp-json\/wp\/v2\/posts"}],"about":[{"href":"https:\/\/www.europesays.com\/de\/wp-json\/wp\/v2\/types\/post"}],"author":[{"embeddable":true,"href":"https:\/\/www.europesays.com\/de\/wp-json\/wp\/v2\/users\/2"}],"replies":[{"embeddable":true,"href":"https:\/\/www.europesays.com\/de\/wp-json\/wp\/v2\/comments?post=1275333"}],"version-history":[{"count":0,"href":"https:\/\/www.europesays.com\/de\/wp-json\/wp\/v2\/posts\/1275333\/revisions"}],"wp:featuredmedia":[{"embeddable":true,"href":"https:\/\/www.europesays.com\/de\/wp-json\/wp\/v2\/media\/1275334"}],"wp:attachment":[{"href":"https:\/\/www.europesays.com\/de\/wp-json\/wp\/v2\/media?parent=1275333"}],"wp:term":[{"taxonomy":"category","embeddable":true,"href":"https:\/\/www.europesays.com\/de\/wp-json\/wp\/v2\/categories?post=1275333"},{"taxonomy":"post_tag","embeddable":true,"href":"https:\/\/www.europesays.com\/de\/wp-json\/wp\/v2\/tags?post=1275333"}],"curies":[{"name":"wp","href":"https:\/\/api.w.org\/{rel}","templated":true}]}}