{"id":1275335,"date":"2026-09-02T07:14:16","date_gmt":"2026-09-02T07:14:16","guid":{"rendered":"https:\/\/www.europesays.com\/de\/1275335\/"},"modified":"2026-09-02T07:14:16","modified_gmt":"2026-09-02T07:14:16","slug":"idiotie-des-westens-the-pioneer-zerpflueckt-eu-sanktionen-gegen-russland","status":"publish","type":"post","link":"https:\/\/www.europesays.com\/de\/1275335\/","title":{"rendered":"\u00abIdiotie des Westens\u00bb: The Pioneer zerpfl\u00fcckt EU-Sanktionen gegen Russland"},"content":{"rendered":"<p>Das deutsche Nachrichtenportal <a href=\"https:\/\/www.thepioneer.de\/originals\/thepioneer-briefing-business-class-edition\/briefings\/russland-sanktionen-die-idiotie-des-westens?utm_source=thepioneer-briefing-economy-edition&amp;utm_campaign=20260901&amp;utm_content=textlink&amp;utm_medium=newsletter&amp;mid=106007&amp;cid=7442547&amp;kid=+LMADcrkgePNVQNg#accesscontrol\" rel=\"nofollow noopener\" target=\"_blank\">The Pioneer<\/a> bezeichnet die Russland-Sanktionen als \u00abIdiotie des Westens\u00bb und fordert angesichts ihrer Nebenwirkungen einen Kurswechsel. Im Beitrag heisst es zur bisherigen Bilanz der EU: \u00ab21-mal zielten wir auf dieselbe Stelle. Und bis heute gibt es keine Delle.\u00bb Anlass ist ein Treffen der EU-Aussenminister in Irland, bei dem die bisherige Sanktionspolitik \u00fcberpr\u00fcft und zugleich ein 22.\u00a0Paket vorbereitet werden soll.<\/p>\n<p>                <img src=\"https:\/\/www.europesays.com\/de\/wp-content\/uploads\/2026\/09\/719125535_highres-scaled-16-1024x683.jpg\" alt=\"Gavriil Grigorov\/Sputnik\/Keystone\" itemprop=\"contentUrl\" class=\"story-img story-img--landscape\" loading=\"lazy\" decoding=\"async\"\/><\/p>\n<p>                                                                            Wladimir Putin bei einer Sitzung des Sicherheitsrats in Moskau<br \/>\n                                                                            <\/p>\n<p>                                        Gavriil Grigorov\/Sputnik\/Keystone<\/p>\n<p>Bemerkenswert ist die ungew\u00f6hnlich scharfe Kritik des Mediums. The Pioneer argumentiert, die Strafmassnahmen h\u00e4tten Russland weder wirtschaftlich in die Knie gezwungen noch politisch isoliert. Stattdessen habe Moskau seine Handelsstr\u00f6me verlagert und die Beziehungen zu China, dem Iran und Nordkorea ausgebaut. Der russisch-chinesische Handel erreichte demnach 2025 fast 230 Milliarden Dollar, gegen\u00fcber 110 Milliarden Dollar im Jahr 2019.<\/p>\n<p>Als Kronzeugin f\u00fchrt der Beitrag die \u00d6konomin Agathe Demarais vom European Council on Foreign Relations an. Sie spricht in ihrem Buch \u00abBackfire\u00bb von einem \u00abSanction Overkill\u00bb. Sanktionen entfalteten durchaus Wirkung, allerdings teilweise anders als von ihren Urhebern beabsichtigt.<\/p>\n<p>The Pioneer nennt f\u00fcnf problematische Folgen: Russland finde neue K\u00e4ufer f\u00fcr seine Rohstoffe, neue geopolitische B\u00fcndnisse verfestigten sich, h\u00f6here Energiepreise belasteten Europa, der \u00e4ussere Druck k\u00f6nne Putins R\u00fcckhalt im Inland st\u00e4rken, und Reisebeschr\u00e4nkungen tr\u00e4fen teilweise eher westliche Unternehmen als die russische F\u00fchrung.<\/p>\n<p>Tats\u00e4chlich ist das politische Hauptziel bisher nicht erreicht: Der Krieg dauert im f\u00fcnften Jahr an, rund ein F\u00fcnftel der Ukraine steht nach Angaben des Berichts unter russischer Kontrolle. Trotzdem arbeitet die EU an weiteren Massnahmen. The Pioneer zieht daraus eine radikale Schlussfolgerung: Die Zeit der Sanktionen gehe wegen ihrer gravierenden Nebenwirkungen zu Ende.<\/p>\n","protected":false},"excerpt":{"rendered":"Das deutsche Nachrichtenportal The Pioneer bezeichnet die Russland-Sanktionen als \u00abIdiotie des Westens\u00bb und fordert angesichts ihrer Nebenwirkungen einen&hellip;\n","protected":false},"author":2,"featured_media":1275336,"comment_status":"","ping_status":"","sticky":false,"template":"","format":"standard","meta":{"footnotes":"","_share_on_mastodon":"0"},"categories":[3933],"tags":[331,332,548,663,158,3934,3935,13,1229,14,15,16,307,1155,12,55],"class_list":["post-1275335","post","type-post","status-publish","format-standard","has-post-thumbnail","category-eu","tag-aktuelle-nachrichten","tag-aktuelle-news","tag-eu","tag-europa","tag-europaeische-union","tag-europe","tag-european-union","tag-headlines","tag-kritik","tag-nachrichten","tag-news","tag-politik","tag-russland","tag-sanktionen","tag-schlagzeilen","tag-wirtschaft"],"share_on_mastodon":{"url":"https:\/\/pubeurope.com\/@de\/117200217298461272","error":""},"_links":{"self":[{"href":"https:\/\/www.europesays.com\/de\/wp-json\/wp\/v2\/posts\/1275335","targetHints":{"allow":["GET"]}}],"collection":[{"href":"https:\/\/www.europesays.com\/de\/wp-json\/wp\/v2\/posts"}],"about":[{"href":"https:\/\/www.europesays.com\/de\/wp-json\/wp\/v2\/types\/post"}],"author":[{"embeddable":true,"href":"https:\/\/www.europesays.com\/de\/wp-json\/wp\/v2\/users\/2"}],"replies":[{"embeddable":true,"href":"https:\/\/www.europesays.com\/de\/wp-json\/wp\/v2\/comments?post=1275335"}],"version-history":[{"count":0,"href":"https:\/\/www.europesays.com\/de\/wp-json\/wp\/v2\/posts\/1275335\/revisions"}],"wp:featuredmedia":[{"embeddable":true,"href":"https:\/\/www.europesays.com\/de\/wp-json\/wp\/v2\/media\/1275336"}],"wp:attachment":[{"href":"https:\/\/www.europesays.com\/de\/wp-json\/wp\/v2\/media?parent=1275335"}],"wp:term":[{"taxonomy":"category","embeddable":true,"href":"https:\/\/www.europesays.com\/de\/wp-json\/wp\/v2\/categories?post=1275335"},{"taxonomy":"post_tag","embeddable":true,"href":"https:\/\/www.europesays.com\/de\/wp-json\/wp\/v2\/tags?post=1275335"}],"curies":[{"name":"wp","href":"https:\/\/api.w.org\/{rel}","templated":true}]}}