{"id":1275339,"date":"2026-09-02T07:16:29","date_gmt":"2026-09-02T07:16:29","guid":{"rendered":"https:\/\/www.europesays.com\/de\/1275339\/"},"modified":"2026-09-02T07:16:29","modified_gmt":"2026-09-02T07:16:29","slug":"medwedew-deutschland-verdient-direkte-angriffe","status":"publish","type":"post","link":"https:\/\/www.europesays.com\/de\/1275339\/","title":{"rendered":"Medwedew: Deutschland verdient direkte Angriffe"},"content":{"rendered":"<p>Sprengstoff-Drohne in Leipzig <\/p>\n<p>Medwedew: Deutschland verdient direkte Angriffe<\/p>\n<p>Aktualisiert am 02.09.2026 &#8211; 08:58 UhrLesedauer: 2 Min.<\/p>\n<p><a href=\"#focus-0\" class=\"transition-colors block text-current relative\" data-sctrack=\"FocusGalleryImage.Reference\"><img fetchpriority=\"high\" data-testid=\"Opener.Image\"   loading=\"eager\" src=\"https:\/\/www.europesays.com\/de\/wp-content\/uploads\/2026\/09\/der-vizechef-des-russischen-nationalen-sicherheitsrates-dmitri-medwedew-bringt-als-reaktion-auf-die-.jpeg\" alt=\"Ex-Kremlchef Medwedew\" title=\"Ex-Kremlchef Medwedew\" width=\"2048\" height=\"1152\" class=\"bg-[url:var(--lqipURL)] bg-cover bg-center flex h-full w-full max-w-full\" style=\"--lqipURL:url('https:\/\/images.t-online.de\/2026\/09\/gi2nX2wtP8Ty\/0x107:2048x1152\/fit-in\/150x0\/filters:blur(25)\/der-vizechef-des-russischen-nationalen-sicherheitsrates-dmitri-medwedew-bringt-als-reaktion-auf-die-sanktionen-gegen-moskau-direkte-angriffe-auf-deutsche-ruestungsbetriebe-ins-spiel-archivbild.jpg')\" decoding=\"async\"\/><img loading=\"lazy\" src=\"https:\/\/www.t-online.de\/s\/paper\/_next\/static\/media\/zoom-in.f7dae02f.svg\" alt=\"Vergr\u00f6\u00dfern des Bildes\" title=\"Vergr\u00f6\u00dfern des Bildes\" class=\"block h-[calc(var(--height)_\/_16_*_1rem)] w-[calc(var(--width)_\/_16_*_1rem)] max-w-none absolute right-8 bottom-8 rounded-4 bg-snow p-8\" style=\"--width:32;--height:32\" decoding=\"async\"\/><\/a><\/p>\n<p>Der Vizechef des russischen nationalen Sicherheitsrates, Dmitri Medwedew, bringt als Reaktion auf die Sanktionen gegen Moskau direkte Angriffe auf deutsche R\u00fcstungsbetriebe ins Spiel. (Archivbild) (Quelle: Ekaterina Shtukina\/Pool Sputnik\/dpa\/dpa-bilder)<\/p>\n<p><img loading=\"lazy\" src=\"https:\/\/www.t-online.de\/s\/paper\/_next\/static\/media\/audio-volume.6689034c.svg\" alt=\"\" title=\"\" class=\"block h-[calc(var(--height)_\/_16_*_1rem)] w-[calc(var(--width)_\/_16_*_1rem)] max-w-none group-hover:brightness-0 group-hover:invert\" style=\"--width:16;--height:16\" decoding=\"async\"\/>Vorlesen<\/p>\n<p>Aktuelle Zeit:0:00Gesamtdauer:0:00<\/p>\n<p>1x<img loading=\"lazy\" src=\"https:\/\/www.t-online.de\/s\/paper\/_next\/static\/media\/font-sizes.32942e33.svg\" alt=\"\" title=\"\" class=\"block h-[calc(var(--height)_\/_16_*_1rem)] w-[calc(var(--width)_\/_16_*_1rem)] max-w-none group-hover:hidden group-aria-expanded:hidden\" style=\"--width:16;--height:16\" decoding=\"async\"\/><img loading=\"lazy\" src=\"https:\/\/www.t-online.de\/s\/paper\/_next\/static\/media\/font-sizes-dark-mode.e382645c.svg\" alt=\"\" title=\"\" class=\"block h-[calc(var(--height)_\/_16_*_1rem)] w-[calc(var(--width)_\/_16_*_1rem)] max-w-none hidden group-hover:block group-aria-expanded:block\" style=\"--width:16;--height:16\" decoding=\"async\"\/><img loading=\"lazy\" src=\"https:\/\/www.t-online.de\/s\/paper\/_next\/static\/media\/sharing-menu-icon.1eb71368.svg\" alt=\"\" title=\"\" class=\"block h-[calc(var(--height)_\/_16_*_1rem)] w-[calc(var(--width)_\/_16_*_1rem)] max-w-none group-hover:brightness-0 group-hover:invert\" style=\"--width:16;--height:16\" decoding=\"async\"\/>Artikel teilen<\/p>\n<p class=\"font-bold text-18 leading-17 user-text-lg:text-22 user-text-xl:text-24\">Russland weist die Strafma\u00dfnahmen Deutschlands im Zuge der nicht gez\u00fcndeten Sprengstoff-Drohne auf dem Flughafen Halle\/Leipzig als unbegr\u00fcndet zur\u00fcck. Jetzt gibt es aus Moskau neue Drohungen.<\/p>\n<p class=\"text-18 leading-17 user-text-lg:text-22 user-text-xl:text-24\">Der Vizechef des russischen nationalen Sicherheitsrates, Dmitri Medwedew, droht Deutschland wegen der Sanktionen nach dem Fund einer Sprengstoff-Drohne auf dem <a href=\"https:\/\/www.t-online.de\/themen\/flughafen\/\" class=\"transition-colors cursor-pointer no-underline md:hover:text-magenta md:focus:text-magenta border-b border-solid border-current text-salemsfur md:hover:border-magenta\" data-tracking=\"{&quot;action&quot;:&quot;click&quot;,&quot;category&quot;:&quot;intextLink&quot;,&quot;label&quot;:&quot;\/themen\/flughafen\/&quot;}\" data-sctrack=\"BodyAnchor\" rel=\"nofollow noopener\" target=\"_blank\">Flughafen<\/a> Halle\/Leipzig mit Bestrafung. &#8222;Sie verdienen einen direkten Schlag gegen alle deutschen Produktionsst\u00e4tten f\u00fcr Milit\u00e4rtechnik&#8220;, schrieb der f\u00fcr seine scharfen \u00c4u\u00dferungen bekannte Kremlpolitiker bei Telegram. Gemeint seien R\u00fcstungsbetriebe, die f\u00fcr die <a href=\"https:\/\/www.t-online.de\/themen\/ukraine\/\" class=\"transition-colors cursor-pointer no-underline md:hover:text-magenta md:focus:text-magenta border-b border-solid border-current text-salemsfur md:hover:border-magenta\" data-tracking=\"{&quot;action&quot;:&quot;click&quot;,&quot;category&quot;:&quot;intextLink&quot;,&quot;label&quot;:&quot;\/themen\/ukraine\/&quot;}\" data-sctrack=\"BodyAnchor\" rel=\"nofollow noopener\" target=\"_blank\">Ukraine<\/a> arbeiten &#8211; und &#8222;durchaus auch einige andere Orte in Berlin&#8220;.<\/p>\n<p class=\"text-18 leading-17 user-text-lg:text-22 user-text-xl:text-24\">Medwedew warf den deutschen Beh\u00f6rden vor, den Angriff auf dem Flughafen erfunden zu haben. Beweise gebe es nicht, betonte der russische Ex-Pr\u00e4sident. Medwedew beschimpfte die &#8222;derzeitige deutsche F\u00fchrung&#8220; als &#8222;neonazistisch&#8220; und &#8222;extrem russophob&#8220;. <a href=\"https:\/\/www.t-online.de\/themen\/russland\/\" class=\"transition-colors cursor-pointer no-underline md:hover:text-magenta md:focus:text-magenta border-b border-solid border-current text-salemsfur md:hover:border-magenta\" data-tracking=\"{&quot;action&quot;:&quot;click&quot;,&quot;category&quot;:&quot;intextLink&quot;,&quot;label&quot;:&quot;\/themen\/russland\/&quot;}\" data-sctrack=\"BodyAnchor\" rel=\"nofollow noopener\" target=\"_blank\">Russland<\/a> sieht den Fall um die nicht detonierte Drohne als eine &#8222;Provokation&#8220;, die den Interessen der Ukraine diene.<\/p>\n<p>Bundesregierung macht Moskau f\u00fcr Drohne verantwortlich<\/p>\n<p class=\"text-18 leading-17 user-text-lg:text-22 user-text-xl:text-24\">Bundesinnenminister <a href=\"https:\/\/www.t-online.de\/themen\/alexander-dobrindt\/\" class=\"transition-colors cursor-pointer no-underline md:hover:text-magenta md:focus:text-magenta border-b border-solid border-current text-salemsfur md:hover:border-magenta\" data-tracking=\"{&quot;action&quot;:&quot;click&quot;,&quot;category&quot;:&quot;intextLink&quot;,&quot;label&quot;:&quot;\/themen\/alexander-dobrindt\/&quot;}\" data-sctrack=\"BodyAnchor\" rel=\"nofollow noopener\" target=\"_blank\">Alexander Dobrindt<\/a> (CSU) und Au\u00dfenminister Johann Wadephul (CDU) hatten am Vortag Russland f\u00fcr den Drohnenvorfall verantwortlich gemacht und Strafma\u00dfnahmen angek\u00fcndigt. Wadephul sagte, dass etwa das russische Konsulat in <a href=\"https:\/\/bonn.t-online.de\/region\/bonn\/\" class=\"transition-colors cursor-pointer no-underline md:hover:text-magenta md:focus:text-magenta border-b border-solid border-current text-salemsfur md:hover:border-magenta\" data-tracking=\"{&quot;action&quot;:&quot;click&quot;,&quot;category&quot;:&quot;intextLink&quot;,&quot;label&quot;:&quot;https:\/\/bonn.t-online.de\/region\/bonn\/&quot;}\" data-sctrack=\"BodyAnchor\" rel=\"nofollow noopener\" target=\"_blank\">Bonn<\/a> geschlossen werden soll. Zudem werde der Vertrag f\u00fcr das Russische Haus in <a href=\"https:\/\/berlin.t-online.de\/region\/berlin\/\" class=\"transition-colors cursor-pointer no-underline md:hover:text-magenta md:focus:text-magenta border-b border-solid border-current text-salemsfur md:hover:border-magenta\" data-tracking=\"{&quot;action&quot;:&quot;click&quot;,&quot;category&quot;:&quot;intextLink&quot;,&quot;label&quot;:&quot;https:\/\/berlin.t-online.de\/region\/berlin\/&quot;}\" data-sctrack=\"BodyAnchor\" rel=\"nofollow noopener\" target=\"_blank\">Berlin<\/a> gek\u00fcndigt. <\/p>\n<p class=\"text-18 leading-17 user-text-lg:text-22 user-text-xl:text-24\">Daraufhin hat <a href=\"https:\/\/www.t-online.de\/themen\/moskau\/\" class=\"transition-colors cursor-pointer no-underline md:hover:text-magenta md:focus:text-magenta border-b border-solid border-current text-salemsfur md:hover:border-magenta\" data-tracking=\"{&quot;action&quot;:&quot;click&quot;,&quot;category&quot;:&quot;intextLink&quot;,&quot;label&quot;:&quot;\/themen\/moskau\/&quot;}\" data-sctrack=\"BodyAnchor\" rel=\"nofollow noopener\" target=\"_blank\">Moskau<\/a> Gegensanktionen angek\u00fcndigt, deren Ausma\u00df bisher nicht bekannt ist. Als denkbar gilt eine Schlie\u00dfung des Goethe-Instituts und des Generalkonsulats in St. Petersburg. Schon in der Vergangenheit hatten beide Seiten im Zuge von Sanktionen wechselseitig Konsulate geschlossen.<\/p>\n<p>Russland warnt Kiew vor Terrorismus<\/p>\n<p class=\"text-18 leading-17 user-text-lg:text-22 user-text-xl:text-24\">Der fr\u00fchere Kremlchef drohte auch mit Vergeltung, sollte der ukrainische Pr\u00e4sident <a href=\"https:\/\/www.t-online.de\/themen\/wolodymyr-selenskyj\/\" class=\"transition-colors cursor-pointer no-underline md:hover:text-magenta md:focus:text-magenta border-b border-solid border-current text-salemsfur md:hover:border-magenta\" data-tracking=\"{&quot;action&quot;:&quot;click&quot;,&quot;category&quot;:&quot;intextLink&quot;,&quot;label&quot;:&quot;\/themen\/wolodymyr-selenskyj\/&quot;}\" data-sctrack=\"BodyAnchor\" rel=\"nofollow noopener\" target=\"_blank\">Wolodymyr Selenskyj<\/a> seine Drohung wahr machen und Flugh\u00e4fen in Russland ins Visier nehmen. Medwedew gab zu bedenken, dass die europ\u00e4ischen Staatschefs &#8211; als Geldgeber der Regierung in der Ukraine &#8211; immer wieder mit dem Zug nach <a href=\"https:\/\/www.t-online.de\/themen\/kiew\/\" class=\"transition-colors cursor-pointer no-underline md:hover:text-magenta md:focus:text-magenta border-b border-solid border-current text-salemsfur md:hover:border-magenta\" data-tracking=\"{&quot;action&quot;:&quot;click&quot;,&quot;category&quot;:&quot;intextLink&quot;,&quot;label&quot;:&quot;\/themen\/kiew\/&quot;}\" data-sctrack=\"BodyAnchor\" rel=\"nofollow noopener\" target=\"_blank\">Kiew<\/a> und in andere St\u00e4dte reisten. Russland hatte zuletzt auch Bahnanlagen in der Ukraine attackiert. <\/p>\n<p class=\"text-18 leading-17 user-text-lg:text-22 user-text-xl:text-24\">Es handle sich um &#8222;Drohungen eines wahnsinnigen Clowns gegen\u00fcber der Zivilluftfahrt am russischen Himmel&#8220;, sagte Medwedew mit Blick auf Selenskyjs \u00c4u\u00dferungen. Kremlchef <a href=\"https:\/\/www.t-online.de\/themen\/wladimir-putin\/\" class=\"transition-colors cursor-pointer no-underline md:hover:text-magenta md:focus:text-magenta border-b border-solid border-current text-salemsfur md:hover:border-magenta\" data-tracking=\"{&quot;action&quot;:&quot;click&quot;,&quot;category&quot;:&quot;intextLink&quot;,&quot;label&quot;:&quot;\/themen\/wladimir-putin\/&quot;}\" data-sctrack=\"BodyAnchor\" rel=\"nofollow noopener\" target=\"_blank\">Wladimir Putin<\/a> warnte die Ukraine vor &#8222;staatlichem Terrorismus&#8220;. <\/p>\n<p class=\"text-18 leading-17 user-text-lg:text-22 user-text-xl:text-24\">Medwedew warf den europ\u00e4ischen Staatschefs vor, Kiews &#8222;Terror&#8220; gegen Ziele im russischen Hinterland zu finanzieren. Die Ukraine nutzt die westliche Milit\u00e4rhilfe zum Bau von Drohnen und Marschflugk\u00f6rpern, mit denen sie Russland Ziele angreift &#8211; als Teil des Abwehrkampfes gegen Moskaus Angriffskrieg.<\/p>\n<p class=\"text-18 leading-17 user-text-lg:text-22 user-text-xl:text-24\">Selenskyj hatte am Vorabend mit der &#8222;faktischen&#8220; Schlie\u00dfung des russischen Luftraums durch ukrainische Drohnenattacken gedroht. Er warnte alle Fluggesellschaften vor Gefahren \u00fcber Russland.<\/p>\n","protected":false},"excerpt":{"rendered":"Sprengstoff-Drohne in Leipzig Medwedew: Deutschland verdient direkte Angriffe Aktualisiert am 02.09.2026 &#8211; 08:58 UhrLesedauer: 2 Min. Der Vizechef&hellip;\n","protected":false},"author":2,"featured_media":1275340,"comment_status":"","ping_status":"","sticky":false,"template":"","format":"standard","meta":{"footnotes":"","_share_on_mastodon":"0"},"categories":[2],"tags":[331,3924,332,3922,2140,296,3364,29,309,30,13,1211,5793,71,308,14,3923,15,3921,307,12,42453,2544,317,107],"class_list":["post-1275339","post","type-post","status-publish","format-standard","has-post-thumbnail","category-deutschland","tag-aktuelle-nachrichten","tag-aktuelle-nachrichten-aus-deutschland","tag-aktuelle-news","tag-aktuelle-news-aus-deutschland","tag-angriff","tag-berlin","tag-de","tag-deutschland","tag-dmitri-medwedew","tag-germany","tag-headlines","tag-johann-wadephul","tag-kiew","tag-leipzig","tag-moskau","tag-nachrichten","tag-nachrichten-aus-deutschland","tag-news","tag-news-aus-deutschland","tag-russland","tag-schlagzeilen","tag-strafmassnahme","tag-terrorismus","tag-ukraine","tag-wolodymyr-selenskyj"],"share_on_mastodon":{"url":"","error":""},"_links":{"self":[{"href":"https:\/\/www.europesays.com\/de\/wp-json\/wp\/v2\/posts\/1275339","targetHints":{"allow":["GET"]}}],"collection":[{"href":"https:\/\/www.europesays.com\/de\/wp-json\/wp\/v2\/posts"}],"about":[{"href":"https:\/\/www.europesays.com\/de\/wp-json\/wp\/v2\/types\/post"}],"author":[{"embeddable":true,"href":"https:\/\/www.europesays.com\/de\/wp-json\/wp\/v2\/users\/2"}],"replies":[{"embeddable":true,"href":"https:\/\/www.europesays.com\/de\/wp-json\/wp\/v2\/comments?post=1275339"}],"version-history":[{"count":0,"href":"https:\/\/www.europesays.com\/de\/wp-json\/wp\/v2\/posts\/1275339\/revisions"}],"wp:featuredmedia":[{"embeddable":true,"href":"https:\/\/www.europesays.com\/de\/wp-json\/wp\/v2\/media\/1275340"}],"wp:attachment":[{"href":"https:\/\/www.europesays.com\/de\/wp-json\/wp\/v2\/media?parent=1275339"}],"wp:term":[{"taxonomy":"category","embeddable":true,"href":"https:\/\/www.europesays.com\/de\/wp-json\/wp\/v2\/categories?post=1275339"},{"taxonomy":"post_tag","embeddable":true,"href":"https:\/\/www.europesays.com\/de\/wp-json\/wp\/v2\/tags?post=1275339"}],"curies":[{"name":"wp","href":"https:\/\/api.w.org\/{rel}","templated":true}]}}