{"id":1275349,"date":"2026-09-02T07:26:24","date_gmt":"2026-09-02T07:26:24","guid":{"rendered":"https:\/\/www.europesays.com\/de\/1275349\/"},"modified":"2026-09-02T07:26:24","modified_gmt":"2026-09-02T07:26:24","slug":"hoechstnote-fuer-debeka-cyberschutz-analysehaus-franke-und-bornberg-nur-eine","status":"publish","type":"post","link":"https:\/\/www.europesays.com\/de\/1275349\/","title":{"rendered":"H\u00f6chstnote f\u00fcr Debeka-Cyberschutz\/ Analysehaus Franke und Bornberg: Nur eine &#8230;"},"content":{"rendered":"<p class=\"date\">02.09.2026 \u2013 09:00<\/p>\n<p class=\"customer\">\n                        <a class=\"story-customer\" title=\"weiter zum newsroom von Debeka Versicherungsgruppe\" href=\"https:\/\/www.presseportal.de\/nr\/57398\" rel=\"nofollow noopener\" target=\"_blank\">Debeka Versicherungsgruppe<\/a>\n                    <\/p>\n<p><a class=\"glightbox event-trigger\" href=\"https:\/\/cache.pressmailing.net\/thumbnail\/story_hires\/8658b490-cda3-48bd-86e4-df4c07fbabc3\/Normann%20Pankratz_Debeka.jpg.jpg\" data-description=\"Dr. Normann Pankratz, Vorstandsmitglied der Debeka \/ Weiterer Text \u00fcber ots und www.presseportal.de\/nr\/57398 \/ Die Verwendung dieses Bildes f\u00fcr redaktionelle Zwecke ist unter Beachtung aller mitgeteilten Nutzungsbedingungen zul\u00e4ssig und dann auch honorarfrei. Ver\u00f6ffentlichung ausschlie\u00dflich mit Bildrechte-Hinweis.\" data-category=\"medialightbox\" data-action=\"click\" data-label=\"single\" data-value=\"6a96c683270000fd2cc1c1c8\" rel=\"nofollow noopener\" target=\"_blank\"><img decoding=\"async\" height=\"540\" with=\"720\" src=\"https:\/\/www.europesays.com\/de\/wp-content\/uploads\/2026\/09\/h-chstnote-f-r-debeka-cyberschutz-analysehaus-franke-und-bornberg-nur-eine-tarifkombination-erreicht.jpeg\"   alt=\"H\u00f6chstnote f\u00fcr Debeka-Cyberschutz\/ Analysehaus Franke und Bornberg: Nur eine Tarifkombination erreicht hervorragend\" class=\"single\"\/><\/a><\/p>\n<p><a data-category=\"citylink-story-view\" data-action=\"click\" data-label=\"Citylink in Meldungsansicht\" class=\"story-city event-trigger\" href=\"https:\/\/www.presseportal.de\/regional\/Koblenz\" title=\"News aus Koblenz \" rel=\"nofollow noopener\" target=\"_blank\">Koblenz<\/a> (ots)<\/p>\n<p> Die Debeka Allgemeine Versicherung AG hat mit der Kombination aus Cyberversicherung und Cyber-Rechtsschutz im aktuellen Produktrating von Franke und Bornberg die H\u00f6chstwertung &#8222;FFF+ &#8211; hervorragend&#8220; erhalten. Mit der Note 0,5 erreichte das Angebot als einziger bewerteter Tarif dieses Ergebnis. Das Analysehaus untersuchte 20 Produkte von 13 Anbietern. In die Bewertung flossen 69 unterschiedlich gewichtete Kriterien aus 13 Bereichen ein. Die Experten pr\u00fcften ausschlie\u00dflich eigenst\u00e4ndige Cyberpolicen. Grundlage bildeten die Versicherungsbedingungen und die verbindlichen Verbraucherinformationen. Die Debeka brachte die jetzt ausgezeichnete Tarifkombination im Juli 2026 auf den Markt. <\/p>\n<p> &#8222;Dass in diesem Jahr nur ein einziger Tarif unsere Bestnote FFF+ erreicht, zeigt: Guter Cyberschutz ist noch immer keine Selbstverst\u00e4ndlichkeit&#8220;, sagt Michael Franke, Gesch\u00e4ftsf\u00fchrer von Franke und Bornberg. Der Markt f\u00fcr eigenst\u00e4ndige Cyberversicherungen bewege sich trotz eines wachsenden Bedarfs kaum. <\/p>\n<p> Wie gro\u00df das Risiko f\u00fcr Privatpersonen ist, zeigen Zahlen des Cybersicherheitsmonitors 2026 des Bundesamtes f\u00fcr Sicherheit in der Informationstechnik. Danach wurden elf Prozent der Internetnutzenden in Deutschland im vergangenen Jahr Opfer einer Straftat im Internet. Am h\u00e4ufigsten waren sie beim Onlineshopping betroffen. Darauf entfielen 22 Prozent der F\u00e4lle. Es folgten Fremdzugriffe auf Onlinekonten mit 14 Prozent, Betrug beim Onlinebanking mit 13 Prozent und Phishing mit 12 Prozent. 88 Prozent der Betroffenen erlitten einen Schaden; ein Drittel verlor Geld. <\/p>\n<p> &#8222;Digitale Angriffe treffen l\u00e4ngst nicht mehr nur Unternehmen. Sie erreichen Menschen in allt\u00e4glichen Situationen, beim Onlinebanking, beim Einkaufen oder in sozialen Netzwerken&#8220;, sagt Dr. Normann Pankratz, Vorstandsmitglied der Debeka. &#8222;Wer betroffen ist, verliert Geld und oft auch das Vertrauen in die eigene Sicherheit. Deshalb verbinden wir finanzielle Absicherung mit konkreter Unterst\u00fctzung im Ernstfall.&#8220; <\/p>\n<p> Die Cyberversicherung der Debeka unterst\u00fctzt Versicherte unter anderem beim Betrug beim Online-Einkauf (z. B. Kauf in einem Fake-Shop) und Missbrauch von Kreditkartendaten (z. B. infolge von Phishing). Sie hilft au\u00dferdem bei der Entfernung rufsch\u00e4digender Inhalte im Internet und bietet psychologische Beratung nach Cybermobbing. Auch bei der unbeabsichtigten Verbreitung von Schadsoftware sowie bei bestimmten Datenschutzverst\u00f6\u00dfen und Urheberrechtsverletzungen steht Unterst\u00fctzung zur Verf\u00fcgung. Leistungen zur Cyberpr\u00e4vention erg\u00e4nzen den Versicherungsschutz. Dazu geh\u00f6rt beispielsweise eine Cloud zur Datensicherung. <\/p>\n<p> Der optionale Cyber-Rechtsschutz erweitert den Schutz auf rechtliche Streitigkeiten im Zusammenhang mit der privaten Internetnutzung. Versicherte profitieren au\u00dferdem von einer telefonischen Rechtsberatung. Der Cyber-Rechtsschutz kann ausschlie\u00dflich in Verbindung mit der Cyberversicherung abgeschlossen werden. <\/p>\n<p> Die Debeka-Cyberversicherung ist f\u00fcr die gesamte Familie im Haushalt ab 7,50 Euro im Monat erh\u00e4ltlich. Der optionale Cyber-Rechtsschutz kann gegen einen zus\u00e4tzlichen Beitrag erg\u00e4nzt werden. <\/p>\n<p class=\"contact-headline\">Pressekontakt:<\/p>\n<p class=\"contact-text\">Debeka Allgemeine Versicherung AG<br \/>56058 Koblenz<\/p>\n<p>Telefon: (02 61) 4 98 &#8211; 11 88<br \/>E-Mail: <a href=\"https:\/\/www.presseportal.de\/pm\/57398\/mailto:presse@debeka.de\" class=\"uri-mailto\" rel=\"nofollow noopener\" target=\"_blank\">presse@debeka.de<\/a><br \/>Internet: <a target=\"_blank\" class=\"uri-ext outbound\" rel=\"noopener nofollow\" href=\"https:\/\/www.debeka.de\">www.debeka.de<\/a><\/p>\n<p>Besuchen Sie uns auch in sozialen Netzwerken.<br \/>Unsere Adressen finden Sie hier: <a target=\"_blank\" class=\"uri-ext outbound\" rel=\"noopener nofollow\" href=\"https:\/\/www.debeka.de\/socialmedia\">www.debeka.de\/socialmedia<\/a><\/p>\n<p>Pflichtangaben der Debeka-Unternehmen gem\u00e4\u00df \u00a7 35a GmbHG \/ \u00a7 80 AktG:<br \/><a target=\"_blank\" class=\"uri-ext outbound\" rel=\"noopener nofollow\" href=\"https:\/\/www.debeka.de\/pflichtangaben\">www.debeka.de\/pflichtangaben<\/a><\/p>\n<p class=\"originator\">Original-Content von: Debeka Versicherungsgruppe, \u00fcbermittelt durch news aktuell<\/p>\n","protected":false},"excerpt":{"rendered":"02.09.2026 \u2013 09:00 Debeka Versicherungsgruppe Koblenz (ots) Die Debeka Allgemeine Versicherung AG hat mit der Kombination aus Cyberversicherung&hellip;\n","protected":false},"author":2,"featured_media":1275350,"comment_status":"","ping_status":"","sticky":false,"template":"","format":"standard","meta":{"footnotes":"","_share_on_mastodon":"0"},"categories":[1836],"tags":[3477,263218,263219,3364,29,30,46,115187,1411,178,180,179,181,3931,625,5019],"class_list":["post-1275349","post","type-post","status-publish","format-standard","has-post-thumbnail","category-hannover","tag-bild","tag-cyberschutz","tag-cyberversicherung","tag-de","tag-deutschland","tag-germany","tag-hannover","tag-it-security","tag-niedersachsen","tag-presse","tag-pressemeldung","tag-pressemitteilung","tag-pressemitteilungen","tag-sicherheit","tag-verbraucher","tag-versicherung"],"share_on_mastodon":{"url":"https:\/\/pubeurope.com\/@de\/117200264510785962","error":""},"_links":{"self":[{"href":"https:\/\/www.europesays.com\/de\/wp-json\/wp\/v2\/posts\/1275349","targetHints":{"allow":["GET"]}}],"collection":[{"href":"https:\/\/www.europesays.com\/de\/wp-json\/wp\/v2\/posts"}],"about":[{"href":"https:\/\/www.europesays.com\/de\/wp-json\/wp\/v2\/types\/post"}],"author":[{"embeddable":true,"href":"https:\/\/www.europesays.com\/de\/wp-json\/wp\/v2\/users\/2"}],"replies":[{"embeddable":true,"href":"https:\/\/www.europesays.com\/de\/wp-json\/wp\/v2\/comments?post=1275349"}],"version-history":[{"count":0,"href":"https:\/\/www.europesays.com\/de\/wp-json\/wp\/v2\/posts\/1275349\/revisions"}],"wp:featuredmedia":[{"embeddable":true,"href":"https:\/\/www.europesays.com\/de\/wp-json\/wp\/v2\/media\/1275350"}],"wp:attachment":[{"href":"https:\/\/www.europesays.com\/de\/wp-json\/wp\/v2\/media?parent=1275349"}],"wp:term":[{"taxonomy":"category","embeddable":true,"href":"https:\/\/www.europesays.com\/de\/wp-json\/wp\/v2\/categories?post=1275349"},{"taxonomy":"post_tag","embeddable":true,"href":"https:\/\/www.europesays.com\/de\/wp-json\/wp\/v2\/tags?post=1275349"}],"curies":[{"name":"wp","href":"https:\/\/api.w.org\/{rel}","templated":true}]}}