{"id":1275351,"date":"2026-09-02T07:27:42","date_gmt":"2026-09-02T07:27:42","guid":{"rendered":"https:\/\/www.europesays.com\/de\/1275351\/"},"modified":"2026-09-02T07:27:42","modified_gmt":"2026-09-02T07:27:42","slug":"hannover-zwickau-emden-neckarsulm-aus-fuer-vier-vw-werke-steht-wohl-fest","status":"publish","type":"post","link":"https:\/\/www.europesays.com\/de\/1275351\/","title":{"rendered":"Hannover, Zwickau, Emden, Neckarsulm: Aus f\u00fcr vier VW-Werke steht wohl fest"},"content":{"rendered":"<p>Am Aufsichtsrat vorbei? <\/p>\n<p>VW-Boss Blume hat wohl Aus f\u00fcr vier Werke besiegelt<\/p>\n<p>Aktualisiert am 02.09.2026 &#8211; 07:31 UhrLesedauer: 3 Min.<\/p>\n<p><a href=\"#focus-0\" class=\"transition-colors block text-current relative\" data-sctrack=\"FocusGalleryImage.Reference\"><img fetchpriority=\"high\" data-testid=\"Opener.Image\"   loading=\"eager\" src=\"https:\/\/www.europesays.com\/de\/wp-content\/uploads\/2026\/09\/oliver-blume-der-vorstandsvorsitzende-der-volkswagen-ag-sieht-den-strompreis-als-entscheidenden-stan.jpeg\" alt=\"Oliver Blume: Der Vorstandsvorsitzende der Volkswagen AG sieht den Strompreis als entscheidenden Standortfaktor.\" title=\"Oliver Blume: Der Vorstandsvorsitzende der Volkswagen AG sieht den Strompreis als entscheidenden Standortfaktor.\" width=\"2048\" height=\"1152\" class=\"bg-[url:var(--lqipURL)] bg-cover bg-center flex h-full w-full max-w-full\" style=\"--lqipURL:url('https:\/\/images.t-online.de\/2023\/07\/YqiZVWsJvtS7\/0x107:2048x1152\/fit-in\/150x0\/filters:blur(25)\/oliver-blume-der-vorstandsvorsitzende-der-volkswagen-ag-sieht-den-strompreis-als-entscheidenden-standortfaktor.jpg')\" decoding=\"async\"\/><img loading=\"lazy\" src=\"https:\/\/www.t-online.de\/s\/paper\/_next\/static\/media\/zoom-in.f7dae02f.svg\" alt=\"Vergr\u00f6\u00dfern des Bildes\" title=\"Vergr\u00f6\u00dfern des Bildes\" class=\"block h-[calc(var(--height)_\/_16_*_1rem)] w-[calc(var(--width)_\/_16_*_1rem)] max-w-none absolute right-8 bottom-8 rounded-4 bg-snow p-8\" style=\"--width:32;--height:32\" decoding=\"async\"\/><\/a><\/p>\n<p>Oliver Blume (Archivbild): Der Vorstandsvorsitzende der Volkswagen AG zieht seinen Plan einem Bericht zufolge durch. (Quelle: Michael Kappeler\/dpa)<\/p>\n<p><img loading=\"lazy\" src=\"https:\/\/www.t-online.de\/s\/paper\/_next\/static\/media\/audio-volume.6689034c.svg\" alt=\"\" title=\"\" class=\"block h-[calc(var(--height)_\/_16_*_1rem)] w-[calc(var(--width)_\/_16_*_1rem)] max-w-none group-hover:brightness-0 group-hover:invert\" style=\"--width:16;--height:16\" decoding=\"async\"\/>Vorlesen<\/p>\n<p>Aktuelle Zeit:0:00Gesamtdauer:0:00<\/p>\n<p>1x<img loading=\"lazy\" src=\"https:\/\/www.t-online.de\/s\/paper\/_next\/static\/media\/font-sizes.32942e33.svg\" alt=\"\" title=\"\" class=\"block h-[calc(var(--height)_\/_16_*_1rem)] w-[calc(var(--width)_\/_16_*_1rem)] max-w-none group-hover:hidden group-aria-expanded:hidden\" style=\"--width:16;--height:16\" decoding=\"async\"\/><img loading=\"lazy\" src=\"https:\/\/www.t-online.de\/s\/paper\/_next\/static\/media\/font-sizes-dark-mode.e382645c.svg\" alt=\"\" title=\"\" class=\"block h-[calc(var(--height)_\/_16_*_1rem)] w-[calc(var(--width)_\/_16_*_1rem)] max-w-none hidden group-hover:block group-aria-expanded:block\" style=\"--width:16;--height:16\" decoding=\"async\"\/><img loading=\"lazy\" src=\"https:\/\/www.t-online.de\/s\/paper\/_next\/static\/media\/sharing-menu-icon.1eb71368.svg\" alt=\"\" title=\"\" class=\"block h-[calc(var(--height)_\/_16_*_1rem)] w-[calc(var(--width)_\/_16_*_1rem)] max-w-none group-hover:brightness-0 group-hover:invert\" style=\"--width:16;--height:16\" decoding=\"async\"\/>Artikel teilen<\/p>\n<p class=\"font-bold text-18 leading-17 user-text-lg:text-22 user-text-xl:text-24\">VW macht wohl vier Standorte in Deutschland dicht: Emden, Hannover, Zwickau und Neckarsulm. Belegschaft und Gewerkschaft k\u00fcndigen Widerstand an.<\/p>\n<p class=\"text-18 leading-17 user-text-lg:text-22 user-text-xl:text-24\">Der Volkswagen-Vorstand hat einem Medienbericht zufolge einstimmig einen Beschluss \u00fcber den Zeitpunkt des Produktionsendes in den Werken <a href=\"https:\/\/www.t-online.de\/themen\/emden\/\" class=\"transition-colors cursor-pointer no-underline md:hover:text-magenta md:focus:text-magenta border-b border-solid border-current text-salemsfur md:hover:border-magenta\" data-tracking=\"{&quot;action&quot;:&quot;click&quot;,&quot;category&quot;:&quot;intextLink&quot;,&quot;label&quot;:&quot;\/themen\/emden\/&quot;}\" data-sctrack=\"BodyAnchor\" rel=\"nofollow noopener\" target=\"_blank\">Emden<\/a>, <a href=\"https:\/\/hannover.t-online.de\/region\/hannover\/\" class=\"transition-colors cursor-pointer no-underline md:hover:text-magenta md:focus:text-magenta border-b border-solid border-current text-salemsfur md:hover:border-magenta\" data-tracking=\"{&quot;action&quot;:&quot;click&quot;,&quot;category&quot;:&quot;intextLink&quot;,&quot;label&quot;:&quot;https:\/\/hannover.t-online.de\/region\/hannover\/&quot;}\" data-sctrack=\"BodyAnchor\" rel=\"nofollow noopener\" target=\"_blank\">Hannover<\/a>, <a href=\"https:\/\/www.t-online.de\/themen\/zwickau\/\" class=\"transition-colors cursor-pointer no-underline md:hover:text-magenta md:focus:text-magenta border-b border-solid border-current text-salemsfur md:hover:border-magenta\" data-tracking=\"{&quot;action&quot;:&quot;click&quot;,&quot;category&quot;:&quot;intextLink&quot;,&quot;label&quot;:&quot;\/themen\/zwickau\/&quot;}\" data-sctrack=\"BodyAnchor\" rel=\"nofollow noopener\" target=\"_blank\">Zwickau<\/a> und Neckarsulm gefasst. So soll die Produktion in Emden und Zwickau im Jahr 2031 enden, in Hannover 2032 und im Audi-Werk Neckarsulm 2034, berichtete die &#8222;Wirtschaftswoche&#8220; am Dienstag aus einem Papier f\u00fcr den Aufsichtsrat. Dem Magazin zufolge kann der Vorstand das &#8222;Leerlaufen von Werken&#8220; am Aufsichtsrat vorbei umsetzen.<\/p>\n<p class=\"text-18 leading-17 user-text-lg:text-22 user-text-xl:text-24\">Zuvor hatte IG-Metall-Chefin Christiane Benner <a href=\"https:\/\/www.t-online.de\/finanzen\/aktuelles\/wirtschaft\/id_101415494\/vw-ig-metall-chefin-christiane-benner-legt-sich-mit-konzernchef-blume-an-.html\" class=\"transition-colors cursor-pointer no-underline md:hover:text-magenta md:focus:text-magenta border-b border-solid border-current text-salemsfur md:hover:border-magenta\" data-tracking=\"{&quot;action&quot;:&quot;click&quot;,&quot;category&quot;:&quot;intextLink&quot;,&quot;label&quot;:&quot;\/finanzen\/aktuelles\/wirtschaft\/id_101415494\/vw-ig-metall-chefin-christiane-benner-legt-sich-mit-konzernchef-blume-an-.html&quot;}\" data-sctrack=\"BodyAnchor\" rel=\"nofollow noopener\" target=\"_blank\">das Vorgehen des VW-Managements scharf kritisiert.<\/a> Sie hielt dem Vorstand eine verfehlte Kommunikationsstrategie vor. &#8222;Die war bislang schlecht, denn es wurden einfach weitere Abbauzahlen und Werkschlie\u00dfungen in den Raum gestellt&#8220;, sagte Benner der Zeitung &#8222;Augsburger Allgemeine&#8220;.<\/p>\n<ul class=\"text-18 leading-17 block pl-24 *:pb-16 *:before:inline-block *:before:size-8 *:before:bg-magenta *:before:mt-0 *:before:mr-12 *:before:mb-2 *:before:-ml-[20px]\">\n<li><strong class=\"font-bold\">Analyse:<\/strong> <a href=\"https:\/\/www.t-online.de\/finanzen\/aktuelles\/id_101412418\/vorerst-letzte-betriebsversammlung-wo-vw-jetzt-steht.html\" class=\"transition-colors cursor-pointer no-underline md:hover:text-magenta md:focus:text-magenta border-b border-solid border-current text-salemsfur md:hover:border-magenta\" data-tracking=\"{&quot;action&quot;:&quot;click&quot;,&quot;category&quot;:&quot;intextLink&quot;,&quot;label&quot;:&quot;\/finanzen\/aktuelles\/id_101412418\/vorerst-letzte-betriebsversammlung-wo-vw-jetzt-steht.html&quot;}\" data-sctrack=\"BodyAnchor\" rel=\"nofollow noopener\" target=\"_blank\">Wo VW jetzt steht<\/a><\/li>\n<li><strong class=\"font-bold\">Kritik:<\/strong> <a href=\"https:\/\/www.t-online.de\/finanzen\/aktuelles\/wirtschaft\/id_101415494\/vw-ig-metall-chefin-christiane-benner-legt-sich-mit-konzernchef-blume-an-.html\" class=\"transition-colors cursor-pointer no-underline md:hover:text-magenta md:focus:text-magenta border-b border-solid border-current text-salemsfur md:hover:border-magenta\" data-tracking=\"{&quot;action&quot;:&quot;click&quot;,&quot;category&quot;:&quot;intextLink&quot;,&quot;label&quot;:&quot;\/finanzen\/aktuelles\/wirtschaft\/id_101415494\/vw-ig-metall-chefin-christiane-benner-legt-sich-mit-konzernchef-blume-an-.html&quot;}\" data-sctrack=\"BodyAnchor\" rel=\"nofollow noopener\" target=\"_blank\">IG-Metall-Chefin legt sich mit VW-Bossen an<\/a><\/li>\n<\/ul>\n<p>Verfehlte Strukturen und Gesch\u00e4ftsmodelle<\/p>\n<p class=\"text-18 leading-17 user-text-lg:text-22 user-text-xl:text-24\">Laut &#8222;Wirtschaftswoche&#8220; soll das Dokument die Entscheidung des Aufsichtsrats am Wochenausgang vorbereiten. Die bestehenden Gesch\u00e4ftsmodelle und Strukturen reichten nicht mehr aus, &#8222;um die Wettbewerbsf\u00e4higkeit und Profitabilit\u00e4t des Volkswagen-Konzerns langfristig sicherzustellen&#8220;, zitiert das Magazin aus dem Dokument, das den Titel &#8222;Bericht zum Konzeptbeschluss Aufsichtsrat 3.\/4. September 2026&#8220; trage.<\/p>\n<p class=\"text-18 leading-17 user-text-lg:text-22 user-text-xl:text-24\">Darin steht demzufolge weiter, dass der Vorstand das unter Ziffer 3 dargelegte &#8222;Konzept f\u00fcr die gesamthafte Transformation des Volkswagen-Konzerns im Sinne eines Konzeptbeschlusses einstimmig beschlossen&#8220; habe. Unter dieser Ziffer wird laut &#8222;Wirtschaftswoche&#8220; das Produktionsende im Jahr 2031 f\u00fcr die Werke in Emden und Zwickau und f\u00fcr Hannover im Jahr 2032 und Neckarsulm im Jahr 2034 benannt.<\/p>\n<p class=\"text-18 leading-17 user-text-lg:text-22 user-text-xl:text-24\"><a href=\"https:\/\/www.t-online.de\/finanzen\/boerse\/aktien\/volkswagen-vz-aktie\/de0007664039\/\" class=\"transition-colors cursor-pointer no-underline md:hover:text-magenta md:focus:text-magenta border-b border-solid border-current text-salemsfur md:hover:border-magenta\" data-tracking=\"{&quot;action&quot;:&quot;click&quot;,&quot;category&quot;:&quot;intextLink&quot;,&quot;label&quot;:&quot;\/finanzen\/boerse\/aktien\/volkswagen-vz-aktie\/de0007664039\/&quot;}\" data-sctrack=\"BodyAnchor\" rel=\"nofollow noopener\" target=\"_blank\">Volkswagen<\/a> wollte sich auf eine Anfrage der Nachrichtenagentur AFP hin nicht \u00e4u\u00dfern. Ein Sprecher des Konzerns bat um Verst\u00e4ndnis, &#8222;dass wir interne Unterlagen nicht kommentieren&#8220;. &#8222;Diese werden in den zust\u00e4ndigen Gremien besprochen und verabschiedet. Diesem Prozess greifen wir nicht vor.&#8220;<\/p>\n<p><a href=\"#focus-1\" class=\"transition-colors block text-current relative\" data-sctrack=\"FocusGalleryImage.Reference\"><img   loading=\"lazy\" src=\"https:\/\/www.europesays.com\/de\/wp-content\/uploads\/2026\/09\/vw-werk-in-zwickau-der-konzern-steht-vor-richtungsweisenden-zeiten-archivbild.jpg\" alt=\"VW-Werk in Zwickau\" title=\"VW-Werk in Zwickau\" width=\"2048\" height=\"1152\" class=\"h-full w-full max-w-full rounded-8\" decoding=\"async\"\/><img loading=\"lazy\" src=\"https:\/\/www.t-online.de\/s\/paper\/_next\/static\/media\/zoom-in.f7dae02f.svg\" alt=\"Vergr\u00f6\u00dfern des Bildes\" title=\"Vergr\u00f6\u00dfern des Bildes\" class=\"block h-[calc(var(--height)_\/_16_*_1rem)] w-[calc(var(--width)_\/_16_*_1rem)] max-w-none absolute right-8 bottom-8 rounded-4 bg-snow p-8\" style=\"--width:32;--height:32\" decoding=\"async\"\/>VW-Werk in Zwickau (Archivbild): Mit Milliarden-Investitionen hatte der Konzern den Standort f\u00fcr E-Autos ausgebaut. (Quelle: Jan Woitas\/dpa\/dpa-bilder)<\/a><\/p>\n","protected":false},"excerpt":{"rendered":"Am Aufsichtsrat vorbei? VW-Boss Blume hat wohl Aus f\u00fcr vier Werke besiegelt Aktualisiert am 02.09.2026 &#8211; 07:31 UhrLesedauer:&hellip;\n","protected":false},"author":2,"featured_media":1275352,"comment_status":"","ping_status":"","sticky":false,"template":"","format":"standard","meta":{"footnotes":"","_share_on_mastodon":"0"},"categories":[1836],"tags":[326,19353,52357,513,237110,3364,29,45694,30,2526,46,745,1153,16399,1411,31305,263220,859,603,88828,7138,263221],"class_list":["post-1275351","post","type-post","status-publish","format-standard","has-post-thumbnail","category-hannover","tag-326","tag-afp","tag-augsburger-allgemeine","tag-auto","tag-christiane-benner","tag-de","tag-deutschland","tag-emden","tag-germany","tag-gewerkschaften","tag-hannover","tag-metall","tag-michael-kretschmer","tag-neckarsulm","tag-niedersachsen","tag-oliver-blume","tag-produktionsende","tag-sachsen","tag-vw","tag-wirtschaftswoche","tag-zwickau","tag-zwickau-mosel"],"share_on_mastodon":{"url":"https:\/\/pubeurope.com\/@de\/117200270075608861","error":""},"_links":{"self":[{"href":"https:\/\/www.europesays.com\/de\/wp-json\/wp\/v2\/posts\/1275351","targetHints":{"allow":["GET"]}}],"collection":[{"href":"https:\/\/www.europesays.com\/de\/wp-json\/wp\/v2\/posts"}],"about":[{"href":"https:\/\/www.europesays.com\/de\/wp-json\/wp\/v2\/types\/post"}],"author":[{"embeddable":true,"href":"https:\/\/www.europesays.com\/de\/wp-json\/wp\/v2\/users\/2"}],"replies":[{"embeddable":true,"href":"https:\/\/www.europesays.com\/de\/wp-json\/wp\/v2\/comments?post=1275351"}],"version-history":[{"count":0,"href":"https:\/\/www.europesays.com\/de\/wp-json\/wp\/v2\/posts\/1275351\/revisions"}],"wp:featuredmedia":[{"embeddable":true,"href":"https:\/\/www.europesays.com\/de\/wp-json\/wp\/v2\/media\/1275352"}],"wp:attachment":[{"href":"https:\/\/www.europesays.com\/de\/wp-json\/wp\/v2\/media?parent=1275351"}],"wp:term":[{"taxonomy":"category","embeddable":true,"href":"https:\/\/www.europesays.com\/de\/wp-json\/wp\/v2\/categories?post=1275351"},{"taxonomy":"post_tag","embeddable":true,"href":"https:\/\/www.europesays.com\/de\/wp-json\/wp\/v2\/tags?post=1275351"}],"curies":[{"name":"wp","href":"https:\/\/api.w.org\/{rel}","templated":true}]}}