{"id":1275372,"date":"2026-09-02T07:44:21","date_gmt":"2026-09-02T07:44:21","guid":{"rendered":"https:\/\/www.europesays.com\/de\/1275372\/"},"modified":"2026-09-02T07:44:21","modified_gmt":"2026-09-02T07:44:21","slug":"duesseldorf-abschied-und-neubeginn-in-der-alt-katholischen-thomaskirche","status":"publish","type":"post","link":"https:\/\/www.europesays.com\/de\/1275372\/","title":{"rendered":"D\u00fcsseldorf: Abschied und Neubeginn in der alt-katholischen Thomaskirche"},"content":{"rendered":"<p class=\"text_ohne_einzug richtext text-em-55 !leading-serif mx-6 desktop:mx-0\">Im M\u00e4rz feierte die altkatholische Gemeinde ihr 150-j\u00e4hriges Jubil\u00e4um: K\u00fcrzlich wurden nun zwei Wegg\u00e4nge und ein Neuanfang gefeiert. Clemens Engels wurde offiziell durch Bischof Matthias Ring zum neuen Pfarrer der altkatholischen Gemeinde D\u00fcsseldorf und Aachen ernannt.<\/p>\n<p class=\"richtext text-em-55 !leading-serif mx-6 desktop:mx-0\">Mit rund 250 Gemeindemitgliedern in D\u00fcsseldorf und Aachen ist die Pfarrgemeinde eine vergleichsweise kleine katholische Glaubensgemeinschaft, die sich in der Tradition der ungeteilten Kirche des ersten Jahrtausends sieht: Treu zur katholischen Tradition, ohne Papst, mit \u00f6kumenischer Offenheit.<\/p>\n<p class=\"richtext text-em-55 !leading-serif mx-6 desktop:mx-0\">Zu dem Festgottesdienst in der Thomaskirche waren am vergangenen Wochenende nicht nur Gemeindemitglieder, Freunde und Familien gekommen, sondern unter anderem auch Oberb\u00fcrgermeister <a href=\"https:\/\/rp-online.de\/thema\/stephan-keller\/\" rel=\"nofollow noopener\" target=\"_blank\">Stephan Keller<\/a>, B\u00fcrgermeister Josef Hinkel (beide CDU), der Superintendent der evangelischen Kirche Heinrich Fucks, Verena Hammes von der Arbeitsgemeinschaft Christlicher Kirchen, Pfarrer Hartmut W\u00f6lk und weitere G\u00e4ste aus Politik und kirchlichem Umfeld. Bislang war Clemens Engels als \u201eGeistlicher im Amt\u201c (G.i.A.) vom altkatholischen Bistum in <a href=\"https:\/\/rp-online.de\/thema\/bonn\/\" rel=\"nofollow noopener\" target=\"_blank\">Bonn<\/a> in die Gemeinde entsandt worden. Im Mai wurde er nach abgeschlossenem Masterstudium der altkatholischen Theologie von der Gemeinde einstimmig zum Pfarrer gew\u00e4hlt.<\/p>\n<p class=\"richtext text-em-55 !leading-serif mx-6 desktop:mx-0\">In dem von Dank und guten W\u00fcnschen gepr\u00e4gten Gottesdienst zu seiner Einf\u00fchrung ging es vor allem um das gemeinsame Unterwegssein. \u201eDie Bedeutung des Glaubens geht weit \u00fcber das Gemeindeleben hinaus\u201c, betonte Keller in seiner Rede. \u201eDiese Werte sind universell. Die Stimme hier ist vielleicht nicht die lauteste, aber verl\u00e4sslich und kreativ\u201c, sagte er.<\/p>\n<p class=\"richtext text-em-55 !leading-serif mx-6 desktop:mx-0\">Die Einf\u00fchrung von Clemens Engels war Bischof Rings letzte Amtshandlung: Am Samstag, 5. September, wird er in Bonn in den Ruhestand verabschiedet. F\u00fcr den alten und neuen Pfarrer war dies besonders emotional, da er sich damals als r\u00f6misch-katholischer Priester strauchelnd sah, mit Bischof Ring ins Gespr\u00e4ch ging und so seinen eigenen Weg ins Alt-Katholische fand.<\/p>\n<p class=\"richtext text-em-55 !leading-serif mx-6 desktop:mx-0\">Teresa Schumacher, die im Juli 2026 als Diakonin geweiht wurde, erhielt ebenfalls Anerkennung f\u00fcr ihre Arbeit. Ihre Weihe betont den gleichberechtigten Zugang zum Weiheamt, der in der altkatholischen Kirche Realit\u00e4t ist. Dank ging auch an Pfarrer J\u00fcrgen Wenge aus K\u00f6ln \u2013 nat\u00fcrlich nicht ohne einen leichten Seitenhieb \u00fcber die \u201erichtige Rheinseite\u201c. In 20 Jahren hat er die Gemeinde bereits drei Mal als sogenannter Pfarrverweser in den Formalit\u00e4ten unterst\u00fctzt. \u201eDas wird jetzt hoffentlich nicht mehr n\u00f6tig sein\u201c, betonte er lachend, \u201edenn das hei\u00dft: Clemens bleibt.\u201c<\/p>\n<p class=\"richtext text-em-55 !leading-serif mx-6 desktop:mx-0\">Bislang waren Clemens Engels und Sara Sust gemeinsam in D\u00fcsseldorf und Aachen aktiv, zum 1. September wechselte Priesterin Sara Sust (G.i.A.) aber in die Gemeinde Essen und Bottrop, ebenso wie Diakon i.E. Christian Fl\u00fcgel nach 19-j\u00e4hrigem, gro\u00dfem Einsatz.<\/p>\n<p class=\"richtext text-em-55 !leading-serif mx-6 desktop:mx-0\">Sust blickte frohen Auges auf die gemeinsame Zeit zur\u00fcck: \u201eClemens, du siehst als Erstes die Menschen und ihre Bed\u00fcrfnisse.\u201c F\u00fcr die Zukunft stellte sie viel Austausch der nun benachbarten Gemeinden in Aussicht. Nach F\u00fcrbitten, Segen und Kommunion lagen die letzten Worte vor der anschlie\u00dfenden Feier bei Clemens Engels. Bischof Ring hatte zu Anfang betont, dass eine Gemeinde wissen muss, wo sie hin will. Engels hat eine klare Vision: \u201eWir wollen weiter alles tun, damit aus dem ,friedlichen Nebeneinander\u2018 mit anderen Glaubensgemeinschaften ein ,fruchtbares Miteinander\u2018 wir. Auf rheinische Art: froh, offen und tolerant.\u201c<\/p>\n","protected":false},"excerpt":{"rendered":"Im M\u00e4rz feierte die altkatholische Gemeinde ihr 150-j\u00e4hriges Jubil\u00e4um: K\u00fcrzlich wurden nun zwei Wegg\u00e4nge und ein Neuanfang gefeiert.&hellip;\n","protected":false},"author":2,"featured_media":1275373,"comment_status":"","ping_status":"","sticky":false,"template":"","format":"standard","meta":{"footnotes":"","_share_on_mastodon":"0"},"categories":[1831],"tags":[3274,263225,7103,33873,3364,29,3405,44025,11867,97799,81911,133504,30,11231,19968,86687,263224,1209,5754,71174,5770],"class_list":["post-1275372","post","type-post","status-publish","format-standard","has-post-thumbnail","category-duesseldorf","tag-kirche","tag-altkatholischen","tag-bischof","tag-clemens","tag-de","tag-deutschland","tag-duesseldorf","tag-engels","tag-gemeinde","tag-gemeindeleben","tag-gemeindemitglieder","tag-gemeindemitgliedern","tag-germany","tag-katholische","tag-katholischen","tag-katholischer","tag-matthias-ring","tag-nordrhein-westfalen","tag-pfarrer","tag-pfarrgemeinde","tag-thomaskirche"],"share_on_mastodon":{"url":"https:\/\/pubeurope.com\/@de\/117200333476195418","error":""},"_links":{"self":[{"href":"https:\/\/www.europesays.com\/de\/wp-json\/wp\/v2\/posts\/1275372","targetHints":{"allow":["GET"]}}],"collection":[{"href":"https:\/\/www.europesays.com\/de\/wp-json\/wp\/v2\/posts"}],"about":[{"href":"https:\/\/www.europesays.com\/de\/wp-json\/wp\/v2\/types\/post"}],"author":[{"embeddable":true,"href":"https:\/\/www.europesays.com\/de\/wp-json\/wp\/v2\/users\/2"}],"replies":[{"embeddable":true,"href":"https:\/\/www.europesays.com\/de\/wp-json\/wp\/v2\/comments?post=1275372"}],"version-history":[{"count":0,"href":"https:\/\/www.europesays.com\/de\/wp-json\/wp\/v2\/posts\/1275372\/revisions"}],"wp:featuredmedia":[{"embeddable":true,"href":"https:\/\/www.europesays.com\/de\/wp-json\/wp\/v2\/media\/1275373"}],"wp:attachment":[{"href":"https:\/\/www.europesays.com\/de\/wp-json\/wp\/v2\/media?parent=1275372"}],"wp:term":[{"taxonomy":"category","embeddable":true,"href":"https:\/\/www.europesays.com\/de\/wp-json\/wp\/v2\/categories?post=1275372"},{"taxonomy":"post_tag","embeddable":true,"href":"https:\/\/www.europesays.com\/de\/wp-json\/wp\/v2\/tags?post=1275372"}],"curies":[{"name":"wp","href":"https:\/\/api.w.org\/{rel}","templated":true}]}}