{"id":1275374,"date":"2026-09-02T07:45:17","date_gmt":"2026-09-02T07:45:17","guid":{"rendered":"https:\/\/www.europesays.com\/de\/1275374\/"},"modified":"2026-09-02T07:45:17","modified_gmt":"2026-09-02T07:45:17","slug":"verdi-stink-sauer-auf-casino-chef-spielbank-mitarbeiter-drohen-mit-streik","status":"publish","type":"post","link":"https:\/\/www.europesays.com\/de\/1275374\/","title":{"rendered":"Verdi stink-sauer auf Casino-Chef: Spielbank-Mitarbeiter drohen mit Streik"},"content":{"rendered":"<p><b>Stuttgart.<\/b> F\u00fcr Besch\u00e4ftigte und Besucher der Spielbanken in Baden-W\u00fcrttemberg k\u00f6nnten weitere Arbeitsniederlegungen sp\u00fcrbar werden. Der Tarifkonflikt bei den landeseigenen Casinos in Baden-Baden, Stuttgart und Konstanz schwelt weiter. Die Gewerkschaft Verdi wirft der Arbeitgeberseite vor, einen bereits verhandelten Kompromiss nachtr\u00e4glich wieder infrage gestellt zu haben.<\/p>\n<p>Verdi-Verhandlungsf\u00fchrer Frank Hawel sagte in Stuttgart: \u201eMit der Ablehnung eines bereits verhandelten Kompromisses wurde das Vertrauen in die Verhandlungsf\u00e4higkeit und Verl\u00e4sslichkeit der Arbeitgeberseite nachhaltig ersch\u00fcttert.\u201c Besonders schwer wiege aus Sicht der Gewerkschaft, dass das Angebot zuvor schriftlich und mit Unterschrift der Gesch\u00e4ftsf\u00fchrung unterbreitet worden sei. Der Aufsichtsrat der landeseigenen Spielbanken hatte dem Verhandlungsergebnis die Zustimmung verweigert.<\/p>\n<p>Verdi warnt vor weiteren Streiks<\/p>\n<p>Verdi sieht durch den Kurs von Gesch\u00e4ftsf\u00fchrung und Aufsichtsrat das Risiko weiterer Arbeitsniederlegungen. Hawel warnte vor wirtschaftlichen Folgen und einem nachhaltigen Reputationsschaden f\u00fcr die Spielbanken. Zugleich k\u00f6nnten die geplanten Arbeiten an einem gemeinsamen Tarifwerk f\u00fcr alle Besch\u00e4ftigten auf unbestimmte Zeit blockiert werden.<\/p>\n<p>Besonders kritisch bewertet die Gewerkschaft das Vorgehen nach der Aufsichtsratssitzung Anfang Juli. Statt neuer Verhandlungen mit der Tarifkommission sei nach Verdi-Angaben ein einseitig vermindertes Angebot vorgelegt worden. Darin seien wesentliche Bestandteile des zuvor erzielten Kompromisses gestrichen worden. Die Tarifkommission will dar\u00fcber am Donnerstag, 3. September, beraten. Verdi forderte den Aufsichtsrat erneut zu einem direkten Gespr\u00e4ch auf.<\/p>\n<p>Erster Warnstreik in der Geschichte der Spielbanken<\/p>\n<p>Anfang Juni hatte Verdi zun\u00e4chst eine Einigung im Tarifkonflikt verk\u00fcndet. Vorausgegangen war der erste Warnstreik in der Geschichte der Landestochter. Besch\u00e4ftigte der Spielbanken in Baden-Baden, Stuttgart und Konstanz beteiligten sich daran. Die Arbeitgeber hatten den Warnstreik scharf kritisiert.<\/p>\n<p>Hinter den drei Spielbanken steht eine Betreibergesellschaft, die zu 100 Prozent dem Land Baden-W\u00fcrttemberg geh\u00f6rt. Die Aufsichtsr\u00e4te sind nach Angaben der Gesellschaft aus den Ministerien des Landes berufen worden. Rund 550 Menschen arbeiten laut Betreibergesellschaft f\u00fcr die drei Casinos im Land. <b>dpa\/red<\/b><\/p>\n<p>                <a id=\"like-anchor\"\/><\/p>\n<p>                    Dieser Inhalt gef\u00e4llt Ihnen?<\/p>\n<p>Melden Sie sich an, um diesen Inhalt mit \u00abGef\u00e4llt mir\u00bb zu markieren.<\/p>\n<p>            \u00d7<\/p>\n<p>        <a href=\"#\" data-trigger-click-on-space-or-enter=\"\" class=\"button ggm-like-button hollow\" title=\"Gef\u00e4llt mir\" data-open=\"like-conversion-6a97d40bf1f35\"><\/p>\n<p>        <\/a><\/p>\n<p>\n        Gef\u00e4llt <strong>0<\/strong> mal<br \/>\n        0\n    <\/p>\n<p>            <a href=\"https:\/\/www.wochenblatt-reporter.de\/speyer\/profile-29\/cornelia-bauer\" class=\"stop-click-event-propagation\" rel=\"nofollow noopener\" target=\"_blank\">    <\/p>\n<p>                                                                            <img class=\"imagecontainer\" decoding=\"auto\" data-aspect-ratio=\"1\" src=\"https:\/\/media04.wochenblatt-reporter.de\/user\/2025\/09\/04\/4\/25164_L.webp?1756973458\" bad-src=\"data:image\/gif;base64,R0lGODlhAQABAIAAAAAAAP\/\/\/yH5BAEAAAAALAAAAAABAAEAAAIBRAA7\"\/><\/p>\n<p>        <\/a><\/p>\n<p>                    Sie m\u00f6chten diesem Profil folgen?<\/p>\n<p>Verpassen Sie nicht die neuesten Inhalte von diesem Profil: Melden Sie sich an, um neuen Inhalten von Profilen und Orten in Ihrem <strong>pers\u00f6nlichen Feed<\/strong> zu folgen.<\/p>\n<p>            \u00d7<\/p>\n<p>\n            <strong>78<\/strong> folgen diesem Profil\n        <\/p>\n","protected":false},"excerpt":{"rendered":"Stuttgart. F\u00fcr Besch\u00e4ftigte und Besucher der Spielbanken in Baden-W\u00fcrttemberg k\u00f6nnten weitere Arbeitsniederlegungen sp\u00fcrbar werden. Der Tarifkonflikt bei den&hellip;\n","protected":false},"author":2,"featured_media":1275375,"comment_status":"","ping_status":"","sticky":false,"template":"","format":"standard","meta":{"footnotes":"","_share_on_mastodon":"0"},"categories":[1830],"tags":[1634,3364,29,30,1441],"class_list":["post-1275374","post","type-post","status-publish","format-standard","has-post-thumbnail","category-stuttgart","tag-baden-wuerttemberg","tag-de","tag-deutschland","tag-germany","tag-stuttgart"],"share_on_mastodon":{"url":"https:\/\/pubeurope.com\/@de\/117200339149856232","error":""},"_links":{"self":[{"href":"https:\/\/www.europesays.com\/de\/wp-json\/wp\/v2\/posts\/1275374","targetHints":{"allow":["GET"]}}],"collection":[{"href":"https:\/\/www.europesays.com\/de\/wp-json\/wp\/v2\/posts"}],"about":[{"href":"https:\/\/www.europesays.com\/de\/wp-json\/wp\/v2\/types\/post"}],"author":[{"embeddable":true,"href":"https:\/\/www.europesays.com\/de\/wp-json\/wp\/v2\/users\/2"}],"replies":[{"embeddable":true,"href":"https:\/\/www.europesays.com\/de\/wp-json\/wp\/v2\/comments?post=1275374"}],"version-history":[{"count":0,"href":"https:\/\/www.europesays.com\/de\/wp-json\/wp\/v2\/posts\/1275374\/revisions"}],"wp:featuredmedia":[{"embeddable":true,"href":"https:\/\/www.europesays.com\/de\/wp-json\/wp\/v2\/media\/1275375"}],"wp:attachment":[{"href":"https:\/\/www.europesays.com\/de\/wp-json\/wp\/v2\/media?parent=1275374"}],"wp:term":[{"taxonomy":"category","embeddable":true,"href":"https:\/\/www.europesays.com\/de\/wp-json\/wp\/v2\/categories?post=1275374"},{"taxonomy":"post_tag","embeddable":true,"href":"https:\/\/www.europesays.com\/de\/wp-json\/wp\/v2\/tags?post=1275374"}],"curies":[{"name":"wp","href":"https:\/\/api.w.org\/{rel}","templated":true}]}}