{"id":1275376,"date":"2026-09-02T07:46:23","date_gmt":"2026-09-02T07:46:23","guid":{"rendered":"https:\/\/www.europesays.com\/de\/1275376\/"},"modified":"2026-09-02T07:46:23","modified_gmt":"2026-09-02T07:46:23","slug":"vfb-stuttgart-astemo-wird-club-partner","status":"publish","type":"post","link":"https:\/\/www.europesays.com\/de\/1275376\/","title":{"rendered":"VfB Stuttgart | Astemo wird Club Partner"},"content":{"rendered":"<p>Einer der weltweit f\u00fchrenden Hersteller von Mobilit\u00e4tsl\u00f6sungen f\u00fcr die Automobil- und Motorradindustrie engagiert sich ab sofort partnerschaftlich beim VfB Stuttgart. <\/p>\n<p style=\"padding: 0px; color: windowtext; text-align: left;\">Der VfB Stuttgart begr\u00fc\u00dft mit Astemo einen Neuzugang in den Reihen seiner Club Partner. Das japanische Unternehmen z\u00e4hlt zu den weltweit f\u00fchrenden Herstellern von Mobilit\u00e4tsl\u00f6sungen f\u00fcr die Automobil- und Motorradindustrie in den Bereichen Elektrifizierung, autonomes Fahren und Fahrerassistenz sowie bei Antriebs-, Fahrwerks-, Lenkungs- und Bremssystemen. Astemo Europe hat seinen Sitz in M\u00fcnchen und flankiert mit der Club-Partnerschaft die strategisch geplante Expansion des Unternehmens in Europa und st\u00e4rkt zugleich auch dessen Wahrnehmung als international t\u00e4tiger und zukunftsorientierter Arbeitgeber.\u00a0<\/p>\n<p style=\"padding: 0px; color: windowtext; text-align: left;\">\u201eWir freuen uns sehr, Astemo als neuen Club Partner an unserer Seite begr\u00fc\u00dfen zu d\u00fcrfen. Die Erfolgsstory von Astemo wollen wir im Rahmen dieser Partnerschaft gemeinschaftlich sichtbar werden lassen und dar\u00fcber hinaus auch einen weiteren Zugang zu unserem strategischen Zielmarkt Japan erschlie\u00dfen\u201c, betont <strong>Karsten Petry<\/strong>, Vorstand Marketing und Vertrieb des VfB Stuttgart. <\/p>\n<p style=\"padding: 0px; color: windowtext; text-align: left;\">Astemo wird bei Bundesliga-Heimspielen auf den LED-Banden sowie den Videowalls der MHP Arena sichtbar sein und dar\u00fcber hinaus auf den Social Media-Kan\u00e4len des VfB Pr\u00e4senz zeigen.\u00a0<\/p>\n<p style=\"padding: 0px; color: windowtext; text-align: left;\">\u201eDer VfB Stuttgart steht f\u00fcr sportlichen Anspruch, Teamgeist und eine starke Verbindung zu seiner Region. Diese Werte passen sehr gut zu Astemo und unserem langfristigen Engagement in Europa\u201c, sagt <strong>Doug Bowling<\/strong>, Head of Europe bei Astemo. \u201eDie Partnerschaft bietet uns die M\u00f6glichkeit, Astemo in einem emotionalen und reichweitenstarken Umfeld sichtbarer zu machen und das Unternehmen st\u00e4rker im \u00f6ffentlichen Bewusstsein zu verankern.\u201c\u00a0<\/p>\n<p><a href=\"https:\/\/www.vfb.de\/de\/vfb\/aktuell\/neues\/club\/2026\/herzlich-willkommen--greenox-\/\" rel=\"nofollow noopener\" target=\"_blank\"><\/p>\n<p><img decoding=\"async\" src=\"https:\/\/www.europesays.com\/de\/wp-content\/uploads\/2026\/09\/VfB_GREENOX-4_00000_x_0x0.jpg\" alt=\"Herzlich willkommen, GREENOX!\"\/><\/p>\n<p><\/a><\/p>\n<p><a href=\"https:\/\/www.vfb.de\/de\/vfb\/aktuell\/neues\/profis\/2627\/die-acht-ucl-gegner-des-vfb-im-portraet\/\" rel=\"nofollow noopener\" target=\"_blank\"><\/p>\n<p><img decoding=\"async\" src=\"https:\/\/www.europesays.com\/de\/wp-content\/uploads\/2026\/09\/26-08-27-UCL_Auslosung_001_00000_x_0x0.jpg\" alt=\"Die acht Gegner des VfB im Portr\u00e4t\"\/><\/p>\n<p><\/a><\/p>\n","protected":false},"excerpt":{"rendered":"Einer der weltweit f\u00fchrenden Hersteller von Mobilit\u00e4tsl\u00f6sungen f\u00fcr die Automobil- und Motorradindustrie engagiert sich ab sofort partnerschaftlich beim&hellip;\n","protected":false},"author":2,"featured_media":1275377,"comment_status":"","ping_status":"","sticky":false,"template":"","format":"standard","meta":{"footnotes":"","_share_on_mastodon":"0"},"categories":[1830],"tags":[1634,3364,29,30,1441],"class_list":["post-1275376","post","type-post","status-publish","format-standard","has-post-thumbnail","category-stuttgart","tag-baden-wuerttemberg","tag-de","tag-deutschland","tag-germany","tag-stuttgart"],"share_on_mastodon":{"url":"https:\/\/pubeurope.com\/@de\/117200344439182487","error":""},"_links":{"self":[{"href":"https:\/\/www.europesays.com\/de\/wp-json\/wp\/v2\/posts\/1275376","targetHints":{"allow":["GET"]}}],"collection":[{"href":"https:\/\/www.europesays.com\/de\/wp-json\/wp\/v2\/posts"}],"about":[{"href":"https:\/\/www.europesays.com\/de\/wp-json\/wp\/v2\/types\/post"}],"author":[{"embeddable":true,"href":"https:\/\/www.europesays.com\/de\/wp-json\/wp\/v2\/users\/2"}],"replies":[{"embeddable":true,"href":"https:\/\/www.europesays.com\/de\/wp-json\/wp\/v2\/comments?post=1275376"}],"version-history":[{"count":0,"href":"https:\/\/www.europesays.com\/de\/wp-json\/wp\/v2\/posts\/1275376\/revisions"}],"wp:featuredmedia":[{"embeddable":true,"href":"https:\/\/www.europesays.com\/de\/wp-json\/wp\/v2\/media\/1275377"}],"wp:attachment":[{"href":"https:\/\/www.europesays.com\/de\/wp-json\/wp\/v2\/media?parent=1275376"}],"wp:term":[{"taxonomy":"category","embeddable":true,"href":"https:\/\/www.europesays.com\/de\/wp-json\/wp\/v2\/categories?post=1275376"},{"taxonomy":"post_tag","embeddable":true,"href":"https:\/\/www.europesays.com\/de\/wp-json\/wp\/v2\/tags?post=1275376"}],"curies":[{"name":"wp","href":"https:\/\/api.w.org\/{rel}","templated":true}]}}