{"id":1275386,"date":"2026-09-02T07:52:28","date_gmt":"2026-09-02T07:52:28","guid":{"rendered":"https:\/\/www.europesays.com\/de\/1275386\/"},"modified":"2026-09-02T07:52:28","modified_gmt":"2026-09-02T07:52:28","slug":"nothalt-im-tunnel-offene-tuer-in-muenchner-ice-sorgt-fuer-grosseinsatz","status":"publish","type":"post","link":"https:\/\/www.europesays.com\/de\/1275386\/","title":{"rendered":"Nothalt im Tunnel: Offene T\u00fcr in M\u00fcnchner ICE sorgt f\u00fcr Gro\u00dfeinsatz"},"content":{"rendered":"<p>Auf einer Fahrt durch Unterfranken mit rund 200 Kilometern pro Stunde hat sich bei einem ICE aus ungekl\u00e4rter Ursache eine Waggont\u00fcr ge\u00f6ffnet. Der Lokf\u00fchrer habe den Schnellzug sofort gestoppt, teilte die Bundespolizei mit.<\/p>\n<p>ICE von M\u00fcnchen nach Dortmund: Hilfskr\u00e4fte versorgen 238 Fahrg\u00e4ste<\/p>\n<p>Der ICE kam am Eingangsportal eines Tunnels bei Karlstadt (Landkreis Main-Spessart) zum Stehen und wurde evakuiert. Es wurde niemand verletzt.<\/p>\n<p>Der Vorfall ereignete sich am Dienstagabend auf der Fahrt von M\u00fcnchen nach Dortmund. An Bord des ICE 528 befanden sich 238 Reisende. Sie wurden aus dem Zug gebracht und von Hilfskr\u00e4ften versorgt.<\/p>\n<p>Ist jemand aus dem Zug gefallen? Aufwendige Suche bei Dunkelheit\u00a0\u00a0<\/p>\n<p>Weil laut Bundespolizei zun\u00e4chst nicht ausgeschlossen werden konnte, dass jemand aus dem Zug gest\u00fcrzt und verletzt worden war, suchten Einsatzkr\u00e4fte von Bundes- und Landespolizei, Feuerwehr und Rettungsdiensten den Streckenabschnitt vor dem Sch\u00f6nraintunnel mit Drohne, Hundestaffel sowie Hubschrauber und W\u00e4rmebildtechnik ab.<\/p>\n<p>  <img decoding=\"async\" loading=\"lazy\" src=\"https:\/\/www.europesays.com\/de\/wp-content\/uploads\/2026\/09\/1736368_ice-faehrt-mit-offener-tuer_artikelbild_1GBX-Q_CGFeAn.jpg\" alt=\"Der Lokf\u00fchrer hatte umgehend eine Notbremsung eingeleitet.\" title=\"Der Lokf\u00fchrer hatte umgehend eine Notbremsung eingeleitet.\" width=\"812\" height=\"459\"\/><\/p>\n<p>      Der Lokf\u00fchrer hatte umgehend eine Notbremsung eingeleitet.<br \/>\n      \u00a9 Pascal H\u00f6fig\/News5\/dpa<\/p>\n<p>    Der Lokf\u00fchrer hatte umgehend eine Notbremsung eingeleitet.<\/p>\n<p>von Pascal H\u00f6fig\/News5\/dpa <\/p>\n<p>&#8222;}&#8220;&gt; <\/p>\n<p>Die Suche sei aufgrund des unwegsamen Gel\u00e4ndes und der Dunkelheit aufwendig gewesen, hie\u00df es. Gefunden wurde niemand. Der Zug wurde schlie\u00dflich in den Bahnhof von Lohr am Main gebracht, um der Ursache f\u00fcr den Vorfall auf den Grund zu gehen.<\/p>\n","protected":false},"excerpt":{"rendered":"Auf einer Fahrt durch Unterfranken mit rund 200 Kilometern pro Stunde hat sich bei einem ICE aus ungekl\u00e4rter&hellip;\n","protected":false},"author":2,"featured_media":1275387,"comment_status":"","ping_status":"","sticky":false,"template":"","format":"standard","meta":{"footnotes":"","_share_on_mastodon":"0"},"categories":[1827],"tags":[772,421,5219,2030,29,217,985,223719,30,3786,2229,15024,1268,223835,121,4733,33826,3757,2036],"class_list":["post-1275386","post","type-post","status-publish","format-standard","has-post-thumbnail","category-muenchen","tag-bayern","tag-bundespolizei","tag-db","tag-deutsche-bahn","tag-deutschland","tag-dortmund","tag-feuerwehr","tag-gemuenden","tag-germany","tag-grosseinsatz","tag-ice","tag-lokfuehrer","tag-muenchen","tag-nothalt","tag-polizei","tag-tunnel","tag-tuer","tag-unterfranken","tag-zug"],"share_on_mastodon":{"url":"https:\/\/pubeurope.com\/@de\/117200364884242047","error":""},"_links":{"self":[{"href":"https:\/\/www.europesays.com\/de\/wp-json\/wp\/v2\/posts\/1275386","targetHints":{"allow":["GET"]}}],"collection":[{"href":"https:\/\/www.europesays.com\/de\/wp-json\/wp\/v2\/posts"}],"about":[{"href":"https:\/\/www.europesays.com\/de\/wp-json\/wp\/v2\/types\/post"}],"author":[{"embeddable":true,"href":"https:\/\/www.europesays.com\/de\/wp-json\/wp\/v2\/users\/2"}],"replies":[{"embeddable":true,"href":"https:\/\/www.europesays.com\/de\/wp-json\/wp\/v2\/comments?post=1275386"}],"version-history":[{"count":0,"href":"https:\/\/www.europesays.com\/de\/wp-json\/wp\/v2\/posts\/1275386\/revisions"}],"wp:featuredmedia":[{"embeddable":true,"href":"https:\/\/www.europesays.com\/de\/wp-json\/wp\/v2\/media\/1275387"}],"wp:attachment":[{"href":"https:\/\/www.europesays.com\/de\/wp-json\/wp\/v2\/media?parent=1275386"}],"wp:term":[{"taxonomy":"category","embeddable":true,"href":"https:\/\/www.europesays.com\/de\/wp-json\/wp\/v2\/categories?post=1275386"},{"taxonomy":"post_tag","embeddable":true,"href":"https:\/\/www.europesays.com\/de\/wp-json\/wp\/v2\/tags?post=1275386"}],"curies":[{"name":"wp","href":"https:\/\/api.w.org\/{rel}","templated":true}]}}