{"id":1275401,"date":"2026-09-02T08:03:20","date_gmt":"2026-09-02T08:03:20","guid":{"rendered":"https:\/\/www.europesays.com\/de\/1275401\/"},"modified":"2026-09-02T08:03:20","modified_gmt":"2026-09-02T08:03:20","slug":"schlaege-in-berliner-u-bahnhof-polizei-sucht-tatverdaechtigen-nach-gewalttat-am-kottbusser-tor","status":"publish","type":"post","link":"https:\/\/www.europesays.com\/de\/1275401\/","title":{"rendered":"Schl\u00e4ge in Berliner U-Bahnhof: Polizei sucht Tatverd\u00e4chtigen nach Gewalttat am Kottbusser Tor"},"content":{"rendered":"<p class=\"tspBAkv tspBAkw\">Die Berliner Polizei sucht Zeugen einer Gewalttat im<strong> U-Bahnhof Kottbusser Tor<\/strong> in Kreuzberg und fahndet nach dem mutma\u00dflichen T\u00e4ter. Am Mittwoch ver\u00f6ffentlichte die Beh\u00f6rde daf\u00fcr ein Foto eines jungen Mannes.<\/p>\n<p class=\"tspBAkv\">Er soll am <strong>26. Mai 2025 gegen 18.20 Uhr<\/strong> die T\u00fcren einer <strong>U-Bahn der Linie U8 in Fahrtrichtung Hermannstra\u00dfe <\/strong>teilweise versperrt haben. Ein 48-J\u00e4hriger habe sich deshalb an dem jungen Mann vorbeigedr\u00e4ngelt, teilte die Kriminalpolizei mit. Es kam zum Streit, in dessen Verlauf der Gesuchte dem Fahrgast mehrfach mit der Faust<strong> ins Gesicht sowie gegen den Hinterkopf geschlagen<\/strong> haben soll. Der 48-J\u00e4hrige erlitt eine Platzwunde und Hautabsch\u00fcrfungen.<\/p>\n<p class=\"tspBAkv\"><strong>Die Ermittler fragen:<\/strong><\/p>\n<ul data-qa-hook=\"story-list-ul\" class=\"tspBVm5\">\n<li class=\"tspBVfz tspBVfz\">Wer kann Angaben zur Identit\u00e4t und\/oder dem Aufenthaltsort des Abgebildeten machen?<\/li>\n<li class=\"tspBVfz tspBVfz\">Wer hat die Tat gesehen und kann Angaben zu dem Vorfall machen?<\/li>\n<li class=\"tspBVfz tspBVfz\">Wer kann sonstige sachdienliche Hinweise f\u00fcr die Ermittlungen geben?<\/li>\n<\/ul>\n<p class=\"tspBAkv\">Hinweise nimmt das zust\u00e4ndige Fachkommissariat der Polizeidirektion 5 (City) in der Perleberger Stra\u00dfe 16a in 10559 Berlin-Moabit unter der Rufnummer<strong> (030) 4664\u2013574215 <\/strong>(zu B\u00fcrodienstzeiten) oder<strong> (030) 4664\u2013571100 <\/strong>(au\u00dferhalb der B\u00fcrodienstzeiten) sowie per <strong>E-Mail an <a href=\"https:\/\/www.tagesspiegel.de\/berlin\/polizei-justiz\/mailto:dir5k42@polizei.berlin.de\" target=\"_blank\" rel=\"noopener nofollow\" class=\"link link--external\" data-gtm-class=\"article-text-link\" data-gtm-val=\"external\" aria-describedby=\"message-target-blank\">dir5k42@polizei.berlin.de<\/a><\/strong> entgegen. Auch bei jeder anderen Polizeidienststelle oder \u00fcber die <a href=\"https:\/\/www.internetwache-polizei-berlin.de\/\" target=\"_blank\" rel=\"noopener nofollow\" class=\"link link--external\" data-gtm-class=\"article-text-link\" data-gtm-val=\"external\" aria-describedby=\"message-target-blank\"><strong>Internetwache<\/strong><\/a><strong> <\/strong>k\u00f6nnen sich Zeuginnen und Zeugen melden. (Tsp)<\/p>\n","protected":false},"excerpt":{"rendered":"Die Berliner Polizei sucht Zeugen einer Gewalttat im U-Bahnhof Kottbusser Tor in Kreuzberg und fahndet nach dem mutma\u00dflichen&hellip;\n","protected":false},"author":2,"featured_media":1275402,"comment_status":"","ping_status":"","sticky":false,"template":"","format":"standard","meta":{"footnotes":"","_share_on_mastodon":"0"},"categories":[1825],"tags":[296,29,30,17250],"class_list":["post-1275401","post","type-post","status-publish","format-standard","has-post-thumbnail","category-berlin","tag-berlin","tag-deutschland","tag-germany","tag-kottbusser-tor"],"share_on_mastodon":{"url":"https:\/\/pubeurope.com\/@de\/117200408405493124","error":""},"_links":{"self":[{"href":"https:\/\/www.europesays.com\/de\/wp-json\/wp\/v2\/posts\/1275401","targetHints":{"allow":["GET"]}}],"collection":[{"href":"https:\/\/www.europesays.com\/de\/wp-json\/wp\/v2\/posts"}],"about":[{"href":"https:\/\/www.europesays.com\/de\/wp-json\/wp\/v2\/types\/post"}],"author":[{"embeddable":true,"href":"https:\/\/www.europesays.com\/de\/wp-json\/wp\/v2\/users\/2"}],"replies":[{"embeddable":true,"href":"https:\/\/www.europesays.com\/de\/wp-json\/wp\/v2\/comments?post=1275401"}],"version-history":[{"count":0,"href":"https:\/\/www.europesays.com\/de\/wp-json\/wp\/v2\/posts\/1275401\/revisions"}],"wp:featuredmedia":[{"embeddable":true,"href":"https:\/\/www.europesays.com\/de\/wp-json\/wp\/v2\/media\/1275402"}],"wp:attachment":[{"href":"https:\/\/www.europesays.com\/de\/wp-json\/wp\/v2\/media?parent=1275401"}],"wp:term":[{"taxonomy":"category","embeddable":true,"href":"https:\/\/www.europesays.com\/de\/wp-json\/wp\/v2\/categories?post=1275401"},{"taxonomy":"post_tag","embeddable":true,"href":"https:\/\/www.europesays.com\/de\/wp-json\/wp\/v2\/tags?post=1275401"}],"curies":[{"name":"wp","href":"https:\/\/api.w.org\/{rel}","templated":true}]}}