{"id":1275422,"date":"2026-09-02T08:16:23","date_gmt":"2026-09-02T08:16:23","guid":{"rendered":"https:\/\/www.europesays.com\/de\/1275422\/"},"modified":"2026-09-02T08:16:23","modified_gmt":"2026-09-02T08:16:23","slug":"russische-desinformation-fake-streit-zwischen-tschechien-und-polen","status":"publish","type":"post","link":"https:\/\/www.europesays.com\/de\/1275422\/","title":{"rendered":"Russische Desinformation? Fake-Streit zwischen Tschechien und Polen"},"content":{"rendered":"<p>            <img loading=\"lazy\" decoding=\"async\" class=\"ts-image\" src=\"https:\/\/www.europesays.com\/de\/wp-content\/uploads\/2026\/09\/screenshot-website-100.jpg\" alt=\"Screenshot eines Fake-Artikels auf einer eigens eingerichteten Seite &quot;lrozhlas.cz&quot;, die sich als das tschechische \u00f6ffentlich-rechtliche Rundfunkportal &quot;irozhlas.cz&quot; ausgibt.\" title=\"Screenshot eines Fake-Artikels auf einer eigens eingerichteten Website, die sich als das tschechische \u00f6ffentlich-rechtliche Rundfunkportal &quot;irozhlas.cz&quot; ausgibt. | lrozhlas.cz\"\/><\/p>\n<p class=\"metatextline\">Stand: 02.09.2026 \u2022 08:50 Uhr<\/p>\n<p class=\"article-head__shorttext\">\n        <strong>Polnische Gebietsanspr\u00fcche im Grenzgebiet zu Tschechien galten bislang als bedeutungslose Fu\u00dfnote der Geschichte. Bis es k\u00fcrzlich hie\u00df, Polen bestehe auf die R\u00fcckgabe. Mittlerweile ist klar: Alles frei erfunden.<\/strong>\n    <\/p>\n<p>                                    <a class=\"authorline__link\" href=\"https:\/\/www.tagesschau.de\/korrespondenten\/danko-handrick-109.html\" rel=\"nofollow noopener\" target=\"_blank\"><br \/>\n                                        <img decoding=\"async\" class=\"authorline__img\" alt=\"Danko Handrick\" src=\"https:\/\/www.europesays.com\/de\/wp-content\/uploads\/2026\/09\/handrick-101.jpg\"\/><br \/>\n                                    <\/a><\/p>\n<p class=\"textabsatz m-ten m-offset-one l-eight l-offset-two columns twelve\">Ein gro\u00dfes Thema in den tschechisch-polnischen Beziehungen waren die knapp 400 Hektar bislang nicht &#8211; allenfalls eine historische Fu\u00dfnote, f\u00fcr die sich bereits eine L\u00f6sung abzeichnete. Bei einer Grenzbegradigung im Jahr 1958 \u00fcberlie\u00df Polen der damaligen Tschechoslowakei rund 368 Hektar mehr als es im Gegenzug erhielt.<\/p>\n<p class=\"textabsatz m-ten m-offset-one l-eight l-offset-two columns twelve\">Zuletzt verhandelten beide L\u00e4nder dar\u00fcber, die Differenz durch gemeinsame Hochwasserschutzprojekte auszugleichen. So weit eine Geschichte, die selbst in der betroffenen Grenzregion rund um Cesky Tesin allenfalls einige Landwirte interessierte.<\/p>\n<p>    Gef\u00e4lschte Profile und Regierungsschreiben<\/p>\n<p class=\"textabsatz m-ten m-offset-one l-eight l-offset-two columns twelve\">Doch pl\u00f6tzlich standen polnische Gebietsanspr\u00fcche gegen Tschechien neu und mit Nachdruck im Raum. Unbekannte hackten die Seite eines polnischen Radiosenders und verbreiteten dort die Meldung, Polen fordere die Herausgabe tschechischen Gebietes.<\/p>\n<p class=\"textabsatz m-ten m-offset-one l-eight l-offset-two columns twelve\">Es folgten gef\u00e4lschte Profile tschechischer und polnischer Diplomaten, ein falsches polnisches Regierungsschreiben, eine harsche und ebenso falsche tschechische Zur\u00fcckweisung und eine t\u00e4uschend echte Kopie des \u00f6ffentlich-rechtlichen Nachrichtenportals iRozhlas.<\/p>\n<p class=\"textabsatz m-ten m-offset-one l-eight l-offset-two columns twelve\">Schlie\u00dflich rief ein offenbar frei erfundener Organisator im Netz sogar zu einer Demonstration in der tschechischen Grenzstadt Trinec auf &#8211; der Slogan &#8222;Hier wohnen wir. Hier bleiben wir&#8220; sollte offensichtlich \u00c4ngste vor Enteignung und Vertreibung sch\u00fcren. Innerhalb weniger Tage wurde so aus einer historischen Fu\u00dfnote ein scheinbar echter internationaler Konflikt.<\/p>\n<p class=\"absatzbild__info__text\">\n                        Ein via Social Media verbreiteter Aufruf zu einer anti-polnischen Demonstration.\n                    <\/p>\n<p>    Historisch umstrittenes Gebiet<\/p>\n<p class=\"textabsatz m-ten m-offset-one l-eight l-offset-two columns twelve\">Die Desinformationskampagne versucht, die Flammen eines alten Streits neu zu entfachen. Die Grenzstadt Cesky Tesin (wie sie auf Tschechisch hei\u00dft) \/ Ciezsyn (wie sie in Polen hei\u00dft) war nach dem Ende des Ersten Weltkriegs lange umstritten. 1919 setzte die junge Tschechoslowakei ihre Anspr\u00fcche in einem Sieben-Tage-Krieg milit\u00e4risch durch.<\/p>\n<p class=\"textabsatz m-ten m-offset-one l-eight l-offset-two columns twelve\">Nach dem M\u00fcnchner Abkommen besetzte Polen 1938 das Gebiet. W\u00e4hrend des Zweiten Weltkriegs war es von Deutschland annektiert. 1945 wurde der polnisch-tschechoslowakische Grenzverlauf von 1920 wiederhergestellt, der die Stadt erneut in Cieszyn und Cesky Tesin teilte.<\/p>\n<p class=\"textabsatz m-ten m-offset-one l-eight l-offset-two columns twelve\">Erst der tschechisch-polnische Grenzvertrag von 1958 sorgte f\u00fcr Stabilit\u00e4t. Und nach dem Beitritt beider L\u00e4nder zur EU 2004 und zur Schengen-Zone 2007 fanden auch die B\u00fcrger der geteilten Stadt zusammen. Die Beziehungen seien heute endlich frei von Problemen &#8211; umso mehr \u00e4rgert es viele hier, dass alter Hass angefacht werden soll.<\/p>\n<p class=\"absatzbild__info__text\">\n                        &#8222;Reksio und der kleine Maulwurf wissen es schon lange: Polen und Tschechien sind echte Freunde&#8220;, postete der polnische Premier Tusk als Antwort auf die Desinformationskampagne.\n                    <\/p>\n<p>    &#8222;Vorfall nicht untersch\u00e4tzen&#8220;<\/p>\n<p class=\"textabsatz m-ten m-offset-one l-eight l-offset-two columns twelve\">Wie viele Menschen die gef\u00e4lschten Meldungen tats\u00e4chlich ernst nahmen, ist nicht bekannt. Dem gefakten Demonstrationsaufruf sei niemand gefolgt, sagte ein Vertreter der Stadt Trinec. Doch tschechische und polnische Politiker sind alarmiert.<\/p>\n<p class=\"textabsatz m-ten m-offset-one l-eight l-offset-two columns twelve\">Der polnische Premier Donald Tusk reagierte prompt: Er postete ein Bild der beiden Zeichentrick-Kinderhelden Reksio und des kleinen Maulwurfs &#8211; eintr\u00e4chtig nebeneinander. Dazu schrieb er auf Tschechisch: &#8222;Reksio und der kleine Maulwurf wissen es schon lange: Polen und Tschechien sind echte Freunde.&#8220;<\/p>\n<p class=\"textabsatz m-ten m-offset-one l-eight l-offset-two columns twelve\">Doch Geheimdienste beider L\u00e4nder sprechen von einem ernsten Vorfall und ermitteln gemeinsam. &#8222;Wir d\u00fcrfen die Sache keinesfalls untersch\u00e4tzen. Sie tr\u00e4gt alle Merkmale einer typischen russischen Desinformationskampagne&#8220;, sagte der Sprecher des tschechischen Inlandsgeheimdienstes BIS, Ladislav Sticha, im Gespr\u00e4ch mit der ARD. Die bisherigen Erkenntnisse deuteten darauf hin, dass Russland und seine Geheimdienste hinter der Aktion steckten. Die Ermittlungen seien allerdings noch nicht abgeschlossen.<\/p>\n<p>    L\u00e4ngst einvernehmliche L\u00f6sung in Sicht<\/p>\n<p class=\"textabsatz m-ten m-offset-one l-eight l-offset-two columns twelve\">Das Ziel sei eindeutig: Mithilfe eines alten historischen Streits solle Zwietracht zwischen Polen und Tschechien ges\u00e4t werden &#8211; zwei L\u00e4ndern, die die Ukraine unterst\u00fctzen. F\u00fcr Tschechiens Au\u00dfenminister Petr Macinka haben die Urheber damit jedoch das Gegenteil ihres Ziels erreicht.<\/p>\n<p class=\"textabsatz m-ten m-offset-one l-eight l-offset-two columns twelve\">Polen und Tschechien h\u00e4tten schnell und geschlossen reagiert &#8211; und zugleich \u00f6ffentlich gemacht, dass f\u00fcr den alten Grenzstreit l\u00e4ngst eine einvernehmliche L\u00f6sung gesucht werde. Tschechien soll demnach kein Gebiet abtreten, sondern sich st\u00e4rker an gemeinsamen Hochwasserschutzprojekten beteiligen.<\/p>\n<p class=\"textabsatz m-ten m-offset-one l-eight l-offset-two columns twelve\">Statt die beiden Nachbarn zu entzweien, habe die Kampagne so vor allem gezeigt, wie eng sie inzwischen zusammenstehen. Aus dem herbeigef\u00e4lschten Bruderkrieg wurde eine demonstrative Verbr\u00fcderung &#8211; mit Reksio und dem kleinen Maulwurf als Friedensstiftern.<\/p>\n<p class=\"textabsatz m-ten m-offset-one l-eight l-offset-two columns twelve\">Ein Happy End? Nicht unbedingt, denn dem Desinformator muss es gar nicht darum gehen, eine L\u00fcge dauerhaft glaubhaft zu machen. Es reiche, hier und da Zweifel zu s\u00e4en, alte Konflikte wiederzubeleben und das Vertrauen in Politik, Medien und Nachbarn zu untergraben, so Geheimdienstmitarbeiter &#8211; um so eine Gesellschaft langsam von innen heraus zu zersetzen.<\/p>\n","protected":false},"excerpt":{"rendered":"Stand: 02.09.2026 \u2022 08:50 Uhr Polnische Gebietsanspr\u00fcche im Grenzgebiet zu Tschechien galten bislang als bedeutungslose Fu\u00dfnote der Geschichte.&hellip;\n","protected":false},"author":2,"featured_media":1275423,"comment_status":"","ping_status":"","sticky":false,"template":"","format":"standard","meta":{"footnotes":"","_share_on_mastodon":"0"},"categories":[3],"tags":[13,14,15,3917,307,12,10,8,9,11,12475,103,104],"class_list":["post-1275422","post","type-post","status-publish","format-standard","has-post-thumbnail","category-welt","tag-headlines","tag-nachrichten","tag-news","tag-polen","tag-russland","tag-schlagzeilen","tag-top-news","tag-top-meldungen","tag-topmeldungen","tag-topnews","tag-tschechien","tag-welt","tag-world"],"share_on_mastodon":{"url":"https:\/\/pubeurope.com\/@de\/117200462152619670","error":""},"_links":{"self":[{"href":"https:\/\/www.europesays.com\/de\/wp-json\/wp\/v2\/posts\/1275422","targetHints":{"allow":["GET"]}}],"collection":[{"href":"https:\/\/www.europesays.com\/de\/wp-json\/wp\/v2\/posts"}],"about":[{"href":"https:\/\/www.europesays.com\/de\/wp-json\/wp\/v2\/types\/post"}],"author":[{"embeddable":true,"href":"https:\/\/www.europesays.com\/de\/wp-json\/wp\/v2\/users\/2"}],"replies":[{"embeddable":true,"href":"https:\/\/www.europesays.com\/de\/wp-json\/wp\/v2\/comments?post=1275422"}],"version-history":[{"count":0,"href":"https:\/\/www.europesays.com\/de\/wp-json\/wp\/v2\/posts\/1275422\/revisions"}],"wp:featuredmedia":[{"embeddable":true,"href":"https:\/\/www.europesays.com\/de\/wp-json\/wp\/v2\/media\/1275423"}],"wp:attachment":[{"href":"https:\/\/www.europesays.com\/de\/wp-json\/wp\/v2\/media?parent=1275422"}],"wp:term":[{"taxonomy":"category","embeddable":true,"href":"https:\/\/www.europesays.com\/de\/wp-json\/wp\/v2\/categories?post=1275422"},{"taxonomy":"post_tag","embeddable":true,"href":"https:\/\/www.europesays.com\/de\/wp-json\/wp\/v2\/tags?post=1275422"}],"curies":[{"name":"wp","href":"https:\/\/api.w.org\/{rel}","templated":true}]}}