{"id":1275431,"date":"2026-09-02T08:22:26","date_gmt":"2026-09-02T08:22:26","guid":{"rendered":"https:\/\/www.europesays.com\/de\/1275431\/"},"modified":"2026-09-02T08:22:26","modified_gmt":"2026-09-02T08:22:26","slug":"verteidiger-ivezic-verlaesst-holstein-kiel","status":"publish","type":"post","link":"https:\/\/www.europesays.com\/de\/1275431\/","title":{"rendered":"Verteidiger Ivezi\u0107 verl\u00e4sst Holstein kiel"},"content":{"rendered":"<p>2. Fu\u00dfball-Bundesliga <\/p>\n<p>Verteidiger Ivezi\u0107 verl\u00e4sst Holstein kiel<\/p>\n<p>Aktualisiert am 02.09.2026 &#8211; 09:47 UhrLesedauer: 1 Min.<\/p>\n<p><a href=\"#focus-0\" class=\"transition-colors block text-current relative\" data-sctrack=\"FocusGalleryImage.Reference\"><img fetchpriority=\"high\" data-testid=\"Opener.Image\"   loading=\"eager\" src=\"https:\/\/www.europesays.com\/de\/wp-content\/uploads\/2026\/09\/nicht-mehr-fuer-holstein-kiel-am-ball-verteidiger-marko-ivezic-l-archivbild.jpg\" alt=\"Marko Ivezi\u0107\" title=\"Marko Ivezi\u0107\" width=\"2048\" height=\"1152\" class=\"bg-[url:var(--lqipURL)] bg-cover bg-center flex h-full w-full max-w-full\" style=\"--lqipURL:url('https:\/\/images.t-online.de\/2026\/09\/cHJLF6JHrK3S\/0x107:2048x1152\/fit-in\/150x0\/filters:blur(25)\/nicht-mehr-fuer-holstein-kiel-am-ball-verteidiger-marko-ivezic-l-archivbild.jpg')\" decoding=\"async\"\/><img loading=\"lazy\" src=\"https:\/\/www.t-online.de\/s\/paper\/_next\/static\/media\/zoom-in.f7dae02f.svg\" alt=\"Vergr\u00f6\u00dfern des Bildes\" title=\"Vergr\u00f6\u00dfern des Bildes\" class=\"block h-[calc(var(--height)_\/_16_*_1rem)] w-[calc(var(--width)_\/_16_*_1rem)] max-w-none absolute right-8 bottom-8 rounded-4 bg-snow p-8\" style=\"--width:32;--height:32\" decoding=\"async\"\/><\/a><\/p>\n<p>Nicht mehr f\u00fcr Holstein Kiel am Ball: Verteidiger Marko Ivezi\u0107 (l). (Archivbild) (Quelle: Philipp Szyza\/dpa\/dpa-bilder)<\/p>\n<p><img loading=\"lazy\" src=\"https:\/\/www.t-online.de\/s\/paper\/_next\/static\/media\/audio-volume.6689034c.svg\" alt=\"\" title=\"\" class=\"block h-[calc(var(--height)_\/_16_*_1rem)] w-[calc(var(--width)_\/_16_*_1rem)] max-w-none group-hover:brightness-0 group-hover:invert\" style=\"--width:16;--height:16\" decoding=\"async\"\/>Vorlesen<\/p>\n<p>Aktuelle Zeit:0:00Gesamtdauer:0:00<\/p>\n<p>1x<img loading=\"lazy\" src=\"https:\/\/www.t-online.de\/s\/paper\/_next\/static\/media\/font-sizes.32942e33.svg\" alt=\"\" title=\"\" class=\"block h-[calc(var(--height)_\/_16_*_1rem)] w-[calc(var(--width)_\/_16_*_1rem)] max-w-none group-hover:hidden group-aria-expanded:hidden\" style=\"--width:16;--height:16\" decoding=\"async\"\/><img loading=\"lazy\" src=\"https:\/\/www.t-online.de\/s\/paper\/_next\/static\/media\/font-sizes-dark-mode.e382645c.svg\" alt=\"\" title=\"\" class=\"block h-[calc(var(--height)_\/_16_*_1rem)] w-[calc(var(--width)_\/_16_*_1rem)] max-w-none hidden group-hover:block group-aria-expanded:block\" style=\"--width:16;--height:16\" decoding=\"async\"\/><img loading=\"lazy\" src=\"https:\/\/www.t-online.de\/s\/paper\/_next\/static\/media\/sharing-menu-icon.1eb71368.svg\" alt=\"\" title=\"\" class=\"block h-[calc(var(--height)_\/_16_*_1rem)] w-[calc(var(--width)_\/_16_*_1rem)] max-w-none group-hover:brightness-0 group-hover:invert\" style=\"--width:16;--height:16\" decoding=\"async\"\/>Artikel teilen<\/p>\n<p class=\"font-bold text-18 leading-17 user-text-lg:text-22 user-text-xl:text-24\">Nach drei Jahren verabschiedet sich Marko Ivezi\u0107 von Holstein Kiel. Unter Trainer Tim Walter hat der Serbe keine Perspektive mehr beim Zweitligisten. Den Verteidiger zieht es nach Schottland.<\/p>\n<p class=\"text-18 leading-17 user-text-lg:text-22 user-text-xl:text-24\">Zum Abschluss der Sommer-Transferperiode verabschiedet Fu\u00dfball-Zweitligist Holstein Kiel seinen Verteidiger Marko Ivezi\u0107. Nach drei Jahren an der F\u00f6rde wechselt der 24-J\u00e4hrige zum schottischen Erstligisten Hibernian Edinburgh. <\/p>\n<p class=\"text-18 leading-17 user-text-lg:text-22 user-text-xl:text-24\">Der Serbe bestritt 87 Pflichtspiele f\u00fcr die Kieler, darunter 23 Bundesliga-Spiele. Er war ma\u00dfgeblich am Aufstieg der KSV Holstein 2024 in die Bundesliga beteiligt. 2025 stieg er mit den Norddeutschen wieder ab. In der aktuellen Spielzeit spielte er unter Trainer Tim Walter kaum noch eine Rolle. In der bisherigen Saison kam Ivezi\u0107 in drei Spielen in der 2. Bundesliga und einer Partie im DFB-Pokal nur auf einen Einsatz von sechs Minuten. <\/p>\n<p class=\"text-18 leading-17 user-text-lg:text-22 user-text-xl:text-24\">&#8222;Marko Ivezi\u0107 hat in den vergangenen Jahren den Weg der KSV mit seinem vorbildlichen Einsatz und seiner ruhigen Ausstrahlung mitgepr\u00e4gt&#8220;, sagte Sport-Gesch\u00e4ftsf\u00fchrer Olaf Rebbe in der Club-Mitteilung. &#8222;Wir konnten ihm aktuell nicht die Spielzeit und die Perspektive bieten, die er sich vorstellt.&#8220; Daher respektiere der Verein den Wunsch des Spielers, sich einer neuen Aufgabe zu stellen.<\/p>\n","protected":false},"excerpt":{"rendered":"2. Fu\u00dfball-Bundesliga Verteidiger Ivezi\u0107 verl\u00e4sst Holstein kiel Aktualisiert am 02.09.2026 &#8211; 09:47 UhrLesedauer: 1 Min. Nicht mehr f\u00fcr&hellip;\n","protected":false},"author":2,"featured_media":1275432,"comment_status":"","ping_status":"","sticky":false,"template":"","format":"standard","meta":{"footnotes":"","_share_on_mastodon":"0"},"categories":[1852],"tags":[621,3364,29,548,663,3934,485,30,13,75056,29068,10243,4949,263226,14,15,12,1971,5383,29733],"class_list":["post-1275431","post","type-post","status-publish","format-standard","has-post-thumbnail","category-kiel","tag-2-bundesliga","tag-de","tag-deutschland","tag-eu","tag-europa","tag-europe","tag-fussball-bundesliga","tag-germany","tag-headlines","tag-hibernian-edinburgh","tag-holstein","tag-holstein-kiel","tag-kiel","tag-marko-ivezic","tag-nachrichten","tag-news","tag-schlagzeilen","tag-schleswig-holstein","tag-schottland","tag-tim-walter"],"share_on_mastodon":{"url":"https:\/\/pubeurope.com\/@de\/117200483433187301","error":""},"_links":{"self":[{"href":"https:\/\/www.europesays.com\/de\/wp-json\/wp\/v2\/posts\/1275431","targetHints":{"allow":["GET"]}}],"collection":[{"href":"https:\/\/www.europesays.com\/de\/wp-json\/wp\/v2\/posts"}],"about":[{"href":"https:\/\/www.europesays.com\/de\/wp-json\/wp\/v2\/types\/post"}],"author":[{"embeddable":true,"href":"https:\/\/www.europesays.com\/de\/wp-json\/wp\/v2\/users\/2"}],"replies":[{"embeddable":true,"href":"https:\/\/www.europesays.com\/de\/wp-json\/wp\/v2\/comments?post=1275431"}],"version-history":[{"count":0,"href":"https:\/\/www.europesays.com\/de\/wp-json\/wp\/v2\/posts\/1275431\/revisions"}],"wp:featuredmedia":[{"embeddable":true,"href":"https:\/\/www.europesays.com\/de\/wp-json\/wp\/v2\/media\/1275432"}],"wp:attachment":[{"href":"https:\/\/www.europesays.com\/de\/wp-json\/wp\/v2\/media?parent=1275431"}],"wp:term":[{"taxonomy":"category","embeddable":true,"href":"https:\/\/www.europesays.com\/de\/wp-json\/wp\/v2\/categories?post=1275431"},{"taxonomy":"post_tag","embeddable":true,"href":"https:\/\/www.europesays.com\/de\/wp-json\/wp\/v2\/tags?post=1275431"}],"curies":[{"name":"wp","href":"https:\/\/api.w.org\/{rel}","templated":true}]}}