{"id":1275435,"date":"2026-09-02T08:25:14","date_gmt":"2026-09-02T08:25:14","guid":{"rendered":"https:\/\/www.europesays.com\/de\/1275435\/"},"modified":"2026-09-02T08:25:14","modified_gmt":"2026-09-02T08:25:14","slug":"braunschweig-steht-kopf-was-besucher-des-magnifests-wissen-muessen","status":"publish","type":"post","link":"https:\/\/www.europesays.com\/de\/1275435\/","title":{"rendered":"Braunschweig steht Kopf: Was Besucher des Magnifests wissen m\u00fcssen"},"content":{"rendered":"\n<p class=\"wp-block-paragraph\">Am Wochenende wird es im Braunschweiger Magniviertel wieder voll. Wer sich zum Magnifest aufmacht, sollte vor dem Losziehen allerdings noch einen kurzen Blick auf das eigene Getr\u00e4nk werfen. Denn ausgerechnet die klassische Glasflasche kann Besuchern am Eingang beziehungsweise bei einer Kontrolle einen Strich durch die Rechnung machen.<\/p>\n<p class=\"wp-block-paragraph\">Die Stadt Braunschweig hat f\u00fcr das Magnifest erneut ein Glasbeh\u00e4ltnisverbot erlassen. Es gilt von Freitag (4. September) um 18 Uhr durchgehend bis Sonntag (6. September) um 24 Uhr im Magniviertel.<\/p>\n<p> Magnifest in Braunschweig: Glas muss drau\u00dfen bleiben <\/p>\n<p class=\"wp-block-paragraph\">Konkret bedeutet das: Au\u00dferhalb geschlossener R\u00e4ume d\u00fcrfen im betroffenen Bereich keine Flaschen oder anderen Beh\u00e4ltnisse aus Glas mitgef\u00fchrt oder benutzt werden. Dabei spielt es keine Rolle, was drin ist. Das Verbot betrifft alkoholische genauso wie alkoholfreie Getr\u00e4nke.<\/p>\n<p class=\"wp-block-paragraph\">Polizei und Zentraler Ordnungsdienst wollen w\u00e4hrend des Magnifests mit Streifeng\u00e4ngen kontrollieren, ob sich die Besucher an die Vorgabe halten. Wer trotzdem Glas dabeihat, muss damit rechnen, es abgeben zu m\u00fcssen. Die Stadt hat in ihrer Allgemeinverf\u00fcgung ausdr\u00fccklich die Wegnahme mitgef\u00fchrter Glasbeh\u00e4ltnisse bei Verst\u00f6\u00dfen vorgesehen.<\/p>\n<p class=\"has-light-gray-background-color has-background wp-block-paragraph\"><strong>Auch interessant:<\/strong> <a href=\"https:\/\/www.news38.de\/braunschweig\/article300707101\/braunschweig-wg-381-gastro-aus-news.html\" rel=\"nofollow noopener\" target=\"_blank\">Aus nach rund einem Jahr! Beliebtes Gastro-Projekt in Braunschweig schlie\u00dft<\/a><\/p>\n<p class=\"wp-block-paragraph\">Ganz ohne Ausnahmen geht es allerdings nicht. Getr\u00e4nkelieferanten d\u00fcrfen Glasbeh\u00e4ltnisse weiterhin mitf\u00fchren. Das gilt auch f\u00fcr Anwohner, wenn offensichtlich ist, dass sie diese ausschlie\u00dflich f\u00fcr den h\u00e4uslichen Gebrauch mit nach Hause nehmen.<\/p>\n<p class=\"wp-block-paragraph\">Auf dem Fest selbst m\u00fcssen Besucher deshalb trotzdem nicht auf ihr Getr\u00e4nk verzichten. Die Getr\u00e4nkest\u00e4nde und die Au\u00dfengastronomie im Magniviertel setzen wie bei fr\u00fcheren Festen auf Kunststoffbecher.<\/p>\n<p> Deshalb greift Braunschweig beim Magnifest durch <\/p>\n<p class=\"wp-block-paragraph\">Neu ist die Regel nicht. Bereits 2018 wurde zum Magnifest erstmals ein entsprechendes Glasverbot verh\u00e4ngt. Der Hintergrund ist ziemlich handfest \u2013 beziehungsweise ziemlich scharfkantig. Nach Beobachtungen von Polizei und Stadt wurden Flaschen in der Vergangenheit teilweise auf dem Boden abgestellt, fallengelassen oder bewusst zerschlagen. Bei entsprechend vielen Feiernden verwandelten sich die Hinterlassenschaften schnell in Stolperfallen und Glasscherben.<\/p>\n<p class=\"wp-block-paragraph\">Dabei geht es laut Stadt nicht nur um m\u00f6gliche Schnittverletzungen. In der Vergangenheit wurden auch Fahrzeugreifen besch\u00e4digt, darunter Reifen von Einsatzfahrzeugen. Au\u00dferdem kam es zu K\u00f6rperverletzungsdelikten durch Flaschen- oder Glasw\u00fcrfe. Die Erfahrungen mit dem Verbot fallen nach Angaben der Stadt positiv aus. Einsatzkr\u00e4fte h\u00e4tten berichtet, dass sich das Glasbeh\u00e4ltnisverbot bei fr\u00fcheren Magnifesten bew\u00e4hrt habe.<\/p>\n<p class=\"wp-block-paragraph\">Mehr News:<\/p>\n<p class=\"wp-block-paragraph\">Und noch etwas sollten Besucher wissen, bevor es ins Magniviertel geht: Die Stadt Braunschweig weist zus\u00e4tzlich auf das gesetzliche Verbot zum F\u00fchren von Waffen und Messern bei \u00f6ffentlichen Veranstaltungen hin.<\/p>\n","protected":false},"excerpt":{"rendered":"Am Wochenende wird es im Braunschweiger Magniviertel wieder voll. Wer sich zum Magnifest aufmacht, sollte vor dem Losziehen&hellip;\n","protected":false},"author":2,"featured_media":392167,"comment_status":"","ping_status":"","sticky":false,"template":"","format":"standard","meta":{"footnotes":"","_share_on_mastodon":"0"},"categories":[1850],"tags":[6429,3364,29,548,663,3934,30,13,14,15,1411,12],"class_list":["post-1275435","post","type-post","status-publish","format-standard","has-post-thumbnail","category-braunschweig","tag-braunschweig","tag-de","tag-deutschland","tag-eu","tag-europa","tag-europe","tag-germany","tag-headlines","tag-nachrichten","tag-news","tag-niedersachsen","tag-schlagzeilen"],"share_on_mastodon":{"url":"https:\/\/pubeurope.com\/@de\/117200494699621444","error":""},"_links":{"self":[{"href":"https:\/\/www.europesays.com\/de\/wp-json\/wp\/v2\/posts\/1275435","targetHints":{"allow":["GET"]}}],"collection":[{"href":"https:\/\/www.europesays.com\/de\/wp-json\/wp\/v2\/posts"}],"about":[{"href":"https:\/\/www.europesays.com\/de\/wp-json\/wp\/v2\/types\/post"}],"author":[{"embeddable":true,"href":"https:\/\/www.europesays.com\/de\/wp-json\/wp\/v2\/users\/2"}],"replies":[{"embeddable":true,"href":"https:\/\/www.europesays.com\/de\/wp-json\/wp\/v2\/comments?post=1275435"}],"version-history":[{"count":0,"href":"https:\/\/www.europesays.com\/de\/wp-json\/wp\/v2\/posts\/1275435\/revisions"}],"wp:featuredmedia":[{"embeddable":true,"href":"https:\/\/www.europesays.com\/de\/wp-json\/wp\/v2\/media\/392167"}],"wp:attachment":[{"href":"https:\/\/www.europesays.com\/de\/wp-json\/wp\/v2\/media?parent=1275435"}],"wp:term":[{"taxonomy":"category","embeddable":true,"href":"https:\/\/www.europesays.com\/de\/wp-json\/wp\/v2\/categories?post=1275435"},{"taxonomy":"post_tag","embeddable":true,"href":"https:\/\/www.europesays.com\/de\/wp-json\/wp\/v2\/tags?post=1275435"}],"curies":[{"name":"wp","href":"https:\/\/api.w.org\/{rel}","templated":true}]}}