{"id":1275436,"date":"2026-09-02T08:26:30","date_gmt":"2026-09-02T08:26:30","guid":{"rendered":"https:\/\/www.europesays.com\/de\/1275436\/"},"modified":"2026-09-02T08:26:30","modified_gmt":"2026-09-02T08:26:30","slug":"wegberg-was-der-adac-sieht-bevor-es-ernst-wird","status":"publish","type":"post","link":"https:\/\/www.europesays.com\/de\/1275436\/","title":{"rendered":"Wegberg: Was der ADAC sieht, bevor es ernst wird"},"content":{"rendered":"<p class=\"text_ohne_einzug richtext text-em-55 !leading-serif mx-6 desktop:mx-0\"> Auf einem Parkplatz an der Venloer Stra\u00dfe in Wegberg stand sie bis Dienstag: Eine gro\u00dfe gelbe Box mit einem Garagentor. Die Rede ist nicht etwa von einem Pferdetransporter oder einem besonderen Wohnwagen, sondern von der mobilen Pr\u00fcfstation des Allgemeinen Deutschen Automobil-Clubs (ADAC), in der Kraftfahrzeugmeister Olaf Steinh\u00e4user und Automechaniker Tomas Mojescik die Verkehrssicherheit von Fahrzeugen pr\u00fcfen.<\/p>\n<p class=\"richtext text-em-55 !leading-serif mx-6 desktop:mx-0\">In dieser besonderen Station konnten von Donnerstag bis Dienstag Wegberger ihr Fahrzeug auf Herz und Nieren pr\u00fcfen lassen: Bei der kostenlosen Pr\u00fcfung des <a href=\"https:\/\/rp-online.de\/thema\/adac\/\" rel=\"nofollow noopener\" target=\"_blank\">ADAC<\/a>, so die Experten, werden Bremswirkung, die Funktion der Au\u00dfenbeleuchtung und die Sto\u00dfd\u00e4mpferwirkung gecheckt. In den Sommermonaten, zwischen Juni und August, gebe es au\u00dferdem noch \u201eUrlaubschecks\u201c, mit denen die Experten \u00fcberpr\u00fcfen, ob Fahrzeuge urlaubsgeeignet sind.<\/p>\n<p class=\"richtext text-em-55 !leading-serif mx-6 desktop:mx-0\">In den hei\u00dfen Monaten, da waren sie sich einig, seien h\u00e4ufig Klimaanlagen ein Problem: \u201eIm M\u00e4rz oder April merken die Menschen dann, dass ihre Klimaanlage nicht mehr richtig k\u00fchlt\u201c, so Mojescik. H\u00e4ufig fehle K\u00e4ltemittel, von dem jedes Auto jedes Jahr auf nat\u00fcrliche Weise zwischen f\u00fcnf und zehn Prozent verliert. Ein weiteres Problem im <a href=\"https:\/\/rp-online.de\/thema\/sommer\/\" rel=\"nofollow noopener\" target=\"_blank\">Sommer<\/a> sei der Verlust von K\u00fchlmittel, ohne das der Motor gerade in den hei\u00dfen Sommermonaten schnell \u00fcberhitzen kann. \u201eEs gucken relativ wenige Menschen unter ihre eigene Haube\u201c, erkl\u00e4rte Tomas Mojescik. \u201eWir gucken immer noch mit einem anderen Auge drauf\u201c, so der Automechaniker.<\/p>\n<p class=\"richtext text-em-55 !leading-serif mx-6 desktop:mx-0\">Auch in Wegberg habe es, so die Experten, ein paar auff\u00e4llige Wagen gegeben: Die auff\u00e4lligste Geschichte sei ein Auto mit einer gebrochenen Feder gewesen \u2013 das Messger\u00e4t, so Steinh\u00e4user, zeige in solchen F\u00e4llen h\u00e4ufig eine einwandfreie Sto\u00dfd\u00e4mpferwirkung an, nur durch eine Sichtpr\u00fcfung konnte der Federbruch festgestellt werden. Dieser Defekt, so Steinh\u00e4user, sei gef\u00e4hrlich, da die scharfen Federendst\u00fccke, so der Kraftfahrzeugmeister, sich zum Beispiel an den Reifen ann\u00e4hern und diesen unter Umst\u00e4nden w\u00e4hrend der Fahrt kaputtmachen k\u00f6nnen. Am gleichen Auto, so Mojescik, habe man zudem eine einseitige Bremswirkung, eine verschlissene Feststellbremse und schlechte Bremsfl\u00fcssigkeit festgestellt \u2013 der Besuch in der Pr\u00fcfstation kam f\u00fcr den Kunden also gerade rechtzeitig.<\/p>\n<p class=\"richtext text-em-55 !leading-serif mx-6 desktop:mx-0\">Solche F\u00e4lle seien kein Einzelfall, merkten die beiden Profis an, viele Menschen gehen mit Ablauf der Fahrzeuggarantie nicht mehr regelm\u00e4\u00dfig zur Inspektion, Nachl\u00e4ssigkeit erkennen der Kraftfahrzeugmeister und der Automechaniker sofort: \u201eDie Leute, die keine Inspektion machen, kommen eher zu uns, wenn der Wagen schon Ger\u00e4usche macht\u201c, betonte Tomas Mojescik. Dann k\u00f6nne es schon h\u00e4ufig zu sp\u00e4t sein, so der Automechaniker weiter.<\/p>\n<p class=\"richtext text-em-55 !leading-serif mx-6 desktop:mx-0\">Je nach Jahreszeit sehen die Checks des ADAC unterschiedlich aus: Im Winter stehen Reifen und Bremsen im Vordergrund, im Sommer m\u00fcsse das Auto bei Familien besonders f\u00fcr lange Fahrten Richtung Sonne fit gemacht werden. Deswegen kommen einige ihrer Kunden regelm\u00e4\u00dfig zur Pr\u00fcfstation: \u201eMan muss ja auch nicht immer das Gleiche machen lassen\u201c, so die Experten. Wenn bei Messungen, die in der kostenfreien Pr\u00fcfung enthalten sind, schon auff\u00e4llige Werte dabei sind, f\u00fchre f\u00fcr viele ihrer Kunden kein Weg an der Werkstatt vorbei: Damit sorgen Steinh\u00e4user und Mojescik daf\u00fcr, dass Autofahrer sicher in den Urlaub kommen.<\/p>\n<p class=\"richtext text-em-55 !leading-serif mx-6 desktop:mx-0\">Bei ihnen, so Steinh\u00e4user, liege der Fokus auch nicht darauf, Ersatzteile zu verkaufen: \u201eWir bieten hier eine neutrale Pr\u00fcfung an, sonst verkaufen wir hier nichts\u201c, so der Experte, der seit vielen Jahren in der mobilen Werkstatt unterwegs ist. Die Kombination aus Fachwissen und neutralem Blick macht die mobile Pr\u00fcfstation f\u00fcr viele Autofahrer interessant, f\u00fcr sie ist der Sicherheitscheck damit mehr als nur eine fl\u00fcchtige Pr\u00fcfung des eigenen Fahrzeugs: Der Blick der Experten kann den entscheidenden Unterschied machen, bevor kleine Probleme zu einem echten Sicherheitsrisiko werden.<\/p>\n","protected":false},"excerpt":{"rendered":"Auf einem Parkplatz an der Venloer Stra\u00dfe in Wegberg stand sie bis Dienstag: Eine gro\u00dfe gelbe Box mit&hellip;\n","protected":false},"author":2,"featured_media":1275437,"comment_status":"","ping_status":"","sticky":false,"template":"","format":"standard","meta":{"footnotes":"","_share_on_mastodon":"0"},"categories":[1849],"tags":[4074,513,6175,263228,3364,29,548,663,3934,41541,30,13,29704,263227,4455,14,15,1209,55749,112998,2640,12,263229,11291,133196,150773,39781],"class_list":["post-1275436","post","type-post","status-publish","format-standard","has-post-thumbnail","category-moenchengladbach","tag-adac","tag-auto","tag-autofahrer","tag-automechaniker","tag-de","tag-deutschland","tag-eu","tag-europa","tag-europe","tag-experte","tag-germany","tag-headlines","tag-kfz","tag-mojescik","tag-moenchengladbach","tag-nachrichten","tag-news","tag-nordrhein-westfalen","tag-pruefen","tag-pruefstation","tag-pruefung","tag-schlagzeilen","tag-sichtpruefung","tag-station","tag-steinhaeuser","tag-ueberpruefen","tag-wegberg"],"share_on_mastodon":{"url":"","error":""},"_links":{"self":[{"href":"https:\/\/www.europesays.com\/de\/wp-json\/wp\/v2\/posts\/1275436","targetHints":{"allow":["GET"]}}],"collection":[{"href":"https:\/\/www.europesays.com\/de\/wp-json\/wp\/v2\/posts"}],"about":[{"href":"https:\/\/www.europesays.com\/de\/wp-json\/wp\/v2\/types\/post"}],"author":[{"embeddable":true,"href":"https:\/\/www.europesays.com\/de\/wp-json\/wp\/v2\/users\/2"}],"replies":[{"embeddable":true,"href":"https:\/\/www.europesays.com\/de\/wp-json\/wp\/v2\/comments?post=1275436"}],"version-history":[{"count":0,"href":"https:\/\/www.europesays.com\/de\/wp-json\/wp\/v2\/posts\/1275436\/revisions"}],"wp:featuredmedia":[{"embeddable":true,"href":"https:\/\/www.europesays.com\/de\/wp-json\/wp\/v2\/media\/1275437"}],"wp:attachment":[{"href":"https:\/\/www.europesays.com\/de\/wp-json\/wp\/v2\/media?parent=1275436"}],"wp:term":[{"taxonomy":"category","embeddable":true,"href":"https:\/\/www.europesays.com\/de\/wp-json\/wp\/v2\/categories?post=1275436"},{"taxonomy":"post_tag","embeddable":true,"href":"https:\/\/www.europesays.com\/de\/wp-json\/wp\/v2\/tags?post=1275436"}],"curies":[{"name":"wp","href":"https:\/\/api.w.org\/{rel}","templated":true}]}}