{"id":1275438,"date":"2026-09-02T08:28:18","date_gmt":"2026-09-02T08:28:18","guid":{"rendered":"https:\/\/www.europesays.com\/de\/1275438\/"},"modified":"2026-09-02T08:28:18","modified_gmt":"2026-09-02T08:28:18","slug":"neues-bauhaus-fachcentrum-in-gelsenkirchen-geht-in-die-einrichtungsphase","status":"publish","type":"post","link":"https:\/\/www.europesays.com\/de\/1275438\/","title":{"rendered":"Neues BAUHAUS Fachcentrum in Gelsenkirchen geht in die Einrichtungsphase"},"content":{"rendered":"<p class=\"date\">02.09.2026 \u2013 10:00<\/p>\n<p class=\"customer\">\n                        <a class=\"story-customer\" title=\"weiter zum newsroom von Bauhaus AG\" href=\"https:\/\/www.presseportal.de\/nr\/63981\" rel=\"nofollow noopener\" target=\"_blank\">Bauhaus AG<\/a>\n                    <\/p>\n<p><a class=\"glightbox-pseudo event-trigger\" href=\"https:\/\/cache.pressmailing.net\/thumbnail\/story_hires\/d0423b54-7c8e-430e-8099-677996687d66\/BAUHAUS%20Gelsenkirche~tungsstory%20(7).jpeg.jpg\" data-description=\"Das neue BAUHAUS Fachcentrum in Gelsenkirchen. Quelle: Manuel L\u00f6hmann\/BAUHAUS AG.\" data-category=\"medialightbox\" data-action=\"click\" data-label=\"single\" data-value=\"6a97d7a4270000fd2cc388fd\" rel=\"nofollow noopener\" target=\"_blank\"><img decoding=\"async\" height=\"540\" with=\"720\" src=\"https:\/\/www.europesays.com\/de\/wp-content\/uploads\/2026\/09\/neues-bauhaus-fachcentrum-in-gelsenkirchen-geht-in-die-einrichtungsphase.jpeg\"   alt=\"Neues BAUHAUS Fachcentrum in Gelsenkirchen geht in die Einrichtungsphase\" class=\"single\"\/><\/a><\/p>\n<p class=\"story-download-headline\">Ein Dokument<\/p>\n<ul class=\"story-download-list\">\n<li class=\"story-download-list-item\"><a href=\"https:\/\/www.presseportal.de\/download\/document\/6a97d7a7270000fd2cc3893b-26-09-02-pi-ne-bauh-nrichtungsstory.pdf\" rel=\"nofollow noopener\" target=\"_blank\">26-09-02_PI_NE\u00d6 BAUH~nrichtungsstory.pdf<br \/>PDF &#8211; 166 kB<\/a><\/li>\n<\/ul>\n<p>Neuer\u00f6ffnung nach Umbauphase:<\/p>\n<p><b>Neues BAUHAUS Fachcentrum in Gelsenkirchen geht in die Einrichtungsphase <\/b><\/p>\n<p><b>Mannheim \/ Gelsenkirchen, 02.09.2026.<\/b><b> BAUHAUS, der Spezialist f\u00fcr Werkstatt, Haus und Garten, er\u00f6ffnet Ende September ein neues Fachcentrum in Gelsenkirchen und kehrt damit nach rund 20 Jahren in die Stadt zur\u00fcck. In der Grothusstra\u00dfe 22 wird derzeit eine bestehende Gewerbeimmobilie umfassend modernisiert. Auf mehr als 13.000 Quadratmetern entsteht dort ein zeitgem\u00e4\u00dfes Fachcentrum. Zuvor betrieb BAUHAUS in Gelsenkirchen ein rund 3.000 Quadratmeter gro\u00dfes Haus, das 1991 er\u00f6ffnet und 2007 geschlossen wurde.<\/b><\/p>\n<p>Derzeit befindet sich der Standort in der Einrichtungsphase. Ab dem 24. September 2026 k\u00f6nnen Kunden das umfangreiche BAUHAUS Sortiment nutzen. Mit 15 Fachabteilungen und mehr als 50.000 Produkten vor Ort sowie insgesamt 160.000 Qualit\u00e4tsprodukten \u00fcber den BAUHAUS Onlineshop bietet das neue Fachcentrum eine gro\u00dfe Auswahl f\u00fcr jedes Vorhaben rund um Werkstatt, Haus und Garten. Mehr als 50 Mitarbeiter, darunter \u00fcber 30 Fachberater sowie zwei Auszubildende, stehen k\u00fcnftig f\u00fcr Serviceleistungen und Fragen zur Verf\u00fcgung. <\/p>\n<p>Mit dem PROFI DEPOT und zwei Gro\u00dfkundenfachberatern liegt ein besonderer Fokus auf dem Angebot f\u00fcr Gewerbekunden. Das PROFI DEPOT b\u00fcndelt alle Services, Konditionen und Strukturen, die BAUHAUS f\u00fcr gewerbliche Kunden entwickelt hat \u2013 von individueller Projektbetreuung \u00fcber Gro\u00dfmengenpreise mit R\u00fcckverg\u00fctung bis hin zu komfortablen Liefer\u2011 und Abholservices. Damit wird das neue Fachcentrum zu einem leistungsstarken Standort f\u00fcr professionelle Anwender im Ruhrgebiet.<\/p>\n<p>Im rund 3.200 Quadratmeter gro\u00dfen Stadtgarten finden Garten\u2011 und Balkonbesitzer alles von M\u00f6beln \u00fcber Gartenger\u00e4te und Pflanzen bis hin zu Gasgrills. Eine Abholstation f\u00fcr vorab bestellte Produkte sowie ein Gasflaschentauschautomat erh\u00f6hen die Serviceorientierung und erm\u00f6glichen eine zeitlich unabh\u00e4ngige Nutzung.<\/p>\n<p> \u201eWir sind sehr stolz auf das neue BAUHAUS Fachcentrum in Gelsenkirchen. Nach fast 20 Jahren ist es sch\u00f6n, in die Stadt zur\u00fcckzukehren und Ende September ein weiteres modernes Fachcentrum im Ruhrgebiet zu er\u00f6ffnen. Wir freuen uns darauf, unsere Kunden aus der Region begr\u00fc\u00dfen zu d\u00fcrfen\u201c, sagt Markus van Osenbr\u00fcggen, zuk\u00fcnftiger Gesch\u00e4ftsleiter BAUHAUS Gelsenkirchen.<\/p>\n<p><b>Viel Platz f\u00fcr gro\u00dfe Ideen <\/b><\/p>\n<p>Seit der \u00dcbernahme des Standorts Anfang Juni hat sich viel getan: Rund 50 LKWs mit mehr als 1.000 Paletten bringen t\u00e4glich Baumaterial, Regalbauteile und k\u00fcnftige Verkaufsware nach Gelsenkirchen. Ein 20\u2011k\u00f6pfiges Team verbaut derzeit Regale im Wert von \u00fcber einer Million Euro mit einer Gesamtl\u00e4nge von rund 3,5 Kilometern. Diese Distanz entspricht mehr als der doppelten Au\u00dfenumrundung der Veltins\u2011Arena. Zudem wird das gesamte Gel\u00e4nde auf energiesparende LED\u2011Beleuchtung umgestellt.<\/p>\n<p>Der neue Standort bietet eine sehr gute Erreichbarkeit. Von der A42 kommend ist das Fachcentrum \u00fcber die Ausfahrt 16 Richtung Gelsenkirchen\u2011Zentrum optimal angebunden. Vor Ort stehen mehr als 230 PKW\u2011Stellpl\u00e4tze sowie vier E\u2011Lades\u00e4ulen mit 8 Ladepunkten des bundesweiten Infrastrukturpartners EnBW zur Verf\u00fcgung, die ein komfortables Laden w\u00e4hrend des Einkaufs erm\u00f6glichen. Ein \u00fcber 500 Quadratmeter gro\u00dfes Vordach \u2013 gro\u00df genug f\u00fcr sechs Reihenh\u00e4user \u2013 sch\u00fctzt die Kundenladezone vor Witterung und sorgt f\u00fcr eine angenehmere Verladung der Eink\u00e4ufe.<\/p>\n<p><b>BAUHAUS \u2013 Der Spezialist f\u00fcr Werkstatt, Haus und Garten <\/b><\/p>\n<p>Bereits 1960 brachte BAUHAUS eine neue Idee nach Deutschland: Markenprodukte verschiedenster Fachsortimente in Selbstbedienung, angeboten unter einem Dach. Nach diesem erfolgreichen Konzept sind in Deutschland mehr als 160 Fachcentren entstanden. Europaweit ist BAUHAUS in 19 L\u00e4ndern \u00fcber 290 Mal vertreten. Jedes der Fachcentren ist in 15 Fachabteilungen untergliedert. Seinem Grundkonzept \u2013 Fachhandelsqualit\u00e4t und Produktvielfalt zu besten Preisen \u2013 ist BAUHAUS bis heute treu geblieben und hat dieses kontinuierlich weiterentwickelt.<\/p>\n<p><b>Disclaimer<\/b><\/p>\n<p>BAUHAUS verzichtet auf eine geschlechtsspezifische Schreibweise und verwendet ausschlie\u00dflich zum Zweck der besseren Lesbarkeit das generische Maskulinum. Personenbezogene Bezeichnungen und Begriffe gelten im Sinne der Gleichbehandlung f\u00fcr alle Geschlechter.<\/p>\n<p><b>Ansprechpartner f\u00fcr die Presse: Manuel L\u00f6hmann<\/b><br \/>\nBAUHAUS AG<br \/>\nService Center Deutschland<br \/>\nGutenbergstr. 21<br \/>\nD-68167 Mannheim<br \/>\nTel.   0621 \/ 3905-0<br \/>\nFax.  0621 \/ 3905-118<br \/>\nE-Mail:  <a target=\"_blank\" class=\"uri-ext outbound\" rel=\"noopener nofollow\" href=\"https:\/\/www.presseportal.de\/pm\/63981\/mailto:presse@bauhaus-ag.de\">presse@bauhaus-ag.de<\/a>  <\/p>\n","protected":false},"excerpt":{"rendered":"02.09.2026 \u2013 10:00 Bauhaus AG Ein Dokument 26-09-02_PI_NE\u00d6 BAUH~nrichtungsstory.pdfPDF &#8211; 166 kB Neuer\u00f6ffnung nach Umbauphase: Neues BAUHAUS Fachcentrum&hellip;\n","protected":false},"author":2,"featured_media":1275439,"comment_status":"","ping_status":"","sticky":false,"template":"","format":"standard","meta":{"footnotes":"","_share_on_mastodon":"0"},"categories":[1848],"tags":[3477,3364,29,548,663,3934,3658,30,13,14,15,1209,178,180,179,181,12],"class_list":["post-1275438","post","type-post","status-publish","format-standard","has-post-thumbnail","category-gelsenkirchen","tag-bild","tag-de","tag-deutschland","tag-eu","tag-europa","tag-europe","tag-gelsenkirchen","tag-germany","tag-headlines","tag-nachrichten","tag-news","tag-nordrhein-westfalen","tag-presse","tag-pressemeldung","tag-pressemitteilung","tag-pressemitteilungen","tag-schlagzeilen"],"share_on_mastodon":{"url":"https:\/\/pubeurope.com\/@de\/117200508612824142","error":""},"_links":{"self":[{"href":"https:\/\/www.europesays.com\/de\/wp-json\/wp\/v2\/posts\/1275438","targetHints":{"allow":["GET"]}}],"collection":[{"href":"https:\/\/www.europesays.com\/de\/wp-json\/wp\/v2\/posts"}],"about":[{"href":"https:\/\/www.europesays.com\/de\/wp-json\/wp\/v2\/types\/post"}],"author":[{"embeddable":true,"href":"https:\/\/www.europesays.com\/de\/wp-json\/wp\/v2\/users\/2"}],"replies":[{"embeddable":true,"href":"https:\/\/www.europesays.com\/de\/wp-json\/wp\/v2\/comments?post=1275438"}],"version-history":[{"count":0,"href":"https:\/\/www.europesays.com\/de\/wp-json\/wp\/v2\/posts\/1275438\/revisions"}],"wp:featuredmedia":[{"embeddable":true,"href":"https:\/\/www.europesays.com\/de\/wp-json\/wp\/v2\/media\/1275439"}],"wp:attachment":[{"href":"https:\/\/www.europesays.com\/de\/wp-json\/wp\/v2\/media?parent=1275438"}],"wp:term":[{"taxonomy":"category","embeddable":true,"href":"https:\/\/www.europesays.com\/de\/wp-json\/wp\/v2\/categories?post=1275438"},{"taxonomy":"post_tag","embeddable":true,"href":"https:\/\/www.europesays.com\/de\/wp-json\/wp\/v2\/tags?post=1275438"}],"curies":[{"name":"wp","href":"https:\/\/api.w.org\/{rel}","templated":true}]}}