{"id":1275441,"date":"2026-09-02T08:30:14","date_gmt":"2026-09-02T08:30:14","guid":{"rendered":"https:\/\/www.europesays.com\/de\/1275441\/"},"modified":"2026-09-02T08:30:14","modified_gmt":"2026-09-02T08:30:14","slug":"explosion-in-augsburg-zwei-verletzte-bahnhof-wird-geraeumt","status":"publish","type":"post","link":"https:\/\/www.europesays.com\/de\/1275441\/","title":{"rendered":"Explosion in Augsburg: Zwei Verletzte, Bahnhof wird ger\u00e4umt"},"content":{"rendered":"<p>Nach dem Fund eines verd\u00e4chtigen Gegenstands am Augsburger Hauptbahnhof hat die Polizei den Bahnhof gegen 8.30 Uhr ger\u00e4umt und abgesperrt. Der Zugverkehr wurde vorerst eingestellt, auch im Bus- und Stra\u00dfenbahnverkehr kommt es zu erheblichen Einschr\u00e4nkungen. Der Gegenstand wird aktuell untersucht. Ob von ihm eine Gefahr ausgeht oder ob ein Zusammenhang mit der Explosion besteht, ist bislang unklar.<\/p>\n<p>Explosion am Morgen<\/p>\n<p>Zuvor hatte es gegen 3.15 Uhr im Bereich der Bahnhofstra\u00dfe eine Explosion gegeben. Dabei wurden eine 17-J\u00e4hrige und ein 18-J\u00e4hriger leicht verletzt. Beide erlitten ein Knalltrauma. Zudem wurden Fensterscheiben besch\u00e4digt. Die Polizei ist mit zahlreichen Einsatzkr\u00e4ften vor Ort und hat gemeinsam mit Spezialisten des Bayerischen Landeskriminalamts die Ermittlungen aufgenommen.  Zu den Hintergr\u00fcnden und zur Ursache der Explosion gibt es derzeit noch keine gesicherten Erkenntnisse. Die Ermittlungen der Kriminalpolizei laufen auf Hochtouren. Die Bev\u00f6lkerung wird gebeten, den Bereich rund um den Hauptbahnhof weitr\u00e4umig zu meiden. Z\u00fcge von und nach Augsburg k\u00f6nnen aktuell nicht fahren.<\/p>\n<p>B\u00fcrger sollen Bereich um Hauptbahnhof meiden<\/p>\n<p>Wegen des laufenden Einsatzes kommt es zu erheblichen Einschr\u00e4nkungen im Stra\u00dfenverkehr sowie im \u00f6ffentlichen Nahverkehr. Die Polizei warnt vor gr\u00f6\u00dferen Verz\u00f6gerungen im Bahn-, Bus- und Stra\u00dfenbahnverkehr in und um Augsburg.<\/p>\n<p>Eine Pressestelle vor Ort soll eingerichtet werden, um \u00fcber neue Erkenntnisse zu informieren. Die Polizei bittet B\u00fcrgerinnen und B\u00fcrger, den Bereich rund um den Hauptbahnhof nach M\u00f6glichkeit zu meiden und den Anweisungen der Einsatzkr\u00e4fte Folge zu leisten.<\/p>\n","protected":false},"excerpt":{"rendered":"Nach dem Fund eines verd\u00e4chtigen Gegenstands am Augsburger Hauptbahnhof hat die Polizei den Bahnhof gegen 8.30 Uhr ger\u00e4umt&hellip;\n","protected":false},"author":2,"featured_media":1275442,"comment_status":"","ping_status":"","sticky":false,"template":"","format":"standard","meta":{"footnotes":"","_share_on_mastodon":"0"},"categories":[1846],"tags":[680,772,3364,29,548,663,3934,2805,30,263210,13,14,15,5112,4908,12,7727],"class_list":["post-1275441","post","type-post","status-publish","format-standard","has-post-thumbnail","category-augsburg","tag-augsburg","tag-bayern","tag-de","tag-deutschland","tag-eu","tag-europa","tag-europe","tag-explosion","tag-germany","tag-hauptbahnhof-augsburg","tag-headlines","tag-nachrichten","tag-news","tag-oepnv","tag-polizeieinsatz","tag-schlagzeilen","tag-schwaben"],"share_on_mastodon":{"url":"https:\/\/pubeurope.com\/@de\/117200514658445055","error":""},"_links":{"self":[{"href":"https:\/\/www.europesays.com\/de\/wp-json\/wp\/v2\/posts\/1275441","targetHints":{"allow":["GET"]}}],"collection":[{"href":"https:\/\/www.europesays.com\/de\/wp-json\/wp\/v2\/posts"}],"about":[{"href":"https:\/\/www.europesays.com\/de\/wp-json\/wp\/v2\/types\/post"}],"author":[{"embeddable":true,"href":"https:\/\/www.europesays.com\/de\/wp-json\/wp\/v2\/users\/2"}],"replies":[{"embeddable":true,"href":"https:\/\/www.europesays.com\/de\/wp-json\/wp\/v2\/comments?post=1275441"}],"version-history":[{"count":0,"href":"https:\/\/www.europesays.com\/de\/wp-json\/wp\/v2\/posts\/1275441\/revisions"}],"wp:featuredmedia":[{"embeddable":true,"href":"https:\/\/www.europesays.com\/de\/wp-json\/wp\/v2\/media\/1275442"}],"wp:attachment":[{"href":"https:\/\/www.europesays.com\/de\/wp-json\/wp\/v2\/media?parent=1275441"}],"wp:term":[{"taxonomy":"category","embeddable":true,"href":"https:\/\/www.europesays.com\/de\/wp-json\/wp\/v2\/categories?post=1275441"},{"taxonomy":"post_tag","embeddable":true,"href":"https:\/\/www.europesays.com\/de\/wp-json\/wp\/v2\/tags?post=1275441"}],"curies":[{"name":"wp","href":"https:\/\/api.w.org\/{rel}","templated":true}]}}